{"id":2756,"date":"2017-09-29T10:14:05","date_gmt":"2017-09-29T15:14:05","guid":{"rendered":"http:\/\/tvalaire.com\/?p=2756"},"modified":"2017-09-29T10:14:05","modified_gmt":"2017-09-29T15:14:05","slug":"dona-cabildo-predio-a-favor-de-emergencia-radio-auxilio-voluntario-a-c","status":"publish","type":"post","link":"http:\/\/tvalaire.com\/?p=2756","title":{"rendered":"DONA CABILDO PREDIO A FAVOR DE EMERGENCIA RADIO AUXILIO VOLUNTARIO A.C."},"content":{"rendered":"<p class=\"xmsonormal\" style=\"text-align: justify; background: white; font-variant-ligatures: normal; font-variant-caps: normal; orphans: 2; widows: 2; -webkit-text-stroke-width: 0px; text-decoration-style: initial; text-decoration-color: initial; word-spacing: 0px;\"><span style=\"font-family: 'Arial','sans-serif'; color: #212121;\">El Alcalde a nombre del Ayuntamiento y de la poblaci\u00f3n de La Piedad, agradeci\u00f3 a Radio Auxilio Voluntario por la labor y el servicio que ofrecen, pues dijo ellos han dado muestra de c\u00f3mo se pueden hacer las cosas bien con la muestra que dieron al ser solidarios con la situaci\u00f3n que se vivi\u00f3 en nuestro pa\u00eds.<\/span><\/p>\n<p class=\"xmsonormal\" style=\"text-align: justify; background: white; font-variant-ligatures: normal; font-variant-caps: normal; orphans: 2; widows: 2; -webkit-text-stroke-width: 0px; text-decoration-style: initial; text-decoration-color: initial; word-spacing: 0px;\"><span style=\"font-family: 'Arial','sans-serif'; color: #212121;\">Durante sesi\u00f3n de Cabildo en la que por unanimidad de votos los integrantes aprobaron el dictamen que present\u00f3 la Comisi\u00f3n de Hacienda, Financiamiento y Patrimonio en relaci\u00f3n a la solicitud que hizo el comandante Zeus Rueda R\u00edos, para la donaci\u00f3n de un predio a favor de Emergencia Radio Auxilio Voluntario A.C.<\/span><\/p>\n<p class=\"xmsonormal\" style=\"text-align: justify; background: white; font-variant-ligatures: normal; font-variant-caps: normal; orphans: 2; widows: 2; -webkit-text-stroke-width: 0px; text-decoration-style: initial; text-decoration-color: initial; word-spacing: 0px;\"><span style=\"font-family: 'Arial','sans-serif'; color: #212121;\">El terreno se ubica en el rancho Los Moreno, en donde los integrantes de la corporaci\u00f3n podr\u00e1n hacer uso de \u00e9l.<\/span><\/p>\n<p class=\"xmsonormal\" style=\"text-align: justify; background: white; font-variant-ligatures: normal; font-variant-caps: normal; orphans: 2; widows: 2; -webkit-text-stroke-width: 0px; text-decoration-style: initial; text-decoration-color: initial; word-spacing: 0px;\"><span style=\"font-family: 'Arial','sans-serif'; color: #212121;\">La autorizaci\u00f3n para la donaci\u00f3n del terreno fue aplaudida y reconocida por el comandante Zeus Rueda R\u00edos e integrantes de la corporaci\u00f3n quienes estuvieron presentes en la sesi\u00f3n de Ayuntamiento.<\/span><\/p>\n<p class=\"xmsonormal\" style=\"text-align: justify; background: white; font-variant-ligatures: normal; font-variant-caps: normal; orphans: 2; widows: 2; -webkit-text-stroke-width: 0px; text-decoration-style: initial; text-decoration-color: initial; word-spacing: 0px;\"><span style=\"font-family: 'Arial','sans-serif'; color: #212121;\">A decir del S\u00edndico, la corporaci\u00f3n con gran presencia en La Piedad, cuenta con m\u00e1s de 40 a\u00f1os de permanencia, durante los cuales han tenido que ir y venir de un lugar a otro por falta de un espacio para desarrollar la labor que realizan y de la cual, integrantes del Cabildo encabezadas por el Alcalde les reconocieron.<\/span><\/p>\n<p class=\"xmsonormal\" style=\"text-align: justify; background: white; font-variant-ligatures: normal; font-variant-caps: normal; orphans: 2; widows: 2; -webkit-text-stroke-width: 0px; text-decoration-style: initial; text-decoration-color: initial; word-spacing: 0px;\"><span style=\"font-family: 'Arial','sans-serif'; color: #212121;\">M\u00e1s a\u00fan por la funci\u00f3n social, que -expuso el mun\u00edcipe-, realizan y que fue demostrada con la apertura del primer centro de acopio para ayudar a los damnificados por el sismo que impacto a estados como Oaxaca y que en la salida del tr\u00e1iler con la ayuda, demostraron tambi\u00e9n su servicio en favor de quienes requieren de su apoyo, cuando en el trayecto ocurri\u00f3 lo del sismo del 19 de septiembre en M\u00e9xico e hicieron una escala para sumarse a las acciones de rescate y salvamento de una familia en la colonia Roma en la ciudad de M\u00e9xico.<\/span><\/p>\n<p class=\"xmsonormal\" style=\"text-align: justify; background: white; font-variant-ligatures: normal; font-variant-caps: normal; orphans: 2; widows: 2; -webkit-text-stroke-width: 0px; text-decoration-style: initial; text-decoration-color: initial; word-spacing: 0px;\"><span style=\"font-family: 'Arial','sans-serif'; color: #212121;\">\u00a0\u201cEs una pena que otros por su actuar, reciban el repudio de la gente. Ustedes tienen el respeto y siempre buscaremos la forma de ayudarlos ya sea institucionalmente o a t\u00edtulo personal\u201d, expres\u00f3 el S\u00edndico.<\/span><\/p>\n<p class=\"xmsonormal\" style=\"text-align: justify; background: white; font-variant-ligatures: normal; font-variant-caps: normal; orphans: 2; widows: 2; -webkit-text-stroke-width: 0px; text-decoration-style: initial; text-decoration-color: initial; word-spacing: 0px;\"><span style=\"font-family: 'Arial','sans-serif'; color: #212121;\">\u201cEstoy agradecido con todos ustedes, porque esto (la donaci\u00f3n del terreno), ser\u00e1 algo en beneficio de la sociedad, porque tenemos muchos proyectos\u201d: as\u00ed finaliz\u00f3 el comandante Zeus Rueda.<\/span><\/p>\n","protected":false},"excerpt":{"rendered":"<p>El Alcalde a nombre del Ayuntamiento y de la poblaci\u00f3n de La Piedad, agradeci\u00f3 a&#8230;<\/p>\n","protected":false},"author":1,"featured_media":2757,"comment_status":"open","ping_status":"open","sticky":false,"template":"","format":"standard","meta":{"jetpack_post_was_ever_published":false,"_jetpack_newsletter_access":"","_jetpack_dont_email_post_to_subs":false,"_jetpack_newsletter_tier_id":0,"_jetpack_memberships_contains_paywalled_content":false,"_jetpack_memberships_contains_paid_content":false,"footnotes":"","jetpack_publicize_message":"","jetpack_publicize_feature_enabled":true,"jetpack_social_post_already_shared":false,"jetpack_social_options":{"image_generator_settings":{"template":"highway","enabled":false},"version":2}},"categories":[1],"tags":[15,36],"class_list":["post-2756","post","type-post","status-publish","format-standard","has-post-thumbnail","hentry","category-la-piedad","tag-la-piedad","tag-principales"],"jetpack_publicize_connections":[],"jetpack_sharing_enabled":true,"featured_image_urls":{"full":["http:\/\/tvalaire.com\/wp-content\/uploads\/2017\/09\/DONA-CABILDO-PREDIO-A-FAVOR-DE-EMERGENCIA-RADIO-AUXILIO-VOLUNTARIO-A.C..jpg",1024,683,false],"thumbnail":["http:\/\/tvalaire.com\/wp-content\/uploads\/2017\/09\/DONA-CABILDO-PREDIO-A-FAVOR-DE-EMERGENCIA-RADIO-AUXILIO-VOLUNTARIO-A.C.-150x150.jpg",150,150,true],"medium":["http:\/\/tvalaire.com\/wp-content\/uploads\/2017\/09\/DONA-CABILDO-PREDIO-A-FAVOR-DE-EMERGENCIA-RADIO-AUXILIO-VOLUNTARIO-A.C.-300x200.jpg",300,200,true],"medium_large":["http:\/\/tvalaire.com\/wp-content\/uploads\/2017\/09\/DONA-CABILDO-PREDIO-A-FAVOR-DE-EMERGENCIA-RADIO-AUXILIO-VOLUNTARIO-A.C.-768x512.jpg",640,427,true],"large":["http:\/\/tvalaire.com\/wp-content\/uploads\/2017\/09\/DONA-CABILDO-PREDIO-A-FAVOR-DE-EMERGENCIA-RADIO-AUXILIO-VOLUNTARIO-A.C.-1024x683.jpg",640,427,true],"post-slider-thumb-size":["http:\/\/tvalaire.com\/wp-content\/uploads\/2017\/09\/DONA-CABILDO-PREDIO-A-FAVOR-DE-EMERGENCIA-RADIO-AUXILIO-VOLUNTARIO-A.C..jpg",285,190,false],"post-category-slider-size":["http:\/\/tvalaire.com\/wp-content\/uploads\/2017\/09\/DONA-CABILDO-PREDIO-A-FAVOR-DE-EMERGENCIA-RADIO-AUXILIO-VOLUNTARIO-A.C..jpg",330,220,false],"1536x1536":["http:\/\/tvalaire.com\/wp-content\/uploads\/2017\/09\/DONA-CABILDO-PREDIO-A-FAVOR-DE-EMERGENCIA-RADIO-AUXILIO-VOLUNTARIO-A.C..jpg",1024,683,false],"2048x2048":["http:\/\/tvalaire.com\/wp-content\/uploads\/2017\/09\/DONA-CABILDO-PREDIO-A-FAVOR-DE-EMERGENCIA-RADIO-AUXILIO-VOLUNTARIO-A.C..jpg",1024,683,false],"newsium-slider-full":["http:\/\/tvalaire.com\/wp-content\/uploads\/2017\/09\/DONA-CABILDO-PREDIO-A-FAVOR-DE-EMERGENCIA-RADIO-AUXILIO-VOLUNTARIO-A.C..jpg",1024,683,false],"newsium-featured":["http:\/\/tvalaire.com\/wp-content\/uploads\/2017\/09\/DONA-CABILDO-PREDIO-A-FAVOR-DE-EMERGENCIA-RADIO-AUXILIO-VOLUNTARIO-A.C..jpg",1024,683,false],"newsium-medium":["http:\/\/tvalaire.com\/wp-content\/uploads\/2017\/09\/DONA-CABILDO-PREDIO-A-FAVOR-DE-EMERGENCIA-RADIO-AUXILIO-VOLUNTARIO-A.C..jpg",712,475,false]},"author_info":{"info":["tvalairenoti"]},"category_info":"<a href=\"http:\/\/tvalaire.com\/?cat=1\" rel=\"category\">La Piedad<\/a>","tag_info":"La Piedad","comment_count":"0","jetpack_featured_media_url":"http:\/\/tvalaire.com\/wp-content\/uploads\/2017\/09\/DONA-CABILDO-PREDIO-A-FAVOR-DE-EMERGENCIA-RADIO-AUXILIO-VOLUNTARIO-A.C..jpg","_links":{"self":[{"href":"http:\/\/tvalaire.com\/index.php?rest_route=\/wp\/v2\/posts\/2756"}],"collection":[{"href":"http:\/\/tvalaire.com\/index.php?rest_route=\/wp\/v2\/posts"}],"about":[{"href":"http:\/\/tvalaire.com\/index.php?rest_route=\/wp\/v2\/types\/post"}],"author":[{"embeddable":true,"href":"http:\/\/tvalaire.com\/index.php?rest_route=\/wp\/v2\/users\/1"}],"replies":[{"embeddable":true,"href":"http:\/\/tvalaire.com\/index.php?rest_route=%2Fwp%2Fv2%2Fcomments&post=2756"}],"version-history":[{"count":1,"href":"http:\/\/tvalaire.com\/index.php?rest_route=\/wp\/v2\/posts\/2756\/revisions"}],"predecessor-version":[{"id":2758,"href":"http:\/\/tvalaire.com\/index.php?rest_route=\/wp\/v2\/posts\/2756\/revisions\/2758"}],"wp:featuredmedia":[{"embeddable":true,"href":"http:\/\/tvalaire.com\/index.php?rest_route=\/wp\/v2\/media\/2757"}],"wp:attachment":[{"href":"http:\/\/tvalaire.com\/index.php?rest_route=%2Fwp%2Fv2%2Fmedia&parent=2756"}],"wp:term":[{"taxonomy":"category","embeddable":true,"href":"http:\/\/tvalaire.com\/index.php?rest_route=%2Fwp%2Fv2%2Fcategories&post=2756"},{"taxonomy":"post_tag","embeddable":true,"href":"http:\/\/tvalaire.com\/index.php?rest_route=%2Fwp%2Fv2%2Ftags&post=2756"}],"curies":[{"name":"wp","href":"https:\/\/api.w.org\/{rel}","templated":true}]}}