{"id":2753,"date":"2017-09-29T10:13:27","date_gmt":"2017-09-29T15:13:27","guid":{"rendered":"http:\/\/tvalaire.com\/?p=2753"},"modified":"2017-09-29T10:13:27","modified_gmt":"2017-09-29T15:13:27","slug":"autorizo-el-cabildo-recursos-para-programa-de-empleo-temporal","status":"publish","type":"post","link":"http:\/\/tvalaire.com\/?p=2753","title":{"rendered":"AUTORIZ\u00d3 EL CABILDO RECURSOS PARA PROGRAMA DE EMPLEO TEMPORAL"},"content":{"rendered":"<p class=\"xmsonormal\" style=\"text-align: justify; background: white; font-variant-ligatures: normal; font-variant-caps: normal; orphans: 2; widows: 2; -webkit-text-stroke-width: 0px; text-decoration-style: initial; text-decoration-color: initial; word-spacing: 0px;\"><span style=\"font-family: 'Arial','sans-serif'; color: #212121;\">Integrantes del Cabildo autorizaron la solicitud que present\u00f3 el Alcalde a trav\u00e9s del director de Desarrollo Social, para asignar el recurso del ejercicio fiscal 2017 del programa Empleo Temporal que tendr\u00e1 por objeto beneficiar a 70 hogares a trav\u00e9s de la construcci\u00f3n de pisos firmes, con una inversi\u00f3n de\u00a0 467 mil 651 pesos, gestionados ante la Secretar\u00eda de Desarrollo Social (SEDESOL).<\/span><\/p>\n<p class=\"xmsonormal\" style=\"text-align: justify; background: white; font-variant-ligatures: normal; font-variant-caps: normal; orphans: 2; widows: 2; -webkit-text-stroke-width: 0px; text-decoration-style: initial; text-decoration-color: initial; word-spacing: 0px;\"><span style=\"font-family: 'Arial','sans-serif'; color: #212121;\">De acuerdo a la programaci\u00f3n que estableci\u00f3 el director de Desarrollo Social, 34 acciones ser\u00e1n para la zona urbana y el resto se asignar\u00e1n a las comunidades rurales siguientes de las cuales:<\/span><\/p>\n<p class=\"xmsonormal\" style=\"text-align: justify; background: white; font-variant-ligatures: normal; font-variant-caps: normal; orphans: 2; widows: 2; -webkit-text-stroke-width: 0px; text-decoration-style: initial; text-decoration-color: initial; word-spacing: 0px;\"><span style=\"font-family: 'Arial','sans-serif'; color: #212121;\">7 acciones son para la comunidad de Los Guajes;<\/span><\/p>\n<p class=\"xmsonormal\" style=\"text-align: justify; background: white; font-variant-ligatures: normal; font-variant-caps: normal; orphans: 2; widows: 2; -webkit-text-stroke-width: 0px; text-decoration-style: initial; text-decoration-color: initial; word-spacing: 0px;\"><span style=\"font-family: 'Arial','sans-serif'; color: #212121;\">5 en El Algodonal;<\/span><\/p>\n<p class=\"xmsonormal\" style=\"text-align: justify; background: white; font-variant-ligatures: normal; font-variant-caps: normal; orphans: 2; widows: 2; -webkit-text-stroke-width: 0px; text-decoration-style: initial; text-decoration-color: initial; word-spacing: 0px;\"><span style=\"font-family: 'Arial','sans-serif'; color: #212121;\">9 en Paredones;<\/span><\/p>\n<p class=\"xmsonormal\" style=\"text-align: justify; background: white; font-variant-ligatures: normal; font-variant-caps: normal; orphans: 2; widows: 2; -webkit-text-stroke-width: 0px; text-decoration-style: initial; text-decoration-color: initial; word-spacing: 0px;\"><span style=\"font-family: 'Arial','sans-serif'; color: #212121;\">5 en Jauja;<\/span><\/p>\n<p class=\"xmsonormal\" style=\"text-align: justify; background: white; font-variant-ligatures: normal; font-variant-caps: normal; orphans: 2; widows: 2; -webkit-text-stroke-width: 0px; text-decoration-style: initial; text-decoration-color: initial; word-spacing: 0px;\"><span style=\"font-family: 'Arial','sans-serif'; color: #212121;\">5 en El Pandillo<\/span><\/p>\n<p class=\"xmsonormal\" style=\"text-align: justify; background: white; font-variant-ligatures: normal; font-variant-caps: normal; orphans: 2; widows: 2; -webkit-text-stroke-width: 0px; text-decoration-style: initial; text-decoration-color: initial; word-spacing: 0px;\"><span style=\"font-family: 'Arial','sans-serif'; color: #212121;\">1 en La Higuera;<\/span><\/p>\n<p class=\"xmsonormal\" style=\"text-align: justify; background: white; font-variant-ligatures: normal; font-variant-caps: normal; orphans: 2; widows: 2; -webkit-text-stroke-width: 0px; text-decoration-style: initial; text-decoration-color: initial; word-spacing: 0px;\"><span style=\"font-family: 'Arial','sans-serif'; color: #212121;\">1 en Taquiscuareo<\/span><\/p>\n<p class=\"xmsonormal\" style=\"text-align: justify; background: white; font-variant-ligatures: normal; font-variant-caps: normal; orphans: 2; widows: 2; -webkit-text-stroke-width: 0px; text-decoration-style: initial; text-decoration-color: initial; word-spacing: 0px;\"><span style=\"font-family: 'Arial','sans-serif'; color: #212121;\">1 en La Providencia<\/span><\/p>\n<p class=\"xmsonormal\" style=\"text-align: justify; background: white; font-variant-ligatures: normal; font-variant-caps: normal; orphans: 2; widows: 2; -webkit-text-stroke-width: 0px; text-decoration-style: initial; text-decoration-color: initial; word-spacing: 0px;\"><span style=\"font-family: 'Arial','sans-serif'; color: #212121;\">2 en Cujuarato.<\/span><\/p>\n<p class=\"xmsonormal\" style=\"text-align: justify; background: white; font-variant-ligatures: normal; font-variant-caps: normal; orphans: 2; widows: 2; -webkit-text-stroke-width: 0px; text-decoration-style: initial; text-decoration-color: initial; word-spacing: 0px;\"><span style=\"font-family: 'Arial','sans-serif'; color: #212121;\">Cada una de las acciones tendr\u00e1 un costo de 6 mil 680 pesos con76 centavos, con una inversi\u00f3n de 467 mil 651 pesos. Y el material que les ser\u00e1 proporcionado alcanza para beneficiar\u00e1n a aquellas viviendas con piso de tierra en una superficie de 32 metros cuadrados.<\/span><\/p>\n<p class=\"xmsonormal\" style=\"text-align: justify; background: white; font-variant-ligatures: normal; font-variant-caps: normal; orphans: 2; widows: 2; -webkit-text-stroke-width: 0px; text-decoration-style: initial; text-decoration-color: initial; word-spacing: 0px;\"><span style=\"font-family: 'Arial','sans-serif'; color: #212121;\">Decisi\u00f3n que fue aplaudida por la regidores tras se\u00f1alar los buenos comentarios que han evocado en las comunidades rurales por la diseminaci\u00f3n de los recursos a trav\u00e9s de esta dependencia, por lo que pidi\u00f3 al director de la misma, actuar de la misma forma con la finalidad de llevar los beneficios a todas las \u00e1reas que m\u00e1s lo necesitan.<\/span><\/p>\n","protected":false},"excerpt":{"rendered":"<p>Integrantes del Cabildo autorizaron la solicitud que present\u00f3 el Alcalde a trav\u00e9s del director de&#8230;<\/p>\n","protected":false},"author":1,"featured_media":2754,"comment_status":"open","ping_status":"open","sticky":false,"template":"","format":"standard","meta":{"jetpack_post_was_ever_published":false,"_jetpack_newsletter_access":"","_jetpack_dont_email_post_to_subs":false,"_jetpack_newsletter_tier_id":0,"_jetpack_memberships_contains_paywalled_content":false,"_jetpack_memberships_contains_paid_content":false,"footnotes":"","jetpack_publicize_message":"","jetpack_publicize_feature_enabled":true,"jetpack_social_post_already_shared":false,"jetpack_social_options":{"image_generator_settings":{"template":"highway","enabled":false},"version":2}},"categories":[1],"tags":[15,36],"class_list":["post-2753","post","type-post","status-publish","format-standard","has-post-thumbnail","hentry","category-la-piedad","tag-la-piedad","tag-principales"],"jetpack_publicize_connections":[],"jetpack_sharing_enabled":true,"featured_image_urls":{"full":["http:\/\/tvalaire.com\/wp-content\/uploads\/2017\/09\/AUTORIZ\u00d3-EL-CABILDO-RECURSOS-PARA-PROGRAMA-DE-EMPLEO-TEMPORAL2.jpg",1024,683,false],"thumbnail":["http:\/\/tvalaire.com\/wp-content\/uploads\/2017\/09\/AUTORIZ\u00d3-EL-CABILDO-RECURSOS-PARA-PROGRAMA-DE-EMPLEO-TEMPORAL2-150x150.jpg",150,150,true],"medium":["http:\/\/tvalaire.com\/wp-content\/uploads\/2017\/09\/AUTORIZ\u00d3-EL-CABILDO-RECURSOS-PARA-PROGRAMA-DE-EMPLEO-TEMPORAL2-300x200.jpg",300,200,true],"medium_large":["http:\/\/tvalaire.com\/wp-content\/uploads\/2017\/09\/AUTORIZ\u00d3-EL-CABILDO-RECURSOS-PARA-PROGRAMA-DE-EMPLEO-TEMPORAL2-768x512.jpg",640,427,true],"large":["http:\/\/tvalaire.com\/wp-content\/uploads\/2017\/09\/AUTORIZ\u00d3-EL-CABILDO-RECURSOS-PARA-PROGRAMA-DE-EMPLEO-TEMPORAL2-1024x683.jpg",640,427,true],"post-slider-thumb-size":["http:\/\/tvalaire.com\/wp-content\/uploads\/2017\/09\/AUTORIZ\u00d3-EL-CABILDO-RECURSOS-PARA-PROGRAMA-DE-EMPLEO-TEMPORAL2.jpg",285,190,false],"post-category-slider-size":["http:\/\/tvalaire.com\/wp-content\/uploads\/2017\/09\/AUTORIZ\u00d3-EL-CABILDO-RECURSOS-PARA-PROGRAMA-DE-EMPLEO-TEMPORAL2.jpg",330,220,false],"1536x1536":["http:\/\/tvalaire.com\/wp-content\/uploads\/2017\/09\/AUTORIZ\u00d3-EL-CABILDO-RECURSOS-PARA-PROGRAMA-DE-EMPLEO-TEMPORAL2.jpg",1024,683,false],"2048x2048":["http:\/\/tvalaire.com\/wp-content\/uploads\/2017\/09\/AUTORIZ\u00d3-EL-CABILDO-RECURSOS-PARA-PROGRAMA-DE-EMPLEO-TEMPORAL2.jpg",1024,683,false],"newsium-slider-full":["http:\/\/tvalaire.com\/wp-content\/uploads\/2017\/09\/AUTORIZ\u00d3-EL-CABILDO-RECURSOS-PARA-PROGRAMA-DE-EMPLEO-TEMPORAL2.jpg",1024,683,false],"newsium-featured":["http:\/\/tvalaire.com\/wp-content\/uploads\/2017\/09\/AUTORIZ\u00d3-EL-CABILDO-RECURSOS-PARA-PROGRAMA-DE-EMPLEO-TEMPORAL2.jpg",1024,683,false],"newsium-medium":["http:\/\/tvalaire.com\/wp-content\/uploads\/2017\/09\/AUTORIZ\u00d3-EL-CABILDO-RECURSOS-PARA-PROGRAMA-DE-EMPLEO-TEMPORAL2.jpg",712,475,false]},"author_info":{"info":["tvalairenoti"]},"category_info":"<a href=\"http:\/\/tvalaire.com\/?cat=1\" rel=\"category\">La Piedad<\/a>","tag_info":"La Piedad","comment_count":"0","jetpack_featured_media_url":"http:\/\/tvalaire.com\/wp-content\/uploads\/2017\/09\/AUTORIZ\u00d3-EL-CABILDO-RECURSOS-PARA-PROGRAMA-DE-EMPLEO-TEMPORAL2.jpg","_links":{"self":[{"href":"http:\/\/tvalaire.com\/index.php?rest_route=\/wp\/v2\/posts\/2753"}],"collection":[{"href":"http:\/\/tvalaire.com\/index.php?rest_route=\/wp\/v2\/posts"}],"about":[{"href":"http:\/\/tvalaire.com\/index.php?rest_route=\/wp\/v2\/types\/post"}],"author":[{"embeddable":true,"href":"http:\/\/tvalaire.com\/index.php?rest_route=\/wp\/v2\/users\/1"}],"replies":[{"embeddable":true,"href":"http:\/\/tvalaire.com\/index.php?rest_route=%2Fwp%2Fv2%2Fcomments&post=2753"}],"version-history":[{"count":1,"href":"http:\/\/tvalaire.com\/index.php?rest_route=\/wp\/v2\/posts\/2753\/revisions"}],"predecessor-version":[{"id":2755,"href":"http:\/\/tvalaire.com\/index.php?rest_route=\/wp\/v2\/posts\/2753\/revisions\/2755"}],"wp:featuredmedia":[{"embeddable":true,"href":"http:\/\/tvalaire.com\/index.php?rest_route=\/wp\/v2\/media\/2754"}],"wp:attachment":[{"href":"http:\/\/tvalaire.com\/index.php?rest_route=%2Fwp%2Fv2%2Fmedia&parent=2753"}],"wp:term":[{"taxonomy":"category","embeddable":true,"href":"http:\/\/tvalaire.com\/index.php?rest_route=%2Fwp%2Fv2%2Fcategories&post=2753"},{"taxonomy":"post_tag","embeddable":true,"href":"http:\/\/tvalaire.com\/index.php?rest_route=%2Fwp%2Fv2%2Ftags&post=2753"}],"curies":[{"name":"wp","href":"https:\/\/api.w.org\/{rel}","templated":true}]}}