{"id":2744,"date":"2017-09-28T09:38:34","date_gmt":"2017-09-28T14:38:34","guid":{"rendered":"http:\/\/tvalaire.com\/?p=2744"},"modified":"2017-09-28T09:38:34","modified_gmt":"2017-09-28T14:38:34","slug":"inician-trabajos-de-acondicionamiento-del-aerodromo","status":"publish","type":"post","link":"http:\/\/tvalaire.com\/?p=2744","title":{"rendered":"INICIAN TRABAJOS DE ACONDICIONAMIENTO DEL AER\u00d3DROMO"},"content":{"rendered":"<p>Arrancaron con los trabajos de acondicionamiento en el aer\u00f3dromo local, en donde el d\u00eda de hoy personal del \u00e1rea de Servicios P\u00fablicos inici\u00f3 con la limpieza de maleza.<\/p>\n<p>Los trabajos de chaponeo se acompa\u00f1ar\u00e1n del barrido de la pista de aterrizaje en donde se realizar\u00e1 el repintado de las se\u00f1ales. Lo mismo har\u00e1 con el acceso y camino de entrada a este espacio.<\/p>\n<p>El aer\u00f3dromo local, es un espacio que la autoridad municipal inicio gestiones en enero de este a\u00f1o para rescatar los permisos y reapertura, debido a que por descuido u omisi\u00f3n la direcci\u00f3n general de Aeron\u00e1utica Civil lo hab\u00eda cerrado desde el 2010 porque los gobiernos anteriores no hab\u00edan dado seguimiento al mismo.<\/p>\n<p>Las gestiones para ponerlo en funcionamiento se hicieron por parte de Secretar\u00eda del Ayuntamiento ante la direcci\u00f3n de Aeropuertos, a la comandancia ubicada en Zamora, adem\u00e1s de pedir la verificaci\u00f3n ante la SEMARNAT como generadores de residuos s\u00f3lidos peligrosos ante la ventanilla \u00fanica de servicios de la direcci\u00f3n General de Aeron\u00e1utica Civil de la Secretar\u00eda de Comunicaciones y Transportes.<\/p>\n<p>Cabe destacar que adem\u00e1s de los arreglos para mejorar el espacio, se prev\u00e9 a su vez la instalaci\u00f3n de las se\u00f1ales por la carretera.<\/p>\n<p>&nbsp;<\/p>\n","protected":false},"excerpt":{"rendered":"<p>Arrancaron con los trabajos de acondicionamiento en el aer\u00f3dromo local, en donde el d\u00eda de&#8230;<\/p>\n","protected":false},"author":1,"featured_media":2745,"comment_status":"open","ping_status":"open","sticky":false,"template":"","format":"standard","meta":{"jetpack_post_was_ever_published":false,"_jetpack_newsletter_access":"","_jetpack_dont_email_post_to_subs":false,"_jetpack_newsletter_tier_id":0,"_jetpack_memberships_contains_paywalled_content":false,"_jetpack_memberships_contains_paid_content":false,"footnotes":"","jetpack_publicize_message":"","jetpack_publicize_feature_enabled":true,"jetpack_social_post_already_shared":false,"jetpack_social_options":{"image_generator_settings":{"template":"highway","enabled":false},"version":2}},"categories":[1],"tags":[15,36],"class_list":["post-2744","post","type-post","status-publish","format-standard","has-post-thumbnail","hentry","category-la-piedad","tag-la-piedad","tag-principales"],"jetpack_publicize_connections":[],"jetpack_sharing_enabled":true,"featured_image_urls":{"full":["http:\/\/tvalaire.com\/wp-content\/uploads\/2017\/09\/INICIAN-TRABAJOS-DE-ACONDICIONAMIENTO-DEL-AER\u00d3DROMO.jpg",1024,683,false],"thumbnail":["http:\/\/tvalaire.com\/wp-content\/uploads\/2017\/09\/INICIAN-TRABAJOS-DE-ACONDICIONAMIENTO-DEL-AER\u00d3DROMO-150x150.jpg",150,150,true],"medium":["http:\/\/tvalaire.com\/wp-content\/uploads\/2017\/09\/INICIAN-TRABAJOS-DE-ACONDICIONAMIENTO-DEL-AER\u00d3DROMO-300x200.jpg",300,200,true],"medium_large":["http:\/\/tvalaire.com\/wp-content\/uploads\/2017\/09\/INICIAN-TRABAJOS-DE-ACONDICIONAMIENTO-DEL-AER\u00d3DROMO-768x512.jpg",640,427,true],"large":["http:\/\/tvalaire.com\/wp-content\/uploads\/2017\/09\/INICIAN-TRABAJOS-DE-ACONDICIONAMIENTO-DEL-AER\u00d3DROMO-1024x683.jpg",640,427,true],"post-slider-thumb-size":["http:\/\/tvalaire.com\/wp-content\/uploads\/2017\/09\/INICIAN-TRABAJOS-DE-ACONDICIONAMIENTO-DEL-AER\u00d3DROMO.jpg",285,190,false],"post-category-slider-size":["http:\/\/tvalaire.com\/wp-content\/uploads\/2017\/09\/INICIAN-TRABAJOS-DE-ACONDICIONAMIENTO-DEL-AER\u00d3DROMO.jpg",330,220,false],"1536x1536":["http:\/\/tvalaire.com\/wp-content\/uploads\/2017\/09\/INICIAN-TRABAJOS-DE-ACONDICIONAMIENTO-DEL-AER\u00d3DROMO.jpg",1024,683,false],"2048x2048":["http:\/\/tvalaire.com\/wp-content\/uploads\/2017\/09\/INICIAN-TRABAJOS-DE-ACONDICIONAMIENTO-DEL-AER\u00d3DROMO.jpg",1024,683,false],"newsium-slider-full":["http:\/\/tvalaire.com\/wp-content\/uploads\/2017\/09\/INICIAN-TRABAJOS-DE-ACONDICIONAMIENTO-DEL-AER\u00d3DROMO.jpg",1024,683,false],"newsium-featured":["http:\/\/tvalaire.com\/wp-content\/uploads\/2017\/09\/INICIAN-TRABAJOS-DE-ACONDICIONAMIENTO-DEL-AER\u00d3DROMO.jpg",1024,683,false],"newsium-medium":["http:\/\/tvalaire.com\/wp-content\/uploads\/2017\/09\/INICIAN-TRABAJOS-DE-ACONDICIONAMIENTO-DEL-AER\u00d3DROMO.jpg",712,475,false]},"author_info":{"info":["tvalairenoti"]},"category_info":"<a href=\"http:\/\/tvalaire.com\/?cat=1\" rel=\"category\">La Piedad<\/a>","tag_info":"La Piedad","comment_count":"0","jetpack_featured_media_url":"http:\/\/tvalaire.com\/wp-content\/uploads\/2017\/09\/INICIAN-TRABAJOS-DE-ACONDICIONAMIENTO-DEL-AER\u00d3DROMO.jpg","_links":{"self":[{"href":"http:\/\/tvalaire.com\/index.php?rest_route=\/wp\/v2\/posts\/2744"}],"collection":[{"href":"http:\/\/tvalaire.com\/index.php?rest_route=\/wp\/v2\/posts"}],"about":[{"href":"http:\/\/tvalaire.com\/index.php?rest_route=\/wp\/v2\/types\/post"}],"author":[{"embeddable":true,"href":"http:\/\/tvalaire.com\/index.php?rest_route=\/wp\/v2\/users\/1"}],"replies":[{"embeddable":true,"href":"http:\/\/tvalaire.com\/index.php?rest_route=%2Fwp%2Fv2%2Fcomments&post=2744"}],"version-history":[{"count":1,"href":"http:\/\/tvalaire.com\/index.php?rest_route=\/wp\/v2\/posts\/2744\/revisions"}],"predecessor-version":[{"id":2746,"href":"http:\/\/tvalaire.com\/index.php?rest_route=\/wp\/v2\/posts\/2744\/revisions\/2746"}],"wp:featuredmedia":[{"embeddable":true,"href":"http:\/\/tvalaire.com\/index.php?rest_route=\/wp\/v2\/media\/2745"}],"wp:attachment":[{"href":"http:\/\/tvalaire.com\/index.php?rest_route=%2Fwp%2Fv2%2Fmedia&parent=2744"}],"wp:term":[{"taxonomy":"category","embeddable":true,"href":"http:\/\/tvalaire.com\/index.php?rest_route=%2Fwp%2Fv2%2Fcategories&post=2744"},{"taxonomy":"post_tag","embeddable":true,"href":"http:\/\/tvalaire.com\/index.php?rest_route=%2Fwp%2Fv2%2Ftags&post=2744"}],"curies":[{"name":"wp","href":"https:\/\/api.w.org\/{rel}","templated":true}]}}