{"id":2733,"date":"2017-09-27T09:43:01","date_gmt":"2017-09-27T14:43:01","guid":{"rendered":"http:\/\/tvalaire.com\/?p=2733"},"modified":"2017-09-27T09:43:01","modified_gmt":"2017-09-27T14:43:01","slug":"a-dos-anos-de-gobierno-hablo-el-alcalde-de-los-logros-obtenidos","status":"publish","type":"post","link":"http:\/\/tvalaire.com\/?p=2733","title":{"rendered":"A DOS A\u00d1OS DE GOBIERNO HABL\u00d3 EL ALCALDE DE LOS LOGROS OBTENIDOS"},"content":{"rendered":"<p class=\"xmsonormal\" style=\"text-align: justify; background: white;\"><span style=\"font-family: 'Arial','sans-serif'; color: #212121;\">El Alcalde hizo una especie de recorrido por los 2 a\u00f1os de gesti\u00f3n, durante los cuales resalt\u00f3 la disciplina financiera que ha logrado, la obra que a pesar de la escasez de recursos se ha hecho y sin especificar, habl\u00f3 de proyectos en puerta que de lograrse, cambiar\u00e1n a La Piedad y dejar\u00e1n un buen sabor de boca para todos los que han hablado bien y mal.<\/span><\/p>\n<p class=\"xmsonormal\" style=\"text-align: justify; background: white;\"><span style=\"font-family: 'Arial','sans-serif'; color: #212121;\">En primer t\u00e9rmino, se refiri\u00f3 a la disciplina financiera pues cuando lleg\u00f3, se encontr\u00f3 con un gran adeudo de 90 millones de pesos, de los cuales en el primer a\u00f1o pag\u00f3 60 millones y en lo que va de este 2017 ha cubierto 20 millones de pesos. Hay algunas facturas pendientes de pago, pero no todos los proveedores han aparecido.<\/span><\/p>\n<p class=\"xmsonormal\" style=\"text-align: justify; background: white;\"><span style=\"font-family: 'Arial','sans-serif'; color: #212121;\">Destac\u00f3 que desde el inicio se ha conducido en no hablar de la gente aunque precis\u00f3 que si no se han hecho muchas cosas, no es por falta de gesti\u00f3n, pues \u00e9sta se ha hecho y aunque muchas puertas que espera abiertas se le han cerrado, las que logra abrir le han favorecido pues en lo que va de este a\u00f1o se han invertido cerca de 200 millones de pesos en obras y acciones, incluidas Desarrollo Social y SAPAS.<\/span><\/p>\n<p class=\"xmsonormal\" style=\"text-align: justify; background: white;\"><span style=\"font-family: 'Arial','sans-serif'; color: #212121;\">Lo que s\u00ed adelant\u00f3, es que en M\u00e9xico PEMEX que era el que prove\u00eda los recursos, ya no genera los millones de barriles como ocurr\u00eda antes.<\/span><\/p>\n<p class=\"xmsonormal\" style=\"text-align: justify; background: white;\"><span style=\"font-family: 'Arial','sans-serif'; color: #212121;\">Mencion\u00f3 a su vez que dentro de la disciplina financiera se encuentra el optimizar las compras y en este sentido, se ha logrado que con la misma cantidad que la administraci\u00f3n pasada se compre ahora m\u00e1s termosolares por ejemplo y se ayude a m\u00e1s familias o el que le haya apostado al campo para hacerle justicia y haya incrementado el presupuesto a este sector.<\/span><\/p>\n<p class=\"xmsonormal\" style=\"text-align: justify; background: white;\"><span style=\"font-family: 'Arial','sans-serif'; color: #212121;\">A pregunta expresa, el Alcalde se refiri\u00f3 a proyectos como el del bulevar L\u00e1zaro C\u00e1rdenas, obra que el Gobernador del Estado se comprometi\u00f3 a realizar o el aeropuerto local que sigue en pie y del cual la federaci\u00f3n trabaja con personas interesadas en su concesi\u00f3n, en tanto se rehabilita el aer\u00f3dromo para dar servicio como lo ofreci\u00f3 el estado a la empresa BAFAR, adem\u00e1s de seguir en pie las gestiones para el parque industrial o agroparque industrial y la plataforma log\u00edstica.<\/span><\/p>\n<p class=\"xmsonormal\" style=\"text-align: justify; background: white;\"><span style=\"font-family: 'Arial','sans-serif'; color: #212121;\">El tema de empleos fue otro de los que tambi\u00e9n se trataron y de los cual el mun\u00edcipe, dijo que afortunadamente empresas como BAFAR vendr\u00e1n a resolver parte de esta situaci\u00f3n.<\/span><\/p>\n<p class=\"xmsonormal\" style=\"text-align: justify; background: white;\"><span style=\"font-family: 'Arial','sans-serif'; color: #212121;\">Independientemente de lo econ\u00f3mico, el Alcalde habl\u00f3 del continuar con mejorar los servicios b\u00e1sicos que los piedadenses requieren y para los cuales cuenta con el respaldo del Cabildo.<\/span><\/p>\n<p class=\"xmsonormal\" style=\"text-align: justify; background: white;\"><span style=\"font-family: 'Arial','sans-serif'; color: #212121;\">En cuanto a s\u00ed se sent\u00eda satisfecho por los logros, el Presidente Municipal reconoci\u00f3 que no lo est\u00e1 del todo, pero se siente tranquilo de hacer lo que ha podido pues todav\u00eda espera encontrar eco en las muchas puertas que ha tocado. Tema que dijo, ver\u00e1 c\u00f3mo subsanar.<\/span><\/p>\n","protected":false},"excerpt":{"rendered":"<p>El Alcalde hizo una especie de recorrido por los 2 a\u00f1os de gesti\u00f3n, durante los&#8230;<\/p>\n","protected":false},"author":1,"featured_media":2736,"comment_status":"open","ping_status":"open","sticky":false,"template":"","format":"standard","meta":{"jetpack_post_was_ever_published":false,"_jetpack_newsletter_access":"","_jetpack_dont_email_post_to_subs":false,"_jetpack_newsletter_tier_id":0,"_jetpack_memberships_contains_paywalled_content":false,"_jetpack_memberships_contains_paid_content":false,"footnotes":"","jetpack_publicize_message":"","jetpack_publicize_feature_enabled":true,"jetpack_social_post_already_shared":false,"jetpack_social_options":{"image_generator_settings":{"template":"highway","enabled":false},"version":2}},"categories":[1],"tags":[15,36],"class_list":["post-2733","post","type-post","status-publish","format-standard","has-post-thumbnail","hentry","category-la-piedad","tag-la-piedad","tag-principales"],"jetpack_publicize_connections":[],"jetpack_sharing_enabled":true,"featured_image_urls":{"full":["http:\/\/tvalaire.com\/wp-content\/uploads\/2017\/09\/A-DOS-A\u00d1OS-DE-GOBIERNO-HABL\u00d3-EL-ALCALDE-DE-LOS-LOGROS-OBTENIDOS.png",1920,1080,false],"thumbnail":["http:\/\/tvalaire.com\/wp-content\/uploads\/2017\/09\/A-DOS-A\u00d1OS-DE-GOBIERNO-HABL\u00d3-EL-ALCALDE-DE-LOS-LOGROS-OBTENIDOS-150x150.png",150,150,true],"medium":["http:\/\/tvalaire.com\/wp-content\/uploads\/2017\/09\/A-DOS-A\u00d1OS-DE-GOBIERNO-HABL\u00d3-EL-ALCALDE-DE-LOS-LOGROS-OBTENIDOS-300x169.png",300,169,true],"medium_large":["http:\/\/tvalaire.com\/wp-content\/uploads\/2017\/09\/A-DOS-A\u00d1OS-DE-GOBIERNO-HABL\u00d3-EL-ALCALDE-DE-LOS-LOGROS-OBTENIDOS-768x432.png",640,360,true],"large":["http:\/\/tvalaire.com\/wp-content\/uploads\/2017\/09\/A-DOS-A\u00d1OS-DE-GOBIERNO-HABL\u00d3-EL-ALCALDE-DE-LOS-LOGROS-OBTENIDOS-1024x576.png",640,360,true],"post-slider-thumb-size":["http:\/\/tvalaire.com\/wp-content\/uploads\/2017\/09\/A-DOS-A\u00d1OS-DE-GOBIERNO-HABL\u00d3-EL-ALCALDE-DE-LOS-LOGROS-OBTENIDOS.png",330,186,false],"post-category-slider-size":["http:\/\/tvalaire.com\/wp-content\/uploads\/2017\/09\/A-DOS-A\u00d1OS-DE-GOBIERNO-HABL\u00d3-EL-ALCALDE-DE-LOS-LOGROS-OBTENIDOS.png",330,186,false],"1536x1536":["http:\/\/tvalaire.com\/wp-content\/uploads\/2017\/09\/A-DOS-A\u00d1OS-DE-GOBIERNO-HABL\u00d3-EL-ALCALDE-DE-LOS-LOGROS-OBTENIDOS.png",1536,864,false],"2048x2048":["http:\/\/tvalaire.com\/wp-content\/uploads\/2017\/09\/A-DOS-A\u00d1OS-DE-GOBIERNO-HABL\u00d3-EL-ALCALDE-DE-LOS-LOGROS-OBTENIDOS.png",1920,1080,false],"newsium-slider-full":["http:\/\/tvalaire.com\/wp-content\/uploads\/2017\/09\/A-DOS-A\u00d1OS-DE-GOBIERNO-HABL\u00d3-EL-ALCALDE-DE-LOS-LOGROS-OBTENIDOS.png",1280,720,false],"newsium-featured":["http:\/\/tvalaire.com\/wp-content\/uploads\/2017\/09\/A-DOS-A\u00d1OS-DE-GOBIERNO-HABL\u00d3-EL-ALCALDE-DE-LOS-LOGROS-OBTENIDOS.png",1024,576,false],"newsium-medium":["http:\/\/tvalaire.com\/wp-content\/uploads\/2017\/09\/A-DOS-A\u00d1OS-DE-GOBIERNO-HABL\u00d3-EL-ALCALDE-DE-LOS-LOGROS-OBTENIDOS.png",720,405,false]},"author_info":{"info":["tvalairenoti"]},"category_info":"<a href=\"http:\/\/tvalaire.com\/?cat=1\" rel=\"category\">La Piedad<\/a>","tag_info":"La Piedad","comment_count":"0","jetpack_featured_media_url":"http:\/\/tvalaire.com\/wp-content\/uploads\/2017\/09\/A-DOS-A\u00d1OS-DE-GOBIERNO-HABL\u00d3-EL-ALCALDE-DE-LOS-LOGROS-OBTENIDOS.png","_links":{"self":[{"href":"http:\/\/tvalaire.com\/index.php?rest_route=\/wp\/v2\/posts\/2733"}],"collection":[{"href":"http:\/\/tvalaire.com\/index.php?rest_route=\/wp\/v2\/posts"}],"about":[{"href":"http:\/\/tvalaire.com\/index.php?rest_route=\/wp\/v2\/types\/post"}],"author":[{"embeddable":true,"href":"http:\/\/tvalaire.com\/index.php?rest_route=\/wp\/v2\/users\/1"}],"replies":[{"embeddable":true,"href":"http:\/\/tvalaire.com\/index.php?rest_route=%2Fwp%2Fv2%2Fcomments&post=2733"}],"version-history":[{"count":1,"href":"http:\/\/tvalaire.com\/index.php?rest_route=\/wp\/v2\/posts\/2733\/revisions"}],"predecessor-version":[{"id":2737,"href":"http:\/\/tvalaire.com\/index.php?rest_route=\/wp\/v2\/posts\/2733\/revisions\/2737"}],"wp:featuredmedia":[{"embeddable":true,"href":"http:\/\/tvalaire.com\/index.php?rest_route=\/wp\/v2\/media\/2736"}],"wp:attachment":[{"href":"http:\/\/tvalaire.com\/index.php?rest_route=%2Fwp%2Fv2%2Fmedia&parent=2733"}],"wp:term":[{"taxonomy":"category","embeddable":true,"href":"http:\/\/tvalaire.com\/index.php?rest_route=%2Fwp%2Fv2%2Fcategories&post=2733"},{"taxonomy":"post_tag","embeddable":true,"href":"http:\/\/tvalaire.com\/index.php?rest_route=%2Fwp%2Fv2%2Ftags&post=2733"}],"curies":[{"name":"wp","href":"https:\/\/api.w.org\/{rel}","templated":true}]}}