{"id":2728,"date":"2017-09-27T09:29:00","date_gmt":"2017-09-27T14:29:00","guid":{"rendered":"http:\/\/tvalaire.com\/?p=2728"},"modified":"2017-09-27T09:29:00","modified_gmt":"2017-09-27T14:29:00","slug":"reconozco-el-compromiso-del-presidente-con-el-desarrollo-social-geronimo-color-gasca","status":"publish","type":"post","link":"http:\/\/tvalaire.com\/?p=2728","title":{"rendered":"\u201cRECONOZCO EL COMPROMISO DEL PRESIDENTE CON EL DESARROLLO SOCIAL\u201d: GER\u00d3NIMO COLOR GASCA"},"content":{"rendered":"<p>El delegado estatal de la Secretar\u00eda de Desarrollo Social (SEDESOL), Ger\u00f3nimo Color Gasca, junto con el Alcalde de La Piedad y funcionarios de la Secretar\u00eda del Migrante, entregaron el comedor comunitario en Ojo de Agua de Serrato el cual beneficiar\u00e1 a estudiantes de la escuela primaria \u201cLeona Vicario\u201d.<\/p>\n<p>Ah\u00ed mismo, el funcionario estatal, anunci\u00f3 que en los pr\u00f3ximos d\u00edas visitar\u00e1 de nueva cuenta La Piedad para dar cumplimiento a uno de los compromisos establecidos por el Secretario de SEDESOL a nivel federal, para poner en marcha una nueva modalidad del IMSS en uno de los edificios que se ubican al lado del comedor comunitario, el cual funcionar\u00e1 en coordinaci\u00f3n con la Secretar\u00eda de Salud.<\/p>\n<p>En el evento al que se dieron cita, funcionarios de dependencias estatales y municipales, personal del \u00e1rea educativa y autoridades de la comunidad, Ger\u00f3nimo Color Gasca reconoci\u00f3 al Presidente Municipal, por el compromiso que tiene con el desarrollo social.<\/p>\n<p>As\u00ed mismo agradeci\u00f3 al representante de la Secretar\u00eda del Migrante y al Club de Migrantes de La Piedad, para apoyar esta obra que se hizo a trav\u00e9s del programa 3X1 Migrantes, que mezcla recursos federal, estatal, municipal y los migrantes, quienes expuso, son un ejemplo del compromiso que tienen con su tierra.<\/p>\n<p>En su intervenci\u00f3n el Alcalde destac\u00f3 el apoyo para la realizaci\u00f3n de esta obra que beneficiar\u00e1 a la ni\u00f1ez, pues encontrar\u00e1n aqu\u00ed con alimento bien balanceado. Con obras como \u00e9sta expuso, que las autoridades federales y estatales demuestran su palabra cumplida y agradeci\u00f3 a Ger\u00f3nimo Color y a la SEDESOL por otros apoyos que ha dado para que La Piedad siga creciendo.<\/p>\n<p>La se\u00f1ora Alejandra L\u00f3pez encargada del comedor a nombre de la comunidad y padres de familia agradeci\u00f3 el apoyo que ser\u00e1 para beneficio de la ni\u00f1ez en Ojo de Agua de Serrato.<\/p>\n<p>&nbsp;<\/p>\n","protected":false},"excerpt":{"rendered":"<p>El delegado estatal de la Secretar\u00eda de Desarrollo Social (SEDESOL), Ger\u00f3nimo Color Gasca, junto con&#8230;<\/p>\n","protected":false},"author":1,"featured_media":2729,"comment_status":"open","ping_status":"open","sticky":false,"template":"","format":"standard","meta":{"jetpack_post_was_ever_published":false,"_jetpack_newsletter_access":"","_jetpack_dont_email_post_to_subs":false,"_jetpack_newsletter_tier_id":0,"_jetpack_memberships_contains_paywalled_content":false,"_jetpack_memberships_contains_paid_content":false,"footnotes":"","jetpack_publicize_message":"","jetpack_publicize_feature_enabled":true,"jetpack_social_post_already_shared":false,"jetpack_social_options":{"image_generator_settings":{"template":"highway","enabled":false},"version":2}},"categories":[1],"tags":[15,36],"class_list":["post-2728","post","type-post","status-publish","format-standard","has-post-thumbnail","hentry","category-la-piedad","tag-la-piedad","tag-principales"],"jetpack_publicize_connections":[],"jetpack_sharing_enabled":true,"featured_image_urls":{"full":["http:\/\/tvalaire.com\/wp-content\/uploads\/2017\/09\/RECONOZCO-EL-COMPROMISO-DEL-PRESIDENTE-CON-EL-DESARROLLO-SOCIAL4.jpg",1024,683,false],"thumbnail":["http:\/\/tvalaire.com\/wp-content\/uploads\/2017\/09\/RECONOZCO-EL-COMPROMISO-DEL-PRESIDENTE-CON-EL-DESARROLLO-SOCIAL4-150x150.jpg",150,150,true],"medium":["http:\/\/tvalaire.com\/wp-content\/uploads\/2017\/09\/RECONOZCO-EL-COMPROMISO-DEL-PRESIDENTE-CON-EL-DESARROLLO-SOCIAL4-300x200.jpg",300,200,true],"medium_large":["http:\/\/tvalaire.com\/wp-content\/uploads\/2017\/09\/RECONOZCO-EL-COMPROMISO-DEL-PRESIDENTE-CON-EL-DESARROLLO-SOCIAL4-768x512.jpg",640,427,true],"large":["http:\/\/tvalaire.com\/wp-content\/uploads\/2017\/09\/RECONOZCO-EL-COMPROMISO-DEL-PRESIDENTE-CON-EL-DESARROLLO-SOCIAL4-1024x683.jpg",640,427,true],"post-slider-thumb-size":["http:\/\/tvalaire.com\/wp-content\/uploads\/2017\/09\/RECONOZCO-EL-COMPROMISO-DEL-PRESIDENTE-CON-EL-DESARROLLO-SOCIAL4.jpg",285,190,false],"post-category-slider-size":["http:\/\/tvalaire.com\/wp-content\/uploads\/2017\/09\/RECONOZCO-EL-COMPROMISO-DEL-PRESIDENTE-CON-EL-DESARROLLO-SOCIAL4.jpg",330,220,false],"1536x1536":["http:\/\/tvalaire.com\/wp-content\/uploads\/2017\/09\/RECONOZCO-EL-COMPROMISO-DEL-PRESIDENTE-CON-EL-DESARROLLO-SOCIAL4.jpg",1024,683,false],"2048x2048":["http:\/\/tvalaire.com\/wp-content\/uploads\/2017\/09\/RECONOZCO-EL-COMPROMISO-DEL-PRESIDENTE-CON-EL-DESARROLLO-SOCIAL4.jpg",1024,683,false],"newsium-slider-full":["http:\/\/tvalaire.com\/wp-content\/uploads\/2017\/09\/RECONOZCO-EL-COMPROMISO-DEL-PRESIDENTE-CON-EL-DESARROLLO-SOCIAL4.jpg",1024,683,false],"newsium-featured":["http:\/\/tvalaire.com\/wp-content\/uploads\/2017\/09\/RECONOZCO-EL-COMPROMISO-DEL-PRESIDENTE-CON-EL-DESARROLLO-SOCIAL4.jpg",1024,683,false],"newsium-medium":["http:\/\/tvalaire.com\/wp-content\/uploads\/2017\/09\/RECONOZCO-EL-COMPROMISO-DEL-PRESIDENTE-CON-EL-DESARROLLO-SOCIAL4.jpg",712,475,false]},"author_info":{"info":["tvalairenoti"]},"category_info":"<a href=\"http:\/\/tvalaire.com\/?cat=1\" rel=\"category\">La Piedad<\/a>","tag_info":"La Piedad","comment_count":"0","jetpack_featured_media_url":"http:\/\/tvalaire.com\/wp-content\/uploads\/2017\/09\/RECONOZCO-EL-COMPROMISO-DEL-PRESIDENTE-CON-EL-DESARROLLO-SOCIAL4.jpg","_links":{"self":[{"href":"http:\/\/tvalaire.com\/index.php?rest_route=\/wp\/v2\/posts\/2728"}],"collection":[{"href":"http:\/\/tvalaire.com\/index.php?rest_route=\/wp\/v2\/posts"}],"about":[{"href":"http:\/\/tvalaire.com\/index.php?rest_route=\/wp\/v2\/types\/post"}],"author":[{"embeddable":true,"href":"http:\/\/tvalaire.com\/index.php?rest_route=\/wp\/v2\/users\/1"}],"replies":[{"embeddable":true,"href":"http:\/\/tvalaire.com\/index.php?rest_route=%2Fwp%2Fv2%2Fcomments&post=2728"}],"version-history":[{"count":1,"href":"http:\/\/tvalaire.com\/index.php?rest_route=\/wp\/v2\/posts\/2728\/revisions"}],"predecessor-version":[{"id":2730,"href":"http:\/\/tvalaire.com\/index.php?rest_route=\/wp\/v2\/posts\/2728\/revisions\/2730"}],"wp:featuredmedia":[{"embeddable":true,"href":"http:\/\/tvalaire.com\/index.php?rest_route=\/wp\/v2\/media\/2729"}],"wp:attachment":[{"href":"http:\/\/tvalaire.com\/index.php?rest_route=%2Fwp%2Fv2%2Fmedia&parent=2728"}],"wp:term":[{"taxonomy":"category","embeddable":true,"href":"http:\/\/tvalaire.com\/index.php?rest_route=%2Fwp%2Fv2%2Fcategories&post=2728"},{"taxonomy":"post_tag","embeddable":true,"href":"http:\/\/tvalaire.com\/index.php?rest_route=%2Fwp%2Fv2%2Ftags&post=2728"}],"curies":[{"name":"wp","href":"https:\/\/api.w.org\/{rel}","templated":true}]}}