{"id":2722,"date":"2017-09-26T09:09:57","date_gmt":"2017-09-26T14:09:57","guid":{"rendered":"http:\/\/tvalaire.com\/?p=2722"},"modified":"2017-09-26T09:09:57","modified_gmt":"2017-09-26T14:09:57","slug":"con-resultados-favorables-festival-para-apoyar-a-damnificados-por-el-sismo","status":"publish","type":"post","link":"http:\/\/tvalaire.com\/?p=2722","title":{"rendered":"CON RESULTADOS FAVORABLES FESTIVAL PARA APOYAR A DAMNIFICADOS POR EL SISMO"},"content":{"rendered":"<p class=\"xmsonormal\" style=\"margin-left: 283.2pt; text-align: justify; background: white; font-variant-ligatures: normal; font-variant-caps: normal; orphans: 2; widows: 2; -webkit-text-stroke-width: 0px; text-decoration-style: initial; text-decoration-color: initial; word-spacing: 0px;\">\n<p class=\"xmsonormal\" style=\"text-align: justify; background: white; font-variant-ligatures: normal; font-variant-caps: normal; orphans: 2; widows: 2; -webkit-text-stroke-width: 0px; text-decoration-style: initial; text-decoration-color: initial; word-spacing: 0px;\"><span style=\"font-family: 'Arial','sans-serif'; color: #212121;\">\u201cLos piedadenses unidos por M\u00e9xico\u201d fue el slogan que se utiliz\u00f3 en el marat\u00f3n de actividades art\u00edsticas, culturales, musicales y deportivas que se organizaron y se presentaron en el Teatro del Pueblo el pasado domingo a fin de continuar recabando v\u00edveres para apoyar a los damnificados por el sismo.<\/span><\/p>\n<p class=\"xmsonormal\" style=\"text-align: justify; background: white; font-variant-ligatures: normal; font-variant-caps: normal; orphans: 2; widows: 2; -webkit-text-stroke-width: 0px; text-decoration-style: initial; text-decoration-color: initial; word-spacing: 0px;\"><span style=\"font-family: 'Arial','sans-serif'; color: #212121;\">Autoridades municipales, sociedad civil y varias empresas p\u00fablicas y privadas de la localidad se unieron a la causa y desde las 9:00 de la ma\u00f1ana y hasta las 21:00 horas estuvieron presentando diversidad de actividades para el disfrute de los asistentes.<\/span><\/p>\n<p class=\"xmsonormal\" style=\"text-align: justify; background: white; font-variant-ligatures: normal; font-variant-caps: normal; orphans: 2; widows: 2; -webkit-text-stroke-width: 0px; text-decoration-style: initial; text-decoration-color: initial; word-spacing: 0px;\"><span style=\"font-family: 'Arial','sans-serif'; color: #212121;\">El Alcalde de La Piedad, durante su asistencia al evento agradeci\u00f3 la cooperaci\u00f3n, participaci\u00f3n y la solidaridad que toda la poblaci\u00f3n ha mostrado para poder apoyar a quienes se vieron afectados por el sismo.<\/span><\/p>\n<p class=\"xmsonormal\" style=\"text-align: justify; background: white; font-variant-ligatures: normal; font-variant-caps: normal; orphans: 2; widows: 2; -webkit-text-stroke-width: 0px; text-decoration-style: initial; text-decoration-color: initial; word-spacing: 0px;\"><span style=\"font-family: 'Arial','sans-serif'; color: #212121;\">El Club Rotario de La Piedad, la radiodifusora y otras instancias participaron durante todo el d\u00eda para acopiar productos alimenticios no perecederos y que en otro viaje sean entregados a los pobladores de las zonas afectadas.<\/span><\/p>\n<p class=\"xmsonormal\" style=\"text-align: justify; background: white; font-variant-ligatures: normal; font-variant-caps: normal; orphans: 2; widows: 2; -webkit-text-stroke-width: 0px; text-decoration-style: initial; text-decoration-color: initial; word-spacing: 0px;\"><span style=\"font-family: 'Arial','sans-serif'; color: #212121;\">Caber mencionar que muchos de los alimentos que previamente se recaudaron y conjuntaron todos en el DIF, el cami\u00f3n de carga que sali\u00f3 el s\u00e1bado 23\u00a0 al Estado de Morelos arrib\u00f3 y pudo entregar todo lo que los piedadenses aportaron.<\/span><\/p>\n","protected":false},"excerpt":{"rendered":"<p>\u201cLos piedadenses unidos por M\u00e9xico\u201d fue el slogan que se utiliz\u00f3 en el marat\u00f3n de&#8230;<\/p>\n","protected":false},"author":1,"featured_media":2723,"comment_status":"open","ping_status":"open","sticky":false,"template":"","format":"standard","meta":{"jetpack_post_was_ever_published":false,"_jetpack_newsletter_access":"","_jetpack_dont_email_post_to_subs":false,"_jetpack_newsletter_tier_id":0,"_jetpack_memberships_contains_paywalled_content":false,"_jetpack_memberships_contains_paid_content":false,"footnotes":"","jetpack_publicize_message":"","jetpack_publicize_feature_enabled":true,"jetpack_social_post_already_shared":false,"jetpack_social_options":{"image_generator_settings":{"template":"highway","enabled":false},"version":2}},"categories":[1],"tags":[15,36],"class_list":["post-2722","post","type-post","status-publish","format-standard","has-post-thumbnail","hentry","category-la-piedad","tag-la-piedad","tag-principales"],"jetpack_publicize_connections":[],"jetpack_sharing_enabled":true,"featured_image_urls":{"full":["http:\/\/tvalaire.com\/wp-content\/uploads\/2017\/09\/CON-RESULTADOS-FAVORABLES-FESTIVAL-PARA-APOYAR-A-DAMNIFICADOS-POR-EL-SISMO2.jpg",1024,684,false],"thumbnail":["http:\/\/tvalaire.com\/wp-content\/uploads\/2017\/09\/CON-RESULTADOS-FAVORABLES-FESTIVAL-PARA-APOYAR-A-DAMNIFICADOS-POR-EL-SISMO2-150x150.jpg",150,150,true],"medium":["http:\/\/tvalaire.com\/wp-content\/uploads\/2017\/09\/CON-RESULTADOS-FAVORABLES-FESTIVAL-PARA-APOYAR-A-DAMNIFICADOS-POR-EL-SISMO2-300x200.jpg",300,200,true],"medium_large":["http:\/\/tvalaire.com\/wp-content\/uploads\/2017\/09\/CON-RESULTADOS-FAVORABLES-FESTIVAL-PARA-APOYAR-A-DAMNIFICADOS-POR-EL-SISMO2-768x513.jpg",640,428,true],"large":["http:\/\/tvalaire.com\/wp-content\/uploads\/2017\/09\/CON-RESULTADOS-FAVORABLES-FESTIVAL-PARA-APOYAR-A-DAMNIFICADOS-POR-EL-SISMO2-1024x684.jpg",640,428,true],"post-slider-thumb-size":["http:\/\/tvalaire.com\/wp-content\/uploads\/2017\/09\/CON-RESULTADOS-FAVORABLES-FESTIVAL-PARA-APOYAR-A-DAMNIFICADOS-POR-EL-SISMO2.jpg",284,190,false],"post-category-slider-size":["http:\/\/tvalaire.com\/wp-content\/uploads\/2017\/09\/CON-RESULTADOS-FAVORABLES-FESTIVAL-PARA-APOYAR-A-DAMNIFICADOS-POR-EL-SISMO2.jpg",330,220,false],"1536x1536":["http:\/\/tvalaire.com\/wp-content\/uploads\/2017\/09\/CON-RESULTADOS-FAVORABLES-FESTIVAL-PARA-APOYAR-A-DAMNIFICADOS-POR-EL-SISMO2.jpg",1024,684,false],"2048x2048":["http:\/\/tvalaire.com\/wp-content\/uploads\/2017\/09\/CON-RESULTADOS-FAVORABLES-FESTIVAL-PARA-APOYAR-A-DAMNIFICADOS-POR-EL-SISMO2.jpg",1024,684,false],"newsium-slider-full":["http:\/\/tvalaire.com\/wp-content\/uploads\/2017\/09\/CON-RESULTADOS-FAVORABLES-FESTIVAL-PARA-APOYAR-A-DAMNIFICADOS-POR-EL-SISMO2.jpg",1024,684,false],"newsium-featured":["http:\/\/tvalaire.com\/wp-content\/uploads\/2017\/09\/CON-RESULTADOS-FAVORABLES-FESTIVAL-PARA-APOYAR-A-DAMNIFICADOS-POR-EL-SISMO2.jpg",1024,684,false],"newsium-medium":["http:\/\/tvalaire.com\/wp-content\/uploads\/2017\/09\/CON-RESULTADOS-FAVORABLES-FESTIVAL-PARA-APOYAR-A-DAMNIFICADOS-POR-EL-SISMO2.jpg",711,475,false]},"author_info":{"info":["tvalairenoti"]},"category_info":"<a href=\"http:\/\/tvalaire.com\/?cat=1\" rel=\"category\">La Piedad<\/a>","tag_info":"La Piedad","comment_count":"0","jetpack_featured_media_url":"http:\/\/tvalaire.com\/wp-content\/uploads\/2017\/09\/CON-RESULTADOS-FAVORABLES-FESTIVAL-PARA-APOYAR-A-DAMNIFICADOS-POR-EL-SISMO2.jpg","_links":{"self":[{"href":"http:\/\/tvalaire.com\/index.php?rest_route=\/wp\/v2\/posts\/2722"}],"collection":[{"href":"http:\/\/tvalaire.com\/index.php?rest_route=\/wp\/v2\/posts"}],"about":[{"href":"http:\/\/tvalaire.com\/index.php?rest_route=\/wp\/v2\/types\/post"}],"author":[{"embeddable":true,"href":"http:\/\/tvalaire.com\/index.php?rest_route=\/wp\/v2\/users\/1"}],"replies":[{"embeddable":true,"href":"http:\/\/tvalaire.com\/index.php?rest_route=%2Fwp%2Fv2%2Fcomments&post=2722"}],"version-history":[{"count":1,"href":"http:\/\/tvalaire.com\/index.php?rest_route=\/wp\/v2\/posts\/2722\/revisions"}],"predecessor-version":[{"id":2724,"href":"http:\/\/tvalaire.com\/index.php?rest_route=\/wp\/v2\/posts\/2722\/revisions\/2724"}],"wp:featuredmedia":[{"embeddable":true,"href":"http:\/\/tvalaire.com\/index.php?rest_route=\/wp\/v2\/media\/2723"}],"wp:attachment":[{"href":"http:\/\/tvalaire.com\/index.php?rest_route=%2Fwp%2Fv2%2Fmedia&parent=2722"}],"wp:term":[{"taxonomy":"category","embeddable":true,"href":"http:\/\/tvalaire.com\/index.php?rest_route=%2Fwp%2Fv2%2Fcategories&post=2722"},{"taxonomy":"post_tag","embeddable":true,"href":"http:\/\/tvalaire.com\/index.php?rest_route=%2Fwp%2Fv2%2Ftags&post=2722"}],"curies":[{"name":"wp","href":"https:\/\/api.w.org\/{rel}","templated":true}]}}