{"id":2708,"date":"2017-09-25T08:53:55","date_gmt":"2017-09-25T13:53:55","guid":{"rendered":"http:\/\/tvalaire.com\/?p=2708"},"modified":"2017-09-25T08:53:55","modified_gmt":"2017-09-25T13:53:55","slug":"los-piedadenses-unidos-por-mexico","status":"publish","type":"post","link":"http:\/\/tvalaire.com\/?p=2708","title":{"rendered":"LOS PIEDADENSES \u201cUNIDOS POR MEXICO\u201d"},"content":{"rendered":"<p>El presidente municipal y funcionarios locales abanderaron esta ma\u00f1ana el segundo tr\u00e1iler de ayuda que sale de La Piedad a llevar muestras de apoyo a nuestros hermanos damnificados por los sismos que azotaron al pa\u00eds.<\/p>\n<p>En esta ocasi\u00f3n el tr\u00e1iler de ayuda se dirige a Cuernavaca Morelos, siguiendo los protocolos del Sistema Nacional de Protecci\u00f3n Civil.<\/p>\n<p>En el tr\u00e1iler fue custodiado por autoridades de seguridad p\u00fablica e iba encabezado por personal del DIF Municipal con la finalidad de asegurar que la ayuda humanitaria de los piedadenses llegue a quienes va dirigida.<\/p>\n<p>Los apoyos fueron segmentados por personal del DIF y dirigidos por su presidenta, la se\u00f1ora Ma. Socorro Leon, \u00a0as\u00ed colocaron por partes los medicamentos, productos alimentarios, ropa y herramientas que fueron recolectadas por el DIF en comunidades rurales como Los Guajes, Paredones, Ticuitaco, Rio Grande, El Fuerte, San Juan del Fuerte, Los Ayala y muchas de colonias en la localidad, as\u00ed como farmacias y una tienda de autoservicio quien proporcion\u00f3 las cajas.<\/p>\n<p>En el banderazo de salida adem\u00e1s del alcalde estuvo tambi\u00e9n la directora del DIF, Judith Cabrera Salda\u00f1a, el secretario del Ayuntamiento.<\/p>\n<p>&nbsp;<\/p>\n","protected":false},"excerpt":{"rendered":"<p>El presidente municipal y funcionarios locales abanderaron esta ma\u00f1ana el segundo tr\u00e1iler de ayuda que&#8230;<\/p>\n","protected":false},"author":1,"featured_media":2709,"comment_status":"open","ping_status":"open","sticky":false,"template":"","format":"standard","meta":{"jetpack_post_was_ever_published":false,"_jetpack_newsletter_access":"","_jetpack_dont_email_post_to_subs":false,"_jetpack_newsletter_tier_id":0,"_jetpack_memberships_contains_paywalled_content":false,"_jetpack_memberships_contains_paid_content":false,"footnotes":"","jetpack_publicize_message":"","jetpack_publicize_feature_enabled":true,"jetpack_social_post_already_shared":false,"jetpack_social_options":{"image_generator_settings":{"template":"highway","enabled":false},"version":2}},"categories":[1],"tags":[15,36],"class_list":["post-2708","post","type-post","status-publish","format-standard","has-post-thumbnail","hentry","category-la-piedad","tag-la-piedad","tag-principales"],"jetpack_publicize_connections":[],"jetpack_sharing_enabled":true,"featured_image_urls":{"full":["http:\/\/tvalaire.com\/wp-content\/uploads\/2017\/09\/LOS-PIEDADENSES-\u201cUNIDOS-POR-MEXICO\u201d2.jpg",1920,1080,false],"thumbnail":["http:\/\/tvalaire.com\/wp-content\/uploads\/2017\/09\/LOS-PIEDADENSES-\u201cUNIDOS-POR-MEXICO\u201d2-150x150.jpg",150,150,true],"medium":["http:\/\/tvalaire.com\/wp-content\/uploads\/2017\/09\/LOS-PIEDADENSES-\u201cUNIDOS-POR-MEXICO\u201d2-300x169.jpg",300,169,true],"medium_large":["http:\/\/tvalaire.com\/wp-content\/uploads\/2017\/09\/LOS-PIEDADENSES-\u201cUNIDOS-POR-MEXICO\u201d2-768x432.jpg",640,360,true],"large":["http:\/\/tvalaire.com\/wp-content\/uploads\/2017\/09\/LOS-PIEDADENSES-\u201cUNIDOS-POR-MEXICO\u201d2-1024x576.jpg",640,360,true],"post-slider-thumb-size":["http:\/\/tvalaire.com\/wp-content\/uploads\/2017\/09\/LOS-PIEDADENSES-\u201cUNIDOS-POR-MEXICO\u201d2.jpg",330,186,false],"post-category-slider-size":["http:\/\/tvalaire.com\/wp-content\/uploads\/2017\/09\/LOS-PIEDADENSES-\u201cUNIDOS-POR-MEXICO\u201d2.jpg",330,186,false],"1536x1536":["http:\/\/tvalaire.com\/wp-content\/uploads\/2017\/09\/LOS-PIEDADENSES-\u201cUNIDOS-POR-MEXICO\u201d2.jpg",1536,864,false],"2048x2048":["http:\/\/tvalaire.com\/wp-content\/uploads\/2017\/09\/LOS-PIEDADENSES-\u201cUNIDOS-POR-MEXICO\u201d2.jpg",1920,1080,false],"newsium-slider-full":["http:\/\/tvalaire.com\/wp-content\/uploads\/2017\/09\/LOS-PIEDADENSES-\u201cUNIDOS-POR-MEXICO\u201d2.jpg",1280,720,false],"newsium-featured":["http:\/\/tvalaire.com\/wp-content\/uploads\/2017\/09\/LOS-PIEDADENSES-\u201cUNIDOS-POR-MEXICO\u201d2.jpg",1024,576,false],"newsium-medium":["http:\/\/tvalaire.com\/wp-content\/uploads\/2017\/09\/LOS-PIEDADENSES-\u201cUNIDOS-POR-MEXICO\u201d2.jpg",720,405,false]},"author_info":{"info":["tvalairenoti"]},"category_info":"<a href=\"http:\/\/tvalaire.com\/?cat=1\" rel=\"category\">La Piedad<\/a>","tag_info":"La Piedad","comment_count":"0","jetpack_featured_media_url":"http:\/\/tvalaire.com\/wp-content\/uploads\/2017\/09\/LOS-PIEDADENSES-\u201cUNIDOS-POR-MEXICO\u201d2.jpg","_links":{"self":[{"href":"http:\/\/tvalaire.com\/index.php?rest_route=\/wp\/v2\/posts\/2708"}],"collection":[{"href":"http:\/\/tvalaire.com\/index.php?rest_route=\/wp\/v2\/posts"}],"about":[{"href":"http:\/\/tvalaire.com\/index.php?rest_route=\/wp\/v2\/types\/post"}],"author":[{"embeddable":true,"href":"http:\/\/tvalaire.com\/index.php?rest_route=\/wp\/v2\/users\/1"}],"replies":[{"embeddable":true,"href":"http:\/\/tvalaire.com\/index.php?rest_route=%2Fwp%2Fv2%2Fcomments&post=2708"}],"version-history":[{"count":1,"href":"http:\/\/tvalaire.com\/index.php?rest_route=\/wp\/v2\/posts\/2708\/revisions"}],"predecessor-version":[{"id":2710,"href":"http:\/\/tvalaire.com\/index.php?rest_route=\/wp\/v2\/posts\/2708\/revisions\/2710"}],"wp:featuredmedia":[{"embeddable":true,"href":"http:\/\/tvalaire.com\/index.php?rest_route=\/wp\/v2\/media\/2709"}],"wp:attachment":[{"href":"http:\/\/tvalaire.com\/index.php?rest_route=%2Fwp%2Fv2%2Fmedia&parent=2708"}],"wp:term":[{"taxonomy":"category","embeddable":true,"href":"http:\/\/tvalaire.com\/index.php?rest_route=%2Fwp%2Fv2%2Fcategories&post=2708"},{"taxonomy":"post_tag","embeddable":true,"href":"http:\/\/tvalaire.com\/index.php?rest_route=%2Fwp%2Fv2%2Ftags&post=2708"}],"curies":[{"name":"wp","href":"https:\/\/api.w.org\/{rel}","templated":true}]}}