{"id":2691,"date":"2017-09-21T09:05:04","date_gmt":"2017-09-21T14:05:04","guid":{"rendered":"http:\/\/tvalaire.com\/?p=2691"},"modified":"2017-09-21T09:05:04","modified_gmt":"2017-09-21T14:05:04","slug":"se-reune-en-la-piedad-el-consejo-de-la-cuenca-lerma-chapala","status":"publish","type":"post","link":"http:\/\/tvalaire.com\/?p=2691","title":{"rendered":"SE RE\u00daNE EN LA PIEDAD EL CONSEJO DE LA CUENCA LERMA-CHAPALA"},"content":{"rendered":"<p class=\"xmsonormal\" style=\"text-align: justify; background: white; font-variant-ligatures: normal; font-variant-caps: normal; orphans: 2; widows: 2; -webkit-text-stroke-width: 0px; text-decoration-style: initial; text-decoration-color: initial; word-spacing: 0px;\"><span style=\"font-family: 'Arial','sans-serif'; color: #212121;\">Las instalaciones del Sistema de Agua Potable Alcantarillado y Saneamiento (SAPAS) de La Piedad, fue sede de la reuni\u00f3n del consejo de la Cuenca Lerma-Chapala en donde de manera integral se vieron la mayor\u00eda de los problemas de contaminaci\u00f3n y distribuci\u00f3n del vital l\u00edquido, as\u00ed como posibles soluciones.<\/span><\/p>\n<p class=\"xmsonormal\" style=\"text-align: justify; background: white; font-variant-ligatures: normal; font-variant-caps: normal; orphans: 2; widows: 2; -webkit-text-stroke-width: 0px; text-decoration-style: initial; text-decoration-color: initial; word-spacing: 0px;\"><span style=\"font-family: 'Arial','sans-serif'; color: #212121;\">El consejo est\u00e1 conformado por cinco Estados como Michoac\u00e1n, Jalisco, Quer\u00e9taro, Guanajuato y el Estado de M\u00e9xico, en la mesa de labores se trataron temas de relevancia como el de indicadores de gesti\u00f3n con la finalidad de llevar a cabo una estad\u00edstica de c\u00f3mo se encuentran los organismos operadores en cada uno de los estados.<\/span><\/p>\n<p class=\"xmsonormal\" style=\"text-align: justify; background: white; font-variant-ligatures: normal; font-variant-caps: normal; orphans: 2; widows: 2; -webkit-text-stroke-width: 0px; text-decoration-style: initial; text-decoration-color: initial; word-spacing: 0px;\"><span style=\"font-family: 'Arial','sans-serif'; color: #212121;\">Por su parte Jorge Rubio Olivares, director de SAPAS dijo que la reuni\u00f3n tambi\u00e9n ayuda que se puedan realizar labores de gesti\u00f3n de recursos a trav\u00e9s del Banco Mundial lo que puede destinar para el uso agr\u00edcola, pecuario, industrial, abastecimiento, saneamiento entre otros.<\/span><\/p>\n<p class=\"xmsonormal\" style=\"text-align: justify; background: white; font-variant-ligatures: normal; font-variant-caps: normal; orphans: 2; widows: 2; -webkit-text-stroke-width: 0px; text-decoration-style: initial; text-decoration-color: initial; word-spacing: 0px;\"><span style=\"font-family: 'Arial','sans-serif'; color: #212121;\">Agreg\u00f3 Rubio Olivares que otro tema de relevancia fue el taller de indicadores de gesti\u00f3n donde se ve la eficiencia f\u00edsica, comercial y global, los cuales definen el estado en el que se encuentra cada organismo.<\/span><\/p>\n<p class=\"xmsonormal\" style=\"text-align: justify; background: white; font-variant-ligatures: normal; font-variant-caps: normal; orphans: 2; widows: 2; -webkit-text-stroke-width: 0px; text-decoration-style: initial; text-decoration-color: initial; word-spacing: 0px;\"><span style=\"font-family: 'Arial','sans-serif'; color: #212121;\">Destac\u00f3 tambi\u00e9n que gracias a los resultados favorables que tiene el SAPAS a nivel nacional, sigue siendo una instituci\u00f3n modelo para otras instancias de varios estados de la Rep\u00fablica.<\/span><\/p>\n<p class=\"xmsonormal\" style=\"text-align: justify; background: white; font-variant-ligatures: normal; font-variant-caps: normal; orphans: 2; widows: 2; -webkit-text-stroke-width: 0px; text-decoration-style: initial; text-decoration-color: initial; word-spacing: 0px;\"><span style=\"font-family: 'Arial','sans-serif'; color: #212121;\">La actividad desarrollada en el SAPAS de la localidad estuvo presidida por Waldo Ram\u00edrez, Gerente Operativo de la Cuenca Lerma-Chapala en la que estuvieron presentes personal de la Comisi\u00f3n Nacional del Agua\u00a0 (CONAGUA) y comisiones estatales de los estados antes referidos.<\/span><\/p>\n","protected":false},"excerpt":{"rendered":"<p>Las instalaciones del Sistema de Agua Potable Alcantarillado y Saneamiento (SAPAS) de La Piedad, fue&#8230;<\/p>\n","protected":false},"author":1,"featured_media":2692,"comment_status":"open","ping_status":"open","sticky":false,"template":"","format":"standard","meta":{"jetpack_post_was_ever_published":false,"_jetpack_newsletter_access":"","_jetpack_dont_email_post_to_subs":false,"_jetpack_newsletter_tier_id":0,"_jetpack_memberships_contains_paywalled_content":false,"_jetpack_memberships_contains_paid_content":false,"footnotes":"","jetpack_publicize_message":"","jetpack_publicize_feature_enabled":true,"jetpack_social_post_already_shared":false,"jetpack_social_options":{"image_generator_settings":{"template":"highway","enabled":false},"version":2}},"categories":[1],"tags":[15,36],"class_list":["post-2691","post","type-post","status-publish","format-standard","has-post-thumbnail","hentry","category-la-piedad","tag-la-piedad","tag-principales"],"jetpack_publicize_connections":[],"jetpack_sharing_enabled":true,"featured_image_urls":{"full":["http:\/\/tvalaire.com\/wp-content\/uploads\/2017\/09\/SE-RE\u00daNE-EN-LA-PIEDAD-EL-CONSEJO-DE-LA-CUENCA-LERMA-CHAPALA2.jpg",1024,683,false],"thumbnail":["http:\/\/tvalaire.com\/wp-content\/uploads\/2017\/09\/SE-RE\u00daNE-EN-LA-PIEDAD-EL-CONSEJO-DE-LA-CUENCA-LERMA-CHAPALA2-150x150.jpg",150,150,true],"medium":["http:\/\/tvalaire.com\/wp-content\/uploads\/2017\/09\/SE-RE\u00daNE-EN-LA-PIEDAD-EL-CONSEJO-DE-LA-CUENCA-LERMA-CHAPALA2-300x200.jpg",300,200,true],"medium_large":["http:\/\/tvalaire.com\/wp-content\/uploads\/2017\/09\/SE-RE\u00daNE-EN-LA-PIEDAD-EL-CONSEJO-DE-LA-CUENCA-LERMA-CHAPALA2-768x512.jpg",640,427,true],"large":["http:\/\/tvalaire.com\/wp-content\/uploads\/2017\/09\/SE-RE\u00daNE-EN-LA-PIEDAD-EL-CONSEJO-DE-LA-CUENCA-LERMA-CHAPALA2-1024x683.jpg",640,427,true],"post-slider-thumb-size":["http:\/\/tvalaire.com\/wp-content\/uploads\/2017\/09\/SE-RE\u00daNE-EN-LA-PIEDAD-EL-CONSEJO-DE-LA-CUENCA-LERMA-CHAPALA2.jpg",285,190,false],"post-category-slider-size":["http:\/\/tvalaire.com\/wp-content\/uploads\/2017\/09\/SE-RE\u00daNE-EN-LA-PIEDAD-EL-CONSEJO-DE-LA-CUENCA-LERMA-CHAPALA2.jpg",330,220,false],"1536x1536":["http:\/\/tvalaire.com\/wp-content\/uploads\/2017\/09\/SE-RE\u00daNE-EN-LA-PIEDAD-EL-CONSEJO-DE-LA-CUENCA-LERMA-CHAPALA2.jpg",1024,683,false],"2048x2048":["http:\/\/tvalaire.com\/wp-content\/uploads\/2017\/09\/SE-RE\u00daNE-EN-LA-PIEDAD-EL-CONSEJO-DE-LA-CUENCA-LERMA-CHAPALA2.jpg",1024,683,false],"newsium-slider-full":["http:\/\/tvalaire.com\/wp-content\/uploads\/2017\/09\/SE-RE\u00daNE-EN-LA-PIEDAD-EL-CONSEJO-DE-LA-CUENCA-LERMA-CHAPALA2.jpg",1024,683,false],"newsium-featured":["http:\/\/tvalaire.com\/wp-content\/uploads\/2017\/09\/SE-RE\u00daNE-EN-LA-PIEDAD-EL-CONSEJO-DE-LA-CUENCA-LERMA-CHAPALA2.jpg",1024,683,false],"newsium-medium":["http:\/\/tvalaire.com\/wp-content\/uploads\/2017\/09\/SE-RE\u00daNE-EN-LA-PIEDAD-EL-CONSEJO-DE-LA-CUENCA-LERMA-CHAPALA2.jpg",712,475,false]},"author_info":{"info":["tvalairenoti"]},"category_info":"<a href=\"http:\/\/tvalaire.com\/?cat=1\" rel=\"category\">La Piedad<\/a>","tag_info":"La Piedad","comment_count":"0","jetpack_featured_media_url":"http:\/\/tvalaire.com\/wp-content\/uploads\/2017\/09\/SE-RE\u00daNE-EN-LA-PIEDAD-EL-CONSEJO-DE-LA-CUENCA-LERMA-CHAPALA2.jpg","_links":{"self":[{"href":"http:\/\/tvalaire.com\/index.php?rest_route=\/wp\/v2\/posts\/2691"}],"collection":[{"href":"http:\/\/tvalaire.com\/index.php?rest_route=\/wp\/v2\/posts"}],"about":[{"href":"http:\/\/tvalaire.com\/index.php?rest_route=\/wp\/v2\/types\/post"}],"author":[{"embeddable":true,"href":"http:\/\/tvalaire.com\/index.php?rest_route=\/wp\/v2\/users\/1"}],"replies":[{"embeddable":true,"href":"http:\/\/tvalaire.com\/index.php?rest_route=%2Fwp%2Fv2%2Fcomments&post=2691"}],"version-history":[{"count":1,"href":"http:\/\/tvalaire.com\/index.php?rest_route=\/wp\/v2\/posts\/2691\/revisions"}],"predecessor-version":[{"id":2693,"href":"http:\/\/tvalaire.com\/index.php?rest_route=\/wp\/v2\/posts\/2691\/revisions\/2693"}],"wp:featuredmedia":[{"embeddable":true,"href":"http:\/\/tvalaire.com\/index.php?rest_route=\/wp\/v2\/media\/2692"}],"wp:attachment":[{"href":"http:\/\/tvalaire.com\/index.php?rest_route=%2Fwp%2Fv2%2Fmedia&parent=2691"}],"wp:term":[{"taxonomy":"category","embeddable":true,"href":"http:\/\/tvalaire.com\/index.php?rest_route=%2Fwp%2Fv2%2Fcategories&post=2691"},{"taxonomy":"post_tag","embeddable":true,"href":"http:\/\/tvalaire.com\/index.php?rest_route=%2Fwp%2Fv2%2Ftags&post=2691"}],"curies":[{"name":"wp","href":"https:\/\/api.w.org\/{rel}","templated":true}]}}