{"id":2688,"date":"2017-09-21T09:04:23","date_gmt":"2017-09-21T14:04:23","guid":{"rendered":"http:\/\/tvalaire.com\/?p=2688"},"modified":"2017-09-21T09:04:23","modified_gmt":"2017-09-21T14:04:23","slug":"proteccion-civil-municipal-realizo-evaluaciones-en-centros-educativos","status":"publish","type":"post","link":"http:\/\/tvalaire.com\/?p=2688","title":{"rendered":"PROTECCI\u00d3N CIVIL MUNICIPAL REALIZO EVALUACIONES EN CENTROS EDUCATIVOS"},"content":{"rendered":"<p class=\"xmsonormal\" style=\"text-align: justify; background: white;\"><span style=\"font-family: 'Arial','sans-serif'; color: #212121;\">Despu\u00e9s del sismo de 7.1 en la escala de Richter que sacudi\u00f3 y lamentablemente dej\u00f3 afectaciones de consideraci\u00f3n en la Ciudad de M\u00e9xico, Morelos, Puebla, el Estado de M\u00e9xico y parte de Guerrero, personal de Protecci\u00f3n Civil Municipal (PCM) realiz\u00f3 evaluaciones en centros educativos de la localidad.<\/span><\/p>\n<p class=\"xmsonormal\" style=\"text-align: justify; background: white; font-variant-ligatures: normal; font-variant-caps: normal; orphans: 2; widows: 2; -webkit-text-stroke-width: 0px; text-decoration-style: initial; text-decoration-color: initial; word-spacing: 0px;\"><span style=\"font-family: 'Arial','sans-serif'; color: #212121;\">De acuerdo con lo informado por el responsable de PCM Juan Manuel N\u00fa\u00f1ez Naranjo, el cuerpo de elemento que se dirigi\u00f3 desde temprana hora de este mi\u00e9rcoles 20 se enfoc\u00f3 en realizar trabajos de monitoreo en escuelas, presas y laderas del municipio.<\/span><\/p>\n<p class=\"xmsonormal\" style=\"text-align: justify; background: white; font-variant-ligatures: normal; font-variant-caps: normal; orphans: 2; widows: 2; -webkit-text-stroke-width: 0px; text-decoration-style: initial; text-decoration-color: initial; word-spacing: 0px;\"><span style=\"font-family: 'Arial','sans-serif'; color: #212121;\">El funcionario dijo que la instrucci\u00f3n fue expresa de que se deber\u00edan de hacer las evaluaciones de manera inmediata en las instituciones educativas de los diferentes niveles.<\/span><\/p>\n<p class=\"xmsonormal\" style=\"text-align: justify; background: white; font-variant-ligatures: normal; font-variant-caps: normal; orphans: 2; widows: 2; -webkit-text-stroke-width: 0px; text-decoration-style: initial; text-decoration-color: initial; word-spacing: 0px;\"><span style=\"font-family: 'Arial','sans-serif'; color: #212121;\">N\u00fa\u00f1ez Naranjo refiri\u00f3 que las acciones se realizaron en laderas como la que se ubica en el Fraccionamiento San Jos\u00e9, batalla de Calculuapan, la zona conocida como el Ranchito, parte de la calle Pedro Aceves y S\u00f3stenes Rocha, as\u00ed como cortinas de las presas en Ticu\u00edtaco, La Soledad y Los Coyotes.<\/span><\/p>\n<p class=\"xmsonormal\" style=\"text-align: justify; background: white; font-variant-ligatures: normal; font-variant-caps: normal; orphans: 2; widows: 2; -webkit-text-stroke-width: 0px; text-decoration-style: initial; text-decoration-color: initial; word-spacing: 0px;\"><span style=\"font-family: 'Arial','sans-serif'; color: #212121;\">As\u00ed mismo, extendi\u00f3 una invitaci\u00f3n a la sociedad en general que desea que sus espacios laborales o casas habitaci\u00f3n sean revisados, pueden solicitar el apoyo al equipo de PCM para que se hagan las labores pertinentes y aunque el municipio no es considerado como zona s\u00edsmica no est\u00e1 dem\u00e1s prevenir y tomar medidas.<\/span><\/p>\n","protected":false},"excerpt":{"rendered":"<p>Despu\u00e9s del sismo de 7.1 en la escala de Richter que sacudi\u00f3 y lamentablemente dej\u00f3&#8230;<\/p>\n","protected":false},"author":1,"featured_media":2689,"comment_status":"open","ping_status":"open","sticky":false,"template":"","format":"standard","meta":{"jetpack_post_was_ever_published":false,"_jetpack_newsletter_access":"","_jetpack_dont_email_post_to_subs":false,"_jetpack_newsletter_tier_id":0,"_jetpack_memberships_contains_paywalled_content":false,"_jetpack_memberships_contains_paid_content":false,"footnotes":"","jetpack_publicize_message":"","jetpack_publicize_feature_enabled":true,"jetpack_social_post_already_shared":false,"jetpack_social_options":{"image_generator_settings":{"template":"highway","enabled":false},"version":2}},"categories":[1],"tags":[15,36],"class_list":["post-2688","post","type-post","status-publish","format-standard","has-post-thumbnail","hentry","category-la-piedad","tag-la-piedad","tag-principales"],"jetpack_publicize_connections":[],"jetpack_sharing_enabled":true,"featured_image_urls":{"full":["http:\/\/tvalaire.com\/wp-content\/uploads\/2017\/09\/PROTECCI\u00d3N-CIVIL-MUNICIPAL-REALIZO-EVALUACIONES-EN-CENTROS-EDUCATIVOS.jpg",1280,960,false],"thumbnail":["http:\/\/tvalaire.com\/wp-content\/uploads\/2017\/09\/PROTECCI\u00d3N-CIVIL-MUNICIPAL-REALIZO-EVALUACIONES-EN-CENTROS-EDUCATIVOS-150x150.jpg",150,150,true],"medium":["http:\/\/tvalaire.com\/wp-content\/uploads\/2017\/09\/PROTECCI\u00d3N-CIVIL-MUNICIPAL-REALIZO-EVALUACIONES-EN-CENTROS-EDUCATIVOS-300x225.jpg",300,225,true],"medium_large":["http:\/\/tvalaire.com\/wp-content\/uploads\/2017\/09\/PROTECCI\u00d3N-CIVIL-MUNICIPAL-REALIZO-EVALUACIONES-EN-CENTROS-EDUCATIVOS-768x576.jpg",640,480,true],"large":["http:\/\/tvalaire.com\/wp-content\/uploads\/2017\/09\/PROTECCI\u00d3N-CIVIL-MUNICIPAL-REALIZO-EVALUACIONES-EN-CENTROS-EDUCATIVOS-1024x768.jpg",640,480,true],"post-slider-thumb-size":["http:\/\/tvalaire.com\/wp-content\/uploads\/2017\/09\/PROTECCI\u00d3N-CIVIL-MUNICIPAL-REALIZO-EVALUACIONES-EN-CENTROS-EDUCATIVOS.jpg",253,190,false],"post-category-slider-size":["http:\/\/tvalaire.com\/wp-content\/uploads\/2017\/09\/PROTECCI\u00d3N-CIVIL-MUNICIPAL-REALIZO-EVALUACIONES-EN-CENTROS-EDUCATIVOS.jpg",330,248,false],"1536x1536":["http:\/\/tvalaire.com\/wp-content\/uploads\/2017\/09\/PROTECCI\u00d3N-CIVIL-MUNICIPAL-REALIZO-EVALUACIONES-EN-CENTROS-EDUCATIVOS.jpg",1280,960,false],"2048x2048":["http:\/\/tvalaire.com\/wp-content\/uploads\/2017\/09\/PROTECCI\u00d3N-CIVIL-MUNICIPAL-REALIZO-EVALUACIONES-EN-CENTROS-EDUCATIVOS.jpg",1280,960,false],"newsium-slider-full":["http:\/\/tvalaire.com\/wp-content\/uploads\/2017\/09\/PROTECCI\u00d3N-CIVIL-MUNICIPAL-REALIZO-EVALUACIONES-EN-CENTROS-EDUCATIVOS.jpg",1127,845,false],"newsium-featured":["http:\/\/tvalaire.com\/wp-content\/uploads\/2017\/09\/PROTECCI\u00d3N-CIVIL-MUNICIPAL-REALIZO-EVALUACIONES-EN-CENTROS-EDUCATIVOS.jpg",1024,768,false],"newsium-medium":["http:\/\/tvalaire.com\/wp-content\/uploads\/2017\/09\/PROTECCI\u00d3N-CIVIL-MUNICIPAL-REALIZO-EVALUACIONES-EN-CENTROS-EDUCATIVOS.jpg",633,475,false]},"author_info":{"info":["tvalairenoti"]},"category_info":"<a href=\"http:\/\/tvalaire.com\/?cat=1\" rel=\"category\">La Piedad<\/a>","tag_info":"La Piedad","comment_count":"0","jetpack_featured_media_url":"http:\/\/tvalaire.com\/wp-content\/uploads\/2017\/09\/PROTECCI\u00d3N-CIVIL-MUNICIPAL-REALIZO-EVALUACIONES-EN-CENTROS-EDUCATIVOS.jpg","_links":{"self":[{"href":"http:\/\/tvalaire.com\/index.php?rest_route=\/wp\/v2\/posts\/2688"}],"collection":[{"href":"http:\/\/tvalaire.com\/index.php?rest_route=\/wp\/v2\/posts"}],"about":[{"href":"http:\/\/tvalaire.com\/index.php?rest_route=\/wp\/v2\/types\/post"}],"author":[{"embeddable":true,"href":"http:\/\/tvalaire.com\/index.php?rest_route=\/wp\/v2\/users\/1"}],"replies":[{"embeddable":true,"href":"http:\/\/tvalaire.com\/index.php?rest_route=%2Fwp%2Fv2%2Fcomments&post=2688"}],"version-history":[{"count":1,"href":"http:\/\/tvalaire.com\/index.php?rest_route=\/wp\/v2\/posts\/2688\/revisions"}],"predecessor-version":[{"id":2690,"href":"http:\/\/tvalaire.com\/index.php?rest_route=\/wp\/v2\/posts\/2688\/revisions\/2690"}],"wp:featuredmedia":[{"embeddable":true,"href":"http:\/\/tvalaire.com\/index.php?rest_route=\/wp\/v2\/media\/2689"}],"wp:attachment":[{"href":"http:\/\/tvalaire.com\/index.php?rest_route=%2Fwp%2Fv2%2Fmedia&parent=2688"}],"wp:term":[{"taxonomy":"category","embeddable":true,"href":"http:\/\/tvalaire.com\/index.php?rest_route=%2Fwp%2Fv2%2Fcategories&post=2688"},{"taxonomy":"post_tag","embeddable":true,"href":"http:\/\/tvalaire.com\/index.php?rest_route=%2Fwp%2Fv2%2Ftags&post=2688"}],"curies":[{"name":"wp","href":"https:\/\/api.w.org\/{rel}","templated":true}]}}