{"id":2686,"date":"2017-09-20T11:34:14","date_gmt":"2017-09-20T16:34:14","guid":{"rendered":"http:\/\/tvalaire.com\/?p=2686"},"modified":"2017-09-20T11:34:14","modified_gmt":"2017-09-20T16:34:14","slug":"llevan-25-toneladas-de-ayuda-a-oaxaca","status":"publish","type":"post","link":"http:\/\/tvalaire.com\/?p=2686","title":{"rendered":"LLEVAN 25 TONELADAS DE AYUDA A OAXACA"},"content":{"rendered":"<p class=\"xmsonormal\" style=\"text-align: justify; background: white; font-variant-ligatures: normal; font-variant-caps: normal; orphans: 2; widows: 2; -webkit-text-stroke-width: 0px; text-decoration-style: initial; text-decoration-color: initial; word-spacing: 0px;\"><span style=\"font-family: 'Arial','sans-serif'; color: #212121;\">Zeus Rueda miembro de Protecci\u00f3n Civil de La Piedad a nombre de los rescatistas consideraron que es muestra la donaci\u00f3n de v\u00edveres de que como estado y ciudad, en uni\u00f3n se pueden hacer las cosas. Agradecieron al Presidente Municipal por el apoyo recibido para el traslado de los v\u00edveres a Oaxaca, as\u00ed como el apoyo que ofreci\u00f3 con v\u00edveres que don\u00f3 a nombre del Ayuntamiento y a t\u00edtulo personal.<\/span><\/p>\n<p class=\"xmsonormal\" style=\"text-align: justify; background: white; font-variant-ligatures: normal; font-variant-caps: normal; orphans: 2; widows: 2; -webkit-text-stroke-width: 0px; text-decoration-style: initial; text-decoration-color: initial; word-spacing: 0px;\"><span style=\"font-family: 'Arial','sans-serif'; color: #212121;\">El Alcalde, entreg\u00f3 una aportaci\u00f3n econ\u00f3mica para cubrir parte de los gastos generados por el traslado de las 25 toneladas de ayuda y las personas que viajan para apoyar a nuestros hermanos damnificados de Oaxaca por el sismo registrado el pasado 7 de septiembre.<\/span><\/p>\n<p class=\"xmsonormal\" style=\"text-align: justify; background: white; font-variant-ligatures: normal; font-variant-caps: normal; orphans: 2; widows: 2; -webkit-text-stroke-width: 0px; text-decoration-style: initial; text-decoration-color: initial; word-spacing: 0px;\"><span style=\"font-family: 'Arial','sans-serif'; color: #212121;\">La cita para la salida deb\u00eda ser ayer, sin embargo, los coordinadores de esta colecta de v\u00edveres no pod\u00edan viajar por falta de recursos para el combustible, casetas y para que viajaran en una unidad el grupo de socorristas de Radio Auxilio Voluntario, quienes ya hab\u00edan decidido ir s\u00f3lo una m\u00ednima parte y trasladarse en la cabina del tr\u00e1iler.<\/span><\/p>\n<p class=\"xmsonormal\" style=\"text-align: justify; background: white; font-variant-ligatures: normal; font-variant-caps: normal; orphans: 2; widows: 2; -webkit-text-stroke-width: 0px; text-decoration-style: initial; text-decoration-color: initial; word-spacing: 0px;\"><span style=\"font-family: 'Arial','sans-serif'; color: #212121;\">Los gastos para el traslado ida y vuelta de la unidad oscilan entre los 20 mil pesos, de los cuales el Alcalde aport\u00f3 de su bolsa una buena parte para cubrirlos y para que los socorristas que ya ten\u00edan planeado acudir a realizar las labores de repartici\u00f3n de los v\u00edveres tambi\u00e9n acudieran.<\/span><\/p>\n<p class=\"xmsonormal\" style=\"text-align: justify; background: white; font-variant-ligatures: normal; font-variant-caps: normal; orphans: 2; widows: 2; -webkit-text-stroke-width: 0px; text-decoration-style: initial; text-decoration-color: initial; word-spacing: 0px;\"><span style=\"font-family: 'Arial','sans-serif'; color: #212121;\">El abanderamiento del tr\u00e1iler se dio poco antes del mediod\u00eda y corri\u00f3 a cargo del Alcalde, quien reconoci\u00f3 la convocatoria de Zeus Rueda, as\u00ed como del apoyo de la ciudadan\u00eda quienes no pararon en brindar algo de ellos para ayudar a nuestros hermanos de Oaxaca.<\/span><\/p>\n<p class=\"xmsonormal\" style=\"text-align: justify; background: white; font-variant-ligatures: normal; font-variant-caps: normal; orphans: 2; widows: 2; -webkit-text-stroke-width: 0px; text-decoration-style: initial; text-decoration-color: initial; word-spacing: 0px;\"><span style=\"font-family: 'Arial','sans-serif'; color: #212121;\">Zeus Rueda y Jos\u00e9 Mar\u00eda Espinoza, reconocieron tambi\u00e9n el apoyo de la ciudadan\u00eda pues en esta convocatoria se lograron conjuntar los esfuerzos de toda la poblaci\u00f3n y de los integrantes de diversas fuerzas pol\u00edticas.<\/span><\/p>\n<p class=\"xmsonormal\" style=\"text-align: justify; background: white; font-variant-ligatures: normal; font-variant-caps: normal; orphans: 2; widows: 2; -webkit-text-stroke-width: 0px; text-decoration-style: initial; text-decoration-color: initial; word-spacing: 0px;\"><span style=\"font-family: 'Arial','sans-serif'; color: #212121;\">La respuesta encontrada en la poblaci\u00f3n fue tal que esperaban llevar un cami\u00f3n de 16 toneladas que se convirti\u00f3 en 25 toneladas de ayuda y antes de salir, todav\u00eda hab\u00eda personas se les llevaban despensa.<\/span><\/p>\n<p class=\"xmsonormal\" style=\"text-align: justify; background: white; font-variant-ligatures: normal; font-variant-caps: normal; orphans: 2; widows: 2; -webkit-text-stroke-width: 0px; text-decoration-style: initial; text-decoration-color: initial; word-spacing: 0px;\"><span style=\"font-family: 'Arial','sans-serif'; color: #212121;\">A todo el pueblo de La Piedad le dio las gracias y les asegur\u00f3 que ellos mismos se encargar\u00eda de que la ayude llegue a quienes realmente lo necesitan, pues dejar\u00e1n los v\u00edveres con grupos civiles y la agrupaci\u00f3n de los topos en Juchitl\u00e1n Oaxaca. El arrib\u00f3 del tr\u00e1iler a ese lugar se prev\u00e9 sea ma\u00f1ana entre las 14:00 y las 15:00 horas, en donde permanecer\u00e1n por espacio de dos d\u00edas, ayudando en la integraci\u00f3n de comit\u00e9s de fiscalizaci\u00f3n y recepci\u00f3n de la ayuda.<\/span><\/p>\n","protected":false},"excerpt":{"rendered":"<p>Zeus Rueda miembro de Protecci\u00f3n Civil de La Piedad a nombre de los rescatistas consideraron&#8230;<\/p>\n","protected":false},"author":1,"featured_media":2683,"comment_status":"open","ping_status":"open","sticky":false,"template":"","format":"standard","meta":{"jetpack_post_was_ever_published":false,"_jetpack_newsletter_access":"","_jetpack_dont_email_post_to_subs":false,"_jetpack_newsletter_tier_id":0,"_jetpack_memberships_contains_paywalled_content":false,"_jetpack_memberships_contains_paid_content":false,"footnotes":"","jetpack_publicize_message":"","jetpack_publicize_feature_enabled":true,"jetpack_social_post_already_shared":false,"jetpack_social_options":{"image_generator_settings":{"template":"highway","enabled":false},"version":2}},"categories":[1],"tags":[15,36],"class_list":["post-2686","post","type-post","status-publish","format-standard","has-post-thumbnail","hentry","category-la-piedad","tag-la-piedad","tag-principales"],"jetpack_publicize_connections":[],"jetpack_sharing_enabled":true,"featured_image_urls":{"full":["http:\/\/tvalaire.com\/wp-content\/uploads\/2017\/09\/LLEVAN-25-TONELADAS-DE-AYUDA-A-OAXACA2.jpg",1024,684,false],"thumbnail":["http:\/\/tvalaire.com\/wp-content\/uploads\/2017\/09\/LLEVAN-25-TONELADAS-DE-AYUDA-A-OAXACA2-150x150.jpg",150,150,true],"medium":["http:\/\/tvalaire.com\/wp-content\/uploads\/2017\/09\/LLEVAN-25-TONELADAS-DE-AYUDA-A-OAXACA2-300x200.jpg",300,200,true],"medium_large":["http:\/\/tvalaire.com\/wp-content\/uploads\/2017\/09\/LLEVAN-25-TONELADAS-DE-AYUDA-A-OAXACA2-768x513.jpg",640,428,true],"large":["http:\/\/tvalaire.com\/wp-content\/uploads\/2017\/09\/LLEVAN-25-TONELADAS-DE-AYUDA-A-OAXACA2-1024x684.jpg",640,428,true],"post-slider-thumb-size":["http:\/\/tvalaire.com\/wp-content\/uploads\/2017\/09\/LLEVAN-25-TONELADAS-DE-AYUDA-A-OAXACA2.jpg",284,190,false],"post-category-slider-size":["http:\/\/tvalaire.com\/wp-content\/uploads\/2017\/09\/LLEVAN-25-TONELADAS-DE-AYUDA-A-OAXACA2.jpg",330,220,false],"1536x1536":["http:\/\/tvalaire.com\/wp-content\/uploads\/2017\/09\/LLEVAN-25-TONELADAS-DE-AYUDA-A-OAXACA2.jpg",1024,684,false],"2048x2048":["http:\/\/tvalaire.com\/wp-content\/uploads\/2017\/09\/LLEVAN-25-TONELADAS-DE-AYUDA-A-OAXACA2.jpg",1024,684,false],"newsium-slider-full":["http:\/\/tvalaire.com\/wp-content\/uploads\/2017\/09\/LLEVAN-25-TONELADAS-DE-AYUDA-A-OAXACA2.jpg",1024,684,false],"newsium-featured":["http:\/\/tvalaire.com\/wp-content\/uploads\/2017\/09\/LLEVAN-25-TONELADAS-DE-AYUDA-A-OAXACA2.jpg",1024,684,false],"newsium-medium":["http:\/\/tvalaire.com\/wp-content\/uploads\/2017\/09\/LLEVAN-25-TONELADAS-DE-AYUDA-A-OAXACA2.jpg",711,475,false]},"author_info":{"info":["tvalairenoti"]},"category_info":"<a href=\"http:\/\/tvalaire.com\/?cat=1\" rel=\"category\">La Piedad<\/a>","tag_info":"La Piedad","comment_count":"0","jetpack_featured_media_url":"http:\/\/tvalaire.com\/wp-content\/uploads\/2017\/09\/LLEVAN-25-TONELADAS-DE-AYUDA-A-OAXACA2.jpg","_links":{"self":[{"href":"http:\/\/tvalaire.com\/index.php?rest_route=\/wp\/v2\/posts\/2686"}],"collection":[{"href":"http:\/\/tvalaire.com\/index.php?rest_route=\/wp\/v2\/posts"}],"about":[{"href":"http:\/\/tvalaire.com\/index.php?rest_route=\/wp\/v2\/types\/post"}],"author":[{"embeddable":true,"href":"http:\/\/tvalaire.com\/index.php?rest_route=\/wp\/v2\/users\/1"}],"replies":[{"embeddable":true,"href":"http:\/\/tvalaire.com\/index.php?rest_route=%2Fwp%2Fv2%2Fcomments&post=2686"}],"version-history":[{"count":1,"href":"http:\/\/tvalaire.com\/index.php?rest_route=\/wp\/v2\/posts\/2686\/revisions"}],"predecessor-version":[{"id":2687,"href":"http:\/\/tvalaire.com\/index.php?rest_route=\/wp\/v2\/posts\/2686\/revisions\/2687"}],"wp:featuredmedia":[{"embeddable":true,"href":"http:\/\/tvalaire.com\/index.php?rest_route=\/wp\/v2\/media\/2683"}],"wp:attachment":[{"href":"http:\/\/tvalaire.com\/index.php?rest_route=%2Fwp%2Fv2%2Fmedia&parent=2686"}],"wp:term":[{"taxonomy":"category","embeddable":true,"href":"http:\/\/tvalaire.com\/index.php?rest_route=%2Fwp%2Fv2%2Fcategories&post=2686"},{"taxonomy":"post_tag","embeddable":true,"href":"http:\/\/tvalaire.com\/index.php?rest_route=%2Fwp%2Fv2%2Ftags&post=2686"}],"curies":[{"name":"wp","href":"https:\/\/api.w.org\/{rel}","templated":true}]}}