{"id":2682,"date":"2017-09-20T11:33:36","date_gmt":"2017-09-20T16:33:36","guid":{"rendered":"http:\/\/tvalaire.com\/?p=2682"},"modified":"2017-09-20T11:33:36","modified_gmt":"2017-09-20T16:33:36","slug":"sapas-la-piedad-comparte-experiencias-a-organismos-de-la-cuenca-de-patzcuaro","status":"publish","type":"post","link":"http:\/\/tvalaire.com\/?p=2682","title":{"rendered":"SAPAS LA PIEDAD COMPARTE EXPERIENCIAS A ORGANISMOS DE LA CUENCA DE P\u00c1TZCUARO"},"content":{"rendered":"<p>El titular del SAPAS La Piedad, Jorge Rubio Olivares, extern\u00f3 a sus hom\u00f3logos la necesidad de generar proyectos a mediano y largo plazo y sobre todo, dar continuidad a estos como es el caso de este Gobierno Municipal, para que se logren cumplir con los objetivos de incrementar las eficiencias y coberturas buscando satisfacer las necesidades de la poblaci\u00f3n, sin dejar de lado la conservaci\u00f3n del recurso, del medio ambiente y la salud de la ciudadan\u00eda.<\/p>\n<p>El Sistema de Agua Potable, Alcantarillado y Saneamiento de La Piedad (SAPAS) tuvo la presencia de los directivos de los Organismos Operadores de Agua que integran la cuenca del Lago de P\u00e1tzcuaro, con la finalidad de compartir experiencias sobre los resultados que se han tenido en el municipio con respecto a la prestaci\u00f3n de los servicios.<\/p>\n<p>Asistieron a esta visita los titulares de organismos de Tzintzuntzan, Lagunillas, P\u00e1tzcuraro y Zacapu, acompa\u00f1ados por personal de la comisi\u00f3n de la Cuenca de la zona lacustre, a quienes se dio un recorrido por las \u00e1reas de telemetr\u00eda, comercial y de operaci\u00f3n, en donde\u00a0 se les expuso las formas en que SAPAS La Piedad desarrolla acciones para la mejora del abastecimiento.<\/p>\n<p>Para ello, se destac\u00f3 la macro y micro medici\u00f3n, la selecci\u00f3n de los equipos y la tecnolog\u00eda necesaria para la prestaci\u00f3n de los servicios de acuerdo a las caracter\u00edsticas de cada entorno municipal, el ahorro de energ\u00eda, la automatizaci\u00f3n y monitoreo de las redes, la detecci\u00f3n de fugas en las tuber\u00edas y en los domicilios, la correcta cloraci\u00f3n del agua potable, as\u00ed como la captaci\u00f3n y saneamiento de las aguas residuales.<\/p>\n<p>As\u00ed mismo se hizo hincapi\u00e9 en la regulaci\u00f3n de las tarifas para que los organismos sean autosuficientes; que estas sean reales de acuerdo a los costos de operaci\u00f3n y mantenimiento y que permitan a las dependencias tener los recursos para invertir en las mejoras que cada municipio requiere.<\/p>\n<p>&nbsp;<\/p>\n","protected":false},"excerpt":{"rendered":"<p>El titular del SAPAS La Piedad, Jorge Rubio Olivares, extern\u00f3 a sus hom\u00f3logos la necesidad&#8230;<\/p>\n","protected":false},"author":1,"featured_media":2684,"comment_status":"open","ping_status":"open","sticky":false,"template":"","format":"standard","meta":{"jetpack_post_was_ever_published":false,"_jetpack_newsletter_access":"","_jetpack_dont_email_post_to_subs":false,"_jetpack_newsletter_tier_id":0,"_jetpack_memberships_contains_paywalled_content":false,"_jetpack_memberships_contains_paid_content":false,"footnotes":"","jetpack_publicize_message":"","jetpack_publicize_feature_enabled":true,"jetpack_social_post_already_shared":false,"jetpack_social_options":{"image_generator_settings":{"template":"highway","enabled":false},"version":2}},"categories":[1],"tags":[15,36],"class_list":["post-2682","post","type-post","status-publish","format-standard","has-post-thumbnail","hentry","category-la-piedad","tag-la-piedad","tag-principales"],"jetpack_publicize_connections":[],"jetpack_sharing_enabled":true,"featured_image_urls":{"full":["http:\/\/tvalaire.com\/wp-content\/uploads\/2017\/09\/SAPAS-LA-PIEDAD-COMPARTE-EXPERIENCIAS-A-ORGANISMOS-DE-LA-CUENCA-DE-P\u00c1TZCUARO.jpg",1024,683,false],"thumbnail":["http:\/\/tvalaire.com\/wp-content\/uploads\/2017\/09\/SAPAS-LA-PIEDAD-COMPARTE-EXPERIENCIAS-A-ORGANISMOS-DE-LA-CUENCA-DE-P\u00c1TZCUARO-150x150.jpg",150,150,true],"medium":["http:\/\/tvalaire.com\/wp-content\/uploads\/2017\/09\/SAPAS-LA-PIEDAD-COMPARTE-EXPERIENCIAS-A-ORGANISMOS-DE-LA-CUENCA-DE-P\u00c1TZCUARO-300x200.jpg",300,200,true],"medium_large":["http:\/\/tvalaire.com\/wp-content\/uploads\/2017\/09\/SAPAS-LA-PIEDAD-COMPARTE-EXPERIENCIAS-A-ORGANISMOS-DE-LA-CUENCA-DE-P\u00c1TZCUARO-768x512.jpg",640,427,true],"large":["http:\/\/tvalaire.com\/wp-content\/uploads\/2017\/09\/SAPAS-LA-PIEDAD-COMPARTE-EXPERIENCIAS-A-ORGANISMOS-DE-LA-CUENCA-DE-P\u00c1TZCUARO-1024x683.jpg",640,427,true],"post-slider-thumb-size":["http:\/\/tvalaire.com\/wp-content\/uploads\/2017\/09\/SAPAS-LA-PIEDAD-COMPARTE-EXPERIENCIAS-A-ORGANISMOS-DE-LA-CUENCA-DE-P\u00c1TZCUARO.jpg",285,190,false],"post-category-slider-size":["http:\/\/tvalaire.com\/wp-content\/uploads\/2017\/09\/SAPAS-LA-PIEDAD-COMPARTE-EXPERIENCIAS-A-ORGANISMOS-DE-LA-CUENCA-DE-P\u00c1TZCUARO.jpg",330,220,false],"1536x1536":["http:\/\/tvalaire.com\/wp-content\/uploads\/2017\/09\/SAPAS-LA-PIEDAD-COMPARTE-EXPERIENCIAS-A-ORGANISMOS-DE-LA-CUENCA-DE-P\u00c1TZCUARO.jpg",1024,683,false],"2048x2048":["http:\/\/tvalaire.com\/wp-content\/uploads\/2017\/09\/SAPAS-LA-PIEDAD-COMPARTE-EXPERIENCIAS-A-ORGANISMOS-DE-LA-CUENCA-DE-P\u00c1TZCUARO.jpg",1024,683,false],"newsium-slider-full":["http:\/\/tvalaire.com\/wp-content\/uploads\/2017\/09\/SAPAS-LA-PIEDAD-COMPARTE-EXPERIENCIAS-A-ORGANISMOS-DE-LA-CUENCA-DE-P\u00c1TZCUARO.jpg",1024,683,false],"newsium-featured":["http:\/\/tvalaire.com\/wp-content\/uploads\/2017\/09\/SAPAS-LA-PIEDAD-COMPARTE-EXPERIENCIAS-A-ORGANISMOS-DE-LA-CUENCA-DE-P\u00c1TZCUARO.jpg",1024,683,false],"newsium-medium":["http:\/\/tvalaire.com\/wp-content\/uploads\/2017\/09\/SAPAS-LA-PIEDAD-COMPARTE-EXPERIENCIAS-A-ORGANISMOS-DE-LA-CUENCA-DE-P\u00c1TZCUARO.jpg",712,475,false]},"author_info":{"info":["tvalairenoti"]},"category_info":"<a href=\"http:\/\/tvalaire.com\/?cat=1\" rel=\"category\">La Piedad<\/a>","tag_info":"La Piedad","comment_count":"0","jetpack_featured_media_url":"http:\/\/tvalaire.com\/wp-content\/uploads\/2017\/09\/SAPAS-LA-PIEDAD-COMPARTE-EXPERIENCIAS-A-ORGANISMOS-DE-LA-CUENCA-DE-P\u00c1TZCUARO.jpg","_links":{"self":[{"href":"http:\/\/tvalaire.com\/index.php?rest_route=\/wp\/v2\/posts\/2682"}],"collection":[{"href":"http:\/\/tvalaire.com\/index.php?rest_route=\/wp\/v2\/posts"}],"about":[{"href":"http:\/\/tvalaire.com\/index.php?rest_route=\/wp\/v2\/types\/post"}],"author":[{"embeddable":true,"href":"http:\/\/tvalaire.com\/index.php?rest_route=\/wp\/v2\/users\/1"}],"replies":[{"embeddable":true,"href":"http:\/\/tvalaire.com\/index.php?rest_route=%2Fwp%2Fv2%2Fcomments&post=2682"}],"version-history":[{"count":1,"href":"http:\/\/tvalaire.com\/index.php?rest_route=\/wp\/v2\/posts\/2682\/revisions"}],"predecessor-version":[{"id":2685,"href":"http:\/\/tvalaire.com\/index.php?rest_route=\/wp\/v2\/posts\/2682\/revisions\/2685"}],"wp:featuredmedia":[{"embeddable":true,"href":"http:\/\/tvalaire.com\/index.php?rest_route=\/wp\/v2\/media\/2684"}],"wp:attachment":[{"href":"http:\/\/tvalaire.com\/index.php?rest_route=%2Fwp%2Fv2%2Fmedia&parent=2682"}],"wp:term":[{"taxonomy":"category","embeddable":true,"href":"http:\/\/tvalaire.com\/index.php?rest_route=%2Fwp%2Fv2%2Fcategories&post=2682"},{"taxonomy":"post_tag","embeddable":true,"href":"http:\/\/tvalaire.com\/index.php?rest_route=%2Fwp%2Fv2%2Ftags&post=2682"}],"curies":[{"name":"wp","href":"https:\/\/api.w.org\/{rel}","templated":true}]}}