{"id":2676,"date":"2017-09-19T08:44:48","date_gmt":"2017-09-19T13:44:48","guid":{"rendered":"http:\/\/tvalaire.com\/?p=2676"},"modified":"2017-09-19T08:44:48","modified_gmt":"2017-09-19T13:44:48","slug":"se-busca-abatir-indice-de-rezago-educativo","status":"publish","type":"post","link":"http:\/\/tvalaire.com\/?p=2676","title":{"rendered":"SE BUSCA ABATIR \u00cdNDICE DE REZAGO EDUCATIVO"},"content":{"rendered":"<p class=\"xmsonormal\" style=\"text-align: justify; background: white; font-variant-ligatures: normal; font-variant-caps: normal; orphans: 2; widows: 2; -webkit-text-stroke-width: 0px; text-decoration-style: initial; text-decoration-color: initial; word-spacing: 0px;\"><span style=\"font-family: 'Arial','sans-serif'; color: #212121;\">El Gobierno Municipal estableci\u00f3 dentro de sus pol\u00edticas de trabajo colaborar por medio de la direcci\u00f3n de Educaci\u00f3n con el INEA para abatir las estad\u00edsticas que en esta materia se presentan con mucha frecuencia.<\/span><\/p>\n<p class=\"xmsonormal\" style=\"text-align: justify; background: white; font-variant-ligatures: normal; font-variant-caps: normal; orphans: 2; widows: 2; -webkit-text-stroke-width: 0px; text-decoration-style: initial; text-decoration-color: initial; word-spacing: 0px;\"><span style=\"font-family: 'Arial','sans-serif'; color: #212121;\">A decir del director de Educaci\u00f3n, en La Piedad existen cifras lamentables sobre rezago educativo con las cuales se tiene ya un programa establecido con el INEA para buscar la manera de bajar los \u00edndices, mediante la implementaci\u00f3n del programa de regularizaci\u00f3n.<\/span><\/p>\n<p class=\"xmsonormal\" style=\"text-align: justify; background: white; font-variant-ligatures: normal; font-variant-caps: normal; orphans: 2; widows: 2; -webkit-text-stroke-width: 0px; text-decoration-style: initial; text-decoration-color: initial; word-spacing: 0px;\"><span style=\"font-family: 'Arial','sans-serif'; color: #212121;\">Y es que tan s\u00f3lo en el nivel de Primaria existen m\u00e1s de 13 mil estudiantes que se registran en los diversos niveles, pero no la terminan. A nivel de Secundaria son m\u00e1s de 17 mil alumnos que no hay concluido esta instrucci\u00f3n, que sumados son poco m\u00e1s de 30 mil personas con rezago educativo por diversas causas. La principal, es la mala alimentaci\u00f3n por la situaci\u00f3n econ\u00f3mica, el bajo rendimiento acad\u00e9mico y los embarazos en la Secundaria.<\/span><\/p>\n<p class=\"xmsonormal\" style=\"text-align: justify; background: white; font-variant-ligatures: normal; font-variant-caps: normal; orphans: 2; widows: 2; -webkit-text-stroke-width: 0px; text-decoration-style: initial; text-decoration-color: initial; word-spacing: 0px;\"><span style=\"font-family: 'Arial','sans-serif'; color: #212121;\">En cuanto a lo econ\u00f3mico, el Gobierno Municipal ha destinado recursos por 10.3 millones de pesos este a\u00f1o, para la entrega de becas que estimulen el estudio y la permanencia de los alumnos a las instituciones educativas.<\/span><\/p>\n<p class=\"xmsonormal\" style=\"text-align: justify; background: white; font-variant-ligatures: normal; font-variant-caps: normal; orphans: 2; widows: 2; -webkit-text-stroke-width: 0px; text-decoration-style: initial; text-decoration-color: initial; word-spacing: 0px;\"><span style=\"font-family: 'Arial','sans-serif'; color: #212121;\">De hecho, La Piedad es uno de los pocos municipios que a nivel estatal otorga este tipo de apoyos a los estudiantes, pues s\u00f3lo se tiene registro de localidades como Morelia, Zit\u00e1cuaro y Ciudad Hidalgo en donde los gobiernos destinan recursos de su presupuesto para ayudar a la poblaci\u00f3n estudiantil.<\/span><\/p>\n<p class=\"xmsonormal\" style=\"text-align: justify; background: white; font-variant-ligatures: normal; font-variant-caps: normal; orphans: 2; widows: 2; -webkit-text-stroke-width: 0px; text-decoration-style: initial; text-decoration-color: initial; word-spacing: 0px;\"><span style=\"font-family: 'Arial','sans-serif'; color: #212121;\">En el caso de La Piedad, es el 3.75% del total del presupuesto destinado para apoyar econ\u00f3micamente a 4 mil 479 estudiantes de todos los niveles educativos.<\/span><\/p>\n<p class=\"xmsonormal\" style=\"text-align: justify; background: white; font-variant-ligatures: normal; font-variant-caps: normal; orphans: 2; widows: 2; -webkit-text-stroke-width: 0px; text-decoration-style: initial; text-decoration-color: initial; word-spacing: 0px;\"><span style=\"font-family: 'Arial','sans-serif'; color: #212121;\">El Instituto Nacional para la Educaci\u00f3n de los Adultos, cuenta con un programa espec\u00edfico para regularizar a los ciudadanos que no concluyeron el nivel Primaria y Secundaria, las inscripciones se llevan a cabo en la plaza comunitaria del INEA que se ubica en la calle Santos Degollado n\u00famero 134 en la colonia centro (oficinas de la CTM), a donde se invita a los interesados a inscribirse para que concluyan con su instrucci\u00f3n de nivel b\u00e1sico y se logre disminuir los \u00edndices de rezago educativo.<\/span><\/p>\n","protected":false},"excerpt":{"rendered":"<p>El Gobierno Municipal estableci\u00f3 dentro de sus pol\u00edticas de trabajo colaborar por medio de la&#8230;<\/p>\n","protected":false},"author":1,"featured_media":2672,"comment_status":"open","ping_status":"open","sticky":false,"template":"","format":"standard","meta":{"jetpack_post_was_ever_published":false,"_jetpack_newsletter_access":"","_jetpack_dont_email_post_to_subs":false,"_jetpack_newsletter_tier_id":0,"_jetpack_memberships_contains_paywalled_content":false,"_jetpack_memberships_contains_paid_content":false,"footnotes":"","jetpack_publicize_message":"","jetpack_publicize_feature_enabled":true,"jetpack_social_post_already_shared":false,"jetpack_social_options":{"image_generator_settings":{"template":"highway","enabled":false},"version":2}},"categories":[1],"tags":[15,36],"class_list":["post-2676","post","type-post","status-publish","format-standard","has-post-thumbnail","hentry","category-la-piedad","tag-la-piedad","tag-principales"],"jetpack_publicize_connections":[],"jetpack_sharing_enabled":true,"featured_image_urls":{"full":["http:\/\/tvalaire.com\/wp-content\/uploads\/2017\/09\/SE-BUSCA-ABATIR-\u00cdNDICE-DE-REZAGO-EDUCATIVO.jpg",1100,733,false],"thumbnail":["http:\/\/tvalaire.com\/wp-content\/uploads\/2017\/09\/SE-BUSCA-ABATIR-\u00cdNDICE-DE-REZAGO-EDUCATIVO-150x150.jpg",150,150,true],"medium":["http:\/\/tvalaire.com\/wp-content\/uploads\/2017\/09\/SE-BUSCA-ABATIR-\u00cdNDICE-DE-REZAGO-EDUCATIVO-300x200.jpg",300,200,true],"medium_large":["http:\/\/tvalaire.com\/wp-content\/uploads\/2017\/09\/SE-BUSCA-ABATIR-\u00cdNDICE-DE-REZAGO-EDUCATIVO-768x512.jpg",640,427,true],"large":["http:\/\/tvalaire.com\/wp-content\/uploads\/2017\/09\/SE-BUSCA-ABATIR-\u00cdNDICE-DE-REZAGO-EDUCATIVO-1024x682.jpg",640,426,true],"post-slider-thumb-size":["http:\/\/tvalaire.com\/wp-content\/uploads\/2017\/09\/SE-BUSCA-ABATIR-\u00cdNDICE-DE-REZAGO-EDUCATIVO.jpg",285,190,false],"post-category-slider-size":["http:\/\/tvalaire.com\/wp-content\/uploads\/2017\/09\/SE-BUSCA-ABATIR-\u00cdNDICE-DE-REZAGO-EDUCATIVO.jpg",330,220,false],"1536x1536":["http:\/\/tvalaire.com\/wp-content\/uploads\/2017\/09\/SE-BUSCA-ABATIR-\u00cdNDICE-DE-REZAGO-EDUCATIVO.jpg",1100,733,false],"2048x2048":["http:\/\/tvalaire.com\/wp-content\/uploads\/2017\/09\/SE-BUSCA-ABATIR-\u00cdNDICE-DE-REZAGO-EDUCATIVO.jpg",1100,733,false],"newsium-slider-full":["http:\/\/tvalaire.com\/wp-content\/uploads\/2017\/09\/SE-BUSCA-ABATIR-\u00cdNDICE-DE-REZAGO-EDUCATIVO.jpg",1100,733,false],"newsium-featured":["http:\/\/tvalaire.com\/wp-content\/uploads\/2017\/09\/SE-BUSCA-ABATIR-\u00cdNDICE-DE-REZAGO-EDUCATIVO.jpg",1024,682,false],"newsium-medium":["http:\/\/tvalaire.com\/wp-content\/uploads\/2017\/09\/SE-BUSCA-ABATIR-\u00cdNDICE-DE-REZAGO-EDUCATIVO.jpg",713,475,false]},"author_info":{"info":["tvalairenoti"]},"category_info":"<a href=\"http:\/\/tvalaire.com\/?cat=1\" rel=\"category\">La Piedad<\/a>","tag_info":"La Piedad","comment_count":"0","jetpack_featured_media_url":"http:\/\/tvalaire.com\/wp-content\/uploads\/2017\/09\/SE-BUSCA-ABATIR-\u00cdNDICE-DE-REZAGO-EDUCATIVO.jpg","_links":{"self":[{"href":"http:\/\/tvalaire.com\/index.php?rest_route=\/wp\/v2\/posts\/2676"}],"collection":[{"href":"http:\/\/tvalaire.com\/index.php?rest_route=\/wp\/v2\/posts"}],"about":[{"href":"http:\/\/tvalaire.com\/index.php?rest_route=\/wp\/v2\/types\/post"}],"author":[{"embeddable":true,"href":"http:\/\/tvalaire.com\/index.php?rest_route=\/wp\/v2\/users\/1"}],"replies":[{"embeddable":true,"href":"http:\/\/tvalaire.com\/index.php?rest_route=%2Fwp%2Fv2%2Fcomments&post=2676"}],"version-history":[{"count":1,"href":"http:\/\/tvalaire.com\/index.php?rest_route=\/wp\/v2\/posts\/2676\/revisions"}],"predecessor-version":[{"id":2677,"href":"http:\/\/tvalaire.com\/index.php?rest_route=\/wp\/v2\/posts\/2676\/revisions\/2677"}],"wp:featuredmedia":[{"embeddable":true,"href":"http:\/\/tvalaire.com\/index.php?rest_route=\/wp\/v2\/media\/2672"}],"wp:attachment":[{"href":"http:\/\/tvalaire.com\/index.php?rest_route=%2Fwp%2Fv2%2Fmedia&parent=2676"}],"wp:term":[{"taxonomy":"category","embeddable":true,"href":"http:\/\/tvalaire.com\/index.php?rest_route=%2Fwp%2Fv2%2Fcategories&post=2676"},{"taxonomy":"post_tag","embeddable":true,"href":"http:\/\/tvalaire.com\/index.php?rest_route=%2Fwp%2Fv2%2Ftags&post=2676"}],"curies":[{"name":"wp","href":"https:\/\/api.w.org\/{rel}","templated":true}]}}