{"id":2674,"date":"2017-09-19T08:44:15","date_gmt":"2017-09-19T13:44:15","guid":{"rendered":"http:\/\/tvalaire.com\/?p=2674"},"modified":"2017-09-19T08:44:15","modified_gmt":"2017-09-19T13:44:15","slug":"policias-municipales-de-la-piedad-portaran-nuevo-uniforme","status":"publish","type":"post","link":"http:\/\/tvalaire.com\/?p=2674","title":{"rendered":"POLIC\u00cdAS MUNICIPALES DE LA PIEDAD PORTAR\u00c1N NUEVO UNIFORME"},"content":{"rendered":"<p class=\"xmsonormal\" style=\"text-align: justify; background: white; font-variant-ligatures: normal; font-variant-caps: normal; orphans: 2; widows: 2; -webkit-text-stroke-width: 0px; text-decoration-style: initial; text-decoration-color: initial; word-spacing: 0px;\"><span style=\"font-family: 'Arial','sans-serif'; color: #212121;\">Con una inversi\u00f3n de 2 millones 676 mil 600 pesos, el Alcalde Juan Manuel Estrada Medina, entreg\u00f3 uniformes a polic\u00edas municipales, as\u00ed como chalecos bal\u00edsticos nivel III-A, ya rotulados. Los recursos fueron aportados con apoyos obtenidos del programa de Fortalecimiento de Seguridad (FORTASEG).<\/span><\/p>\n<p class=\"xmsonormal\" style=\"text-align: justify; background: white; font-variant-ligatures: normal; font-variant-caps: normal; orphans: 2; widows: 2; -webkit-text-stroke-width: 0px; text-decoration-style: initial; text-decoration-color: initial; word-spacing: 0px;\"><span style=\"font-family: 'Arial','sans-serif'; color: #212121;\">En total entreg\u00f3 370 botas, 185 chamarras, 50 fornituras, 50 candados de mano met\u00e1lico (esposas), 370 camisolas comando, 370 pantal\u00f3n policial comando, 370 gorras beisbolera, 185 playeras tipo polo, as\u00ed como 30 chalecos bal\u00edsticos nivel III-A, ya rotulados.<\/span><\/p>\n<p class=\"xmsonormal\" style=\"text-align: justify; background: white; font-variant-ligatures: normal; font-variant-caps: normal; orphans: 2; widows: 2; -webkit-text-stroke-width: 0px; text-decoration-style: initial; text-decoration-color: initial; word-spacing: 0px;\"><span style=\"font-family: 'Arial','sans-serif'; color: #212121;\">Cabe destacar que las prendas de vestir, fueron seleccionadas de acuerdo a las reglas establecidas y tanto las chamarras, pantalones, camisolas y las gorras cuentan con telas que repelen al agua.<\/span><\/p>\n<p class=\"xmsonormal\" style=\"text-align: justify; background: white; font-variant-ligatures: normal; font-variant-caps: normal; orphans: 2; widows: 2; -webkit-text-stroke-width: 0px; text-decoration-style: initial; text-decoration-color: initial; word-spacing: 0px;\"><span style=\"font-family: 'Arial','sans-serif'; color: #212121;\">El acto de entrega oficial de los uniformes se realiz\u00f3 en uno de los pasillos de la Presidencia Municipal, en donde se cont\u00f3 a su vez con la presencia del director de Seguridad P\u00fablica, Alfredo Lucio R\u00edos Ch\u00e1vez; el Oficial Mayor, Benjam\u00edn Ba\u00f1ales y el Secretario del Ayuntamiento, Daniel V\u00e1zquez; ah\u00ed el Alcalde dijo que una de las instrucciones al personal encargado de hacer las compras, el no escatimar en adquirir herramientas de trabajo y uniformes de calidad, por lo que en caso de ver alguna irregularidad en cuanto a ello, la hicieran de su conocimiento.<\/span><\/p>\n<p class=\"xmsonormal\" style=\"text-align: justify; background: white; font-variant-ligatures: normal; font-variant-caps: normal; orphans: 2; widows: 2; -webkit-text-stroke-width: 0px; text-decoration-style: initial; text-decoration-color: initial; word-spacing: 0px;\"><span style=\"font-family: 'Arial','sans-serif'; color: #212121;\">Solicit\u00f3 a su vez, ser rec\u00edprocos con los esfuerzos que la administraci\u00f3n municipal hace para proporcionarles lo necesario para que realicen su trabajo, respondiendo con mayor seguridad para los ciudadanos.<\/span><\/p>\n","protected":false},"excerpt":{"rendered":"<p>Con una inversi\u00f3n de 2 millones 676 mil 600 pesos, el Alcalde Juan Manuel Estrada&#8230;<\/p>\n","protected":false},"author":1,"featured_media":2670,"comment_status":"open","ping_status":"open","sticky":false,"template":"","format":"standard","meta":{"jetpack_post_was_ever_published":false,"_jetpack_newsletter_access":"","_jetpack_dont_email_post_to_subs":false,"_jetpack_newsletter_tier_id":0,"_jetpack_memberships_contains_paywalled_content":false,"_jetpack_memberships_contains_paid_content":false,"footnotes":"","jetpack_publicize_message":"","jetpack_publicize_feature_enabled":true,"jetpack_social_post_already_shared":false,"jetpack_social_options":{"image_generator_settings":{"template":"highway","enabled":false},"version":2}},"categories":[1],"tags":[15,36],"class_list":["post-2674","post","type-post","status-publish","format-standard","has-post-thumbnail","hentry","category-la-piedad","tag-la-piedad","tag-principales"],"jetpack_publicize_connections":[],"jetpack_sharing_enabled":true,"featured_image_urls":{"full":["http:\/\/tvalaire.com\/wp-content\/uploads\/2017\/09\/POLIC\u00cdAS-MUNICIPALES-DE-LA-PIEDAD-PORTAR\u00c1N-NUEVO-UNIFORME.jpg",1024,684,false],"thumbnail":["http:\/\/tvalaire.com\/wp-content\/uploads\/2017\/09\/POLIC\u00cdAS-MUNICIPALES-DE-LA-PIEDAD-PORTAR\u00c1N-NUEVO-UNIFORME-150x150.jpg",150,150,true],"medium":["http:\/\/tvalaire.com\/wp-content\/uploads\/2017\/09\/POLIC\u00cdAS-MUNICIPALES-DE-LA-PIEDAD-PORTAR\u00c1N-NUEVO-UNIFORME-300x200.jpg",300,200,true],"medium_large":["http:\/\/tvalaire.com\/wp-content\/uploads\/2017\/09\/POLIC\u00cdAS-MUNICIPALES-DE-LA-PIEDAD-PORTAR\u00c1N-NUEVO-UNIFORME-768x513.jpg",640,428,true],"large":["http:\/\/tvalaire.com\/wp-content\/uploads\/2017\/09\/POLIC\u00cdAS-MUNICIPALES-DE-LA-PIEDAD-PORTAR\u00c1N-NUEVO-UNIFORME-1024x684.jpg",640,428,true],"post-slider-thumb-size":["http:\/\/tvalaire.com\/wp-content\/uploads\/2017\/09\/POLIC\u00cdAS-MUNICIPALES-DE-LA-PIEDAD-PORTAR\u00c1N-NUEVO-UNIFORME.jpg",284,190,false],"post-category-slider-size":["http:\/\/tvalaire.com\/wp-content\/uploads\/2017\/09\/POLIC\u00cdAS-MUNICIPALES-DE-LA-PIEDAD-PORTAR\u00c1N-NUEVO-UNIFORME.jpg",330,220,false],"1536x1536":["http:\/\/tvalaire.com\/wp-content\/uploads\/2017\/09\/POLIC\u00cdAS-MUNICIPALES-DE-LA-PIEDAD-PORTAR\u00c1N-NUEVO-UNIFORME.jpg",1024,684,false],"2048x2048":["http:\/\/tvalaire.com\/wp-content\/uploads\/2017\/09\/POLIC\u00cdAS-MUNICIPALES-DE-LA-PIEDAD-PORTAR\u00c1N-NUEVO-UNIFORME.jpg",1024,684,false],"newsium-slider-full":["http:\/\/tvalaire.com\/wp-content\/uploads\/2017\/09\/POLIC\u00cdAS-MUNICIPALES-DE-LA-PIEDAD-PORTAR\u00c1N-NUEVO-UNIFORME.jpg",1024,684,false],"newsium-featured":["http:\/\/tvalaire.com\/wp-content\/uploads\/2017\/09\/POLIC\u00cdAS-MUNICIPALES-DE-LA-PIEDAD-PORTAR\u00c1N-NUEVO-UNIFORME.jpg",1024,684,false],"newsium-medium":["http:\/\/tvalaire.com\/wp-content\/uploads\/2017\/09\/POLIC\u00cdAS-MUNICIPALES-DE-LA-PIEDAD-PORTAR\u00c1N-NUEVO-UNIFORME.jpg",711,475,false]},"author_info":{"info":["tvalairenoti"]},"category_info":"<a href=\"http:\/\/tvalaire.com\/?cat=1\" rel=\"category\">La Piedad<\/a>","tag_info":"La Piedad","comment_count":"0","jetpack_featured_media_url":"http:\/\/tvalaire.com\/wp-content\/uploads\/2017\/09\/POLIC\u00cdAS-MUNICIPALES-DE-LA-PIEDAD-PORTAR\u00c1N-NUEVO-UNIFORME.jpg","_links":{"self":[{"href":"http:\/\/tvalaire.com\/index.php?rest_route=\/wp\/v2\/posts\/2674"}],"collection":[{"href":"http:\/\/tvalaire.com\/index.php?rest_route=\/wp\/v2\/posts"}],"about":[{"href":"http:\/\/tvalaire.com\/index.php?rest_route=\/wp\/v2\/types\/post"}],"author":[{"embeddable":true,"href":"http:\/\/tvalaire.com\/index.php?rest_route=\/wp\/v2\/users\/1"}],"replies":[{"embeddable":true,"href":"http:\/\/tvalaire.com\/index.php?rest_route=%2Fwp%2Fv2%2Fcomments&post=2674"}],"version-history":[{"count":1,"href":"http:\/\/tvalaire.com\/index.php?rest_route=\/wp\/v2\/posts\/2674\/revisions"}],"predecessor-version":[{"id":2675,"href":"http:\/\/tvalaire.com\/index.php?rest_route=\/wp\/v2\/posts\/2674\/revisions\/2675"}],"wp:featuredmedia":[{"embeddable":true,"href":"http:\/\/tvalaire.com\/index.php?rest_route=\/wp\/v2\/media\/2670"}],"wp:attachment":[{"href":"http:\/\/tvalaire.com\/index.php?rest_route=%2Fwp%2Fv2%2Fmedia&parent=2674"}],"wp:term":[{"taxonomy":"category","embeddable":true,"href":"http:\/\/tvalaire.com\/index.php?rest_route=%2Fwp%2Fv2%2Fcategories&post=2674"},{"taxonomy":"post_tag","embeddable":true,"href":"http:\/\/tvalaire.com\/index.php?rest_route=%2Fwp%2Fv2%2Ftags&post=2674"}],"curies":[{"name":"wp","href":"https:\/\/api.w.org\/{rel}","templated":true}]}}