{"id":267,"date":"2017-02-01T11:49:47","date_gmt":"2017-02-01T17:49:47","guid":{"rendered":"http:\/\/tvalaire.com\/?p=267"},"modified":"2017-02-01T11:49:47","modified_gmt":"2017-02-01T17:49:47","slug":"inician-cursos-en-centros-comunitarios-de-la-piedad","status":"publish","type":"post","link":"http:\/\/tvalaire.com\/?p=267","title":{"rendered":"INICIAN CURSOS EN CENTROS COMUNITARIOS DE LA PIEDAD"},"content":{"rendered":"<p>Parte de los trabajos que la actual administraci\u00f3n presidida por el Alcalde Juan Manuel Estrada Medina, realiza se dirigen al mejoramiento y reconstrucci\u00f3n del tejido social de todo el municipio, muestras de las acciones en favor de la poblaci\u00f3n se reflejan en los cursos y talleres que se ofrecen en los Centros Comunitarios.<\/p>\n<p>En esta semana son cuatro los Centros Comunitarios de la ciudad que est\u00e1n ofreciendo diversidad de actividades de desarrollo personal en favor de la poblaci\u00f3n en general que tenga el deseo de aprender algo nuevo.<\/p>\n<p>Estrada Medina, coment\u00f3 que gracias a las Secretar\u00eda de Desarrollo Agrario, Territorial y Urbano (SEDATU) estas son acciones de los programas de H\u00e1bitat en los que la poblaci\u00f3n puede capacitarse inclusive para tener un oficio que favorezca la econom\u00eda\u00a0 familiar.<\/p>\n<p>Mencion\u00f3 que durante tres o cuatro meses, dependiendo del tipo de curso o taller los asistentes a los mismos pueden desarrollarse en la m\u00fasica, bisuter\u00eda, elaboraci\u00f3n de blancos, computaci\u00f3n, alta costura, primeros auxilios, pintura, zumba, reposter\u00eda, derechos ciudadanos, equidad de e igualdad de g\u00e9nero, entre otras actividades.<\/p>\n<p>Destac\u00f3 el mun\u00edcipe que uno de los objetivos de la administraci\u00f3n a su cargo es poder orientar a la poblaci\u00f3n, instruy\u00e9ndola y ampliando su conocimiento en diferentes roles, mismos de los que pueden aprovechar para iniciar incluso su propio negocio.<\/p>\n<p>De igual manera dijo que los cursos no tienen costo alguno para quien acude a los espacios habilitados en el Fraccionamiento Delta, Colonia Vasco de Quiroga, Santa Fe y Colonia Laureles.<\/p>\n<p>Las personas interesadas pueden acudir a cualquiera de los Centros Comunitarios y revisar la disponibilidad de espacios vacantes para formar parte de las actividades que el Gobierno promueve para su beneficio.<\/p>\n<p>&nbsp;<\/p>\n","protected":false},"excerpt":{"rendered":"<p>Parte de los trabajos que la actual administraci\u00f3n presidida por el Alcalde Juan Manuel Estrada&#8230;<\/p>\n","protected":false},"author":1,"featured_media":268,"comment_status":"open","ping_status":"open","sticky":false,"template":"","format":"standard","meta":{"jetpack_post_was_ever_published":false,"_jetpack_newsletter_access":"","_jetpack_dont_email_post_to_subs":false,"_jetpack_newsletter_tier_id":0,"_jetpack_memberships_contains_paywalled_content":false,"_jetpack_memberships_contains_paid_content":false,"footnotes":"","jetpack_publicize_message":"","jetpack_publicize_feature_enabled":true,"jetpack_social_post_already_shared":false,"jetpack_social_options":{"image_generator_settings":{"template":"highway","enabled":false},"version":2}},"categories":[1],"tags":[],"class_list":["post-267","post","type-post","status-publish","format-standard","has-post-thumbnail","hentry","category-la-piedad"],"jetpack_publicize_connections":[],"jetpack_sharing_enabled":true,"featured_image_urls":{"full":["http:\/\/tvalaire.com\/wp-content\/uploads\/2017\/02\/1-2.jpg",2048,1536,false],"thumbnail":["http:\/\/tvalaire.com\/wp-content\/uploads\/2017\/02\/1-2-150x150.jpg",150,150,true],"medium":["http:\/\/tvalaire.com\/wp-content\/uploads\/2017\/02\/1-2-300x225.jpg",300,225,true],"medium_large":["http:\/\/tvalaire.com\/wp-content\/uploads\/2017\/02\/1-2-768x576.jpg",640,480,true],"large":["http:\/\/tvalaire.com\/wp-content\/uploads\/2017\/02\/1-2-1024x768.jpg",640,480,true],"post-slider-thumb-size":["http:\/\/tvalaire.com\/wp-content\/uploads\/2017\/02\/1-2.jpg",253,190,false],"post-category-slider-size":["http:\/\/tvalaire.com\/wp-content\/uploads\/2017\/02\/1-2.jpg",330,248,false],"1536x1536":["http:\/\/tvalaire.com\/wp-content\/uploads\/2017\/02\/1-2.jpg",1536,1152,false],"2048x2048":["http:\/\/tvalaire.com\/wp-content\/uploads\/2017\/02\/1-2.jpg",2048,1536,false],"newsium-slider-full":["http:\/\/tvalaire.com\/wp-content\/uploads\/2017\/02\/1-2.jpg",1127,845,false],"newsium-featured":["http:\/\/tvalaire.com\/wp-content\/uploads\/2017\/02\/1-2.jpg",1024,768,false],"newsium-medium":["http:\/\/tvalaire.com\/wp-content\/uploads\/2017\/02\/1-2.jpg",633,475,false]},"author_info":{"info":["tvalairenoti"]},"category_info":"<a href=\"http:\/\/tvalaire.com\/?cat=1\" rel=\"category\">La Piedad<\/a>","tag_info":"La Piedad","comment_count":"0","jetpack_featured_media_url":"http:\/\/tvalaire.com\/wp-content\/uploads\/2017\/02\/1-2.jpg","_links":{"self":[{"href":"http:\/\/tvalaire.com\/index.php?rest_route=\/wp\/v2\/posts\/267"}],"collection":[{"href":"http:\/\/tvalaire.com\/index.php?rest_route=\/wp\/v2\/posts"}],"about":[{"href":"http:\/\/tvalaire.com\/index.php?rest_route=\/wp\/v2\/types\/post"}],"author":[{"embeddable":true,"href":"http:\/\/tvalaire.com\/index.php?rest_route=\/wp\/v2\/users\/1"}],"replies":[{"embeddable":true,"href":"http:\/\/tvalaire.com\/index.php?rest_route=%2Fwp%2Fv2%2Fcomments&post=267"}],"version-history":[{"count":1,"href":"http:\/\/tvalaire.com\/index.php?rest_route=\/wp\/v2\/posts\/267\/revisions"}],"predecessor-version":[{"id":269,"href":"http:\/\/tvalaire.com\/index.php?rest_route=\/wp\/v2\/posts\/267\/revisions\/269"}],"wp:featuredmedia":[{"embeddable":true,"href":"http:\/\/tvalaire.com\/index.php?rest_route=\/wp\/v2\/media\/268"}],"wp:attachment":[{"href":"http:\/\/tvalaire.com\/index.php?rest_route=%2Fwp%2Fv2%2Fmedia&parent=267"}],"wp:term":[{"taxonomy":"category","embeddable":true,"href":"http:\/\/tvalaire.com\/index.php?rest_route=%2Fwp%2Fv2%2Fcategories&post=267"},{"taxonomy":"post_tag","embeddable":true,"href":"http:\/\/tvalaire.com\/index.php?rest_route=%2Fwp%2Fv2%2Ftags&post=267"}],"curies":[{"name":"wp","href":"https:\/\/api.w.org\/{rel}","templated":true}]}}