{"id":2669,"date":"2017-09-19T08:43:42","date_gmt":"2017-09-19T13:43:42","guid":{"rendered":"http:\/\/tvalaire.com\/?p=2669"},"modified":"2017-09-19T08:43:42","modified_gmt":"2017-09-19T13:43:42","slug":"saldo-blanco-en-las-festividades-del-mes-en-la-piedad","status":"publish","type":"post","link":"http:\/\/tvalaire.com\/?p=2669","title":{"rendered":"SALDO BLANCO EN LAS FESTIVIDADES DEL MES EN LA PIEDAD"},"content":{"rendered":"<p class=\"xmsonormal\" style=\"margin-left: 288.0pt; text-align: justify; background: white; font-variant-ligatures: normal; font-variant-caps: normal; orphans: 2; widows: 2; -webkit-text-stroke-width: 0px; text-decoration-style: initial; text-decoration-color: initial; word-spacing: 0px;\">\n<p class=\"xmsonormal\" style=\"text-align: justify; background: white; font-variant-ligatures: normal; font-variant-caps: normal; orphans: 2; widows: 2; -webkit-text-stroke-width: 0px; text-decoration-style: initial; text-decoration-color: initial; word-spacing: 0px;\"><span style=\"font-family: 'Arial','sans-serif'; color: #212121;\">Como parte de la estrategia de seguridad que se implement\u00f3 en coordinaci\u00f3n con los tres \u00f3rdenes de gobierno en el municipio de La Piedad, el Presidente Municipal dio a conocer que en el desarrollo de los festejos patrios, el saldo de las actividades fue declarado como blanco.<\/span><\/p>\n<p class=\"xmsonormal\" style=\"text-align: justify; background: white; font-variant-ligatures: normal; font-variant-caps: normal; orphans: 2; widows: 2; -webkit-text-stroke-width: 0px; text-decoration-style: initial; text-decoration-color: initial; word-spacing: 0px;\"><span style=\"font-family: 'Arial','sans-serif'; color: #212121;\">De igual manera las autoridades reconocen que dicho resultado se logr\u00f3 principalmente al excelente comportamiento de la sociedad en general que acudi\u00f3 al centro hist\u00f3rico de la ciudad.<\/span><\/p>\n<p class=\"xmsonormal\" style=\"text-align: justify; background: white; font-variant-ligatures: normal; font-variant-caps: normal; orphans: 2; widows: 2; -webkit-text-stroke-width: 0px; text-decoration-style: initial; text-decoration-color: initial; word-spacing: 0px;\"><span style=\"font-family: 'Arial','sans-serif'; color: #212121;\">El Presidente del municipio coment\u00f3 que durante los d\u00edas de celebraci\u00f3n personal de la corporaci\u00f3n del Centro de Control, Comando, Comunicaci\u00f3n, C\u00f3mputo y Calidad (C5) realiz\u00f3 de manera ininterrumpida un monitoreo de v\u00eddeo c\u00e1maras de manera constante en todo el municipio, principalmente en la zona centro.<\/span><\/p>\n<p class=\"xmsonormal\" style=\"text-align: justify; background: white; font-variant-ligatures: normal; font-variant-caps: normal; orphans: 2; widows: 2; -webkit-text-stroke-width: 0px; text-decoration-style: initial; text-decoration-color: initial; word-spacing: 0px;\"><span style=\"font-family: 'Arial','sans-serif'; color: #212121;\">Cabe destacar que las autoridades de seguridad en los tres niveles, as\u00ed como corporaciones de auxilio se mantuvieron siempre pendientes para atender cual situaci\u00f3n que se presentara durante los eventos.<\/span><\/p>\n<p class=\"xmsonormal\" style=\"text-align: justify; background: white; font-variant-ligatures: normal; font-variant-caps: normal; orphans: 2; widows: 2; -webkit-text-stroke-width: 0px; text-decoration-style: initial; text-decoration-color: initial; word-spacing: 0px;\"><span style=\"font-family: 'Arial','sans-serif'; color: #212121;\">Asimismo, el Alcalde reconoce y al mismo tiempo agradece a la poblaci\u00f3n piedadense el comportamiento c\u00edvico que se manifest\u00f3 en cada momento en el que se desarrollaron cada una de las actividades que fueron programadas para su disfrute.<\/span><\/p>\n","protected":false},"excerpt":{"rendered":"<p>Como parte de la estrategia de seguridad que se implement\u00f3 en coordinaci\u00f3n con los tres&#8230;<\/p>\n","protected":false},"author":1,"featured_media":2671,"comment_status":"open","ping_status":"open","sticky":false,"template":"","format":"standard","meta":{"jetpack_post_was_ever_published":false,"_jetpack_newsletter_access":"","_jetpack_dont_email_post_to_subs":false,"_jetpack_newsletter_tier_id":0,"_jetpack_memberships_contains_paywalled_content":false,"_jetpack_memberships_contains_paid_content":false,"footnotes":"","jetpack_publicize_message":"","jetpack_publicize_feature_enabled":true,"jetpack_social_post_already_shared":false,"jetpack_social_options":{"image_generator_settings":{"template":"highway","enabled":false},"version":2}},"categories":[1],"tags":[15,36],"class_list":["post-2669","post","type-post","status-publish","format-standard","has-post-thumbnail","hentry","category-la-piedad","tag-la-piedad","tag-principales"],"jetpack_publicize_connections":[],"jetpack_sharing_enabled":true,"featured_image_urls":{"full":["http:\/\/tvalaire.com\/wp-content\/uploads\/2017\/09\/SALDO-BLANCO-EN-LAS-FESTIVIDADES-DEL-MES-EN-LA-PIEDAD.jpg",1024,682,false],"thumbnail":["http:\/\/tvalaire.com\/wp-content\/uploads\/2017\/09\/SALDO-BLANCO-EN-LAS-FESTIVIDADES-DEL-MES-EN-LA-PIEDAD-150x150.jpg",150,150,true],"medium":["http:\/\/tvalaire.com\/wp-content\/uploads\/2017\/09\/SALDO-BLANCO-EN-LAS-FESTIVIDADES-DEL-MES-EN-LA-PIEDAD-300x200.jpg",300,200,true],"medium_large":["http:\/\/tvalaire.com\/wp-content\/uploads\/2017\/09\/SALDO-BLANCO-EN-LAS-FESTIVIDADES-DEL-MES-EN-LA-PIEDAD-768x512.jpg",640,427,true],"large":["http:\/\/tvalaire.com\/wp-content\/uploads\/2017\/09\/SALDO-BLANCO-EN-LAS-FESTIVIDADES-DEL-MES-EN-LA-PIEDAD-1024x682.jpg",640,426,true],"post-slider-thumb-size":["http:\/\/tvalaire.com\/wp-content\/uploads\/2017\/09\/SALDO-BLANCO-EN-LAS-FESTIVIDADES-DEL-MES-EN-LA-PIEDAD.jpg",285,190,false],"post-category-slider-size":["http:\/\/tvalaire.com\/wp-content\/uploads\/2017\/09\/SALDO-BLANCO-EN-LAS-FESTIVIDADES-DEL-MES-EN-LA-PIEDAD.jpg",330,220,false],"1536x1536":["http:\/\/tvalaire.com\/wp-content\/uploads\/2017\/09\/SALDO-BLANCO-EN-LAS-FESTIVIDADES-DEL-MES-EN-LA-PIEDAD.jpg",1024,682,false],"2048x2048":["http:\/\/tvalaire.com\/wp-content\/uploads\/2017\/09\/SALDO-BLANCO-EN-LAS-FESTIVIDADES-DEL-MES-EN-LA-PIEDAD.jpg",1024,682,false],"newsium-slider-full":["http:\/\/tvalaire.com\/wp-content\/uploads\/2017\/09\/SALDO-BLANCO-EN-LAS-FESTIVIDADES-DEL-MES-EN-LA-PIEDAD.jpg",1024,682,false],"newsium-featured":["http:\/\/tvalaire.com\/wp-content\/uploads\/2017\/09\/SALDO-BLANCO-EN-LAS-FESTIVIDADES-DEL-MES-EN-LA-PIEDAD.jpg",1024,682,false],"newsium-medium":["http:\/\/tvalaire.com\/wp-content\/uploads\/2017\/09\/SALDO-BLANCO-EN-LAS-FESTIVIDADES-DEL-MES-EN-LA-PIEDAD.jpg",713,475,false]},"author_info":{"info":["tvalairenoti"]},"category_info":"<a href=\"http:\/\/tvalaire.com\/?cat=1\" rel=\"category\">La Piedad<\/a>","tag_info":"La Piedad","comment_count":"0","jetpack_featured_media_url":"http:\/\/tvalaire.com\/wp-content\/uploads\/2017\/09\/SALDO-BLANCO-EN-LAS-FESTIVIDADES-DEL-MES-EN-LA-PIEDAD.jpg","_links":{"self":[{"href":"http:\/\/tvalaire.com\/index.php?rest_route=\/wp\/v2\/posts\/2669"}],"collection":[{"href":"http:\/\/tvalaire.com\/index.php?rest_route=\/wp\/v2\/posts"}],"about":[{"href":"http:\/\/tvalaire.com\/index.php?rest_route=\/wp\/v2\/types\/post"}],"author":[{"embeddable":true,"href":"http:\/\/tvalaire.com\/index.php?rest_route=\/wp\/v2\/users\/1"}],"replies":[{"embeddable":true,"href":"http:\/\/tvalaire.com\/index.php?rest_route=%2Fwp%2Fv2%2Fcomments&post=2669"}],"version-history":[{"count":1,"href":"http:\/\/tvalaire.com\/index.php?rest_route=\/wp\/v2\/posts\/2669\/revisions"}],"predecessor-version":[{"id":2673,"href":"http:\/\/tvalaire.com\/index.php?rest_route=\/wp\/v2\/posts\/2669\/revisions\/2673"}],"wp:featuredmedia":[{"embeddable":true,"href":"http:\/\/tvalaire.com\/index.php?rest_route=\/wp\/v2\/media\/2671"}],"wp:attachment":[{"href":"http:\/\/tvalaire.com\/index.php?rest_route=%2Fwp%2Fv2%2Fmedia&parent=2669"}],"wp:term":[{"taxonomy":"category","embeddable":true,"href":"http:\/\/tvalaire.com\/index.php?rest_route=%2Fwp%2Fv2%2Fcategories&post=2669"},{"taxonomy":"post_tag","embeddable":true,"href":"http:\/\/tvalaire.com\/index.php?rest_route=%2Fwp%2Fv2%2Ftags&post=2669"}],"curies":[{"name":"wp","href":"https:\/\/api.w.org\/{rel}","templated":true}]}}