{"id":2660,"date":"2017-09-18T10:20:42","date_gmt":"2017-09-18T15:20:42","guid":{"rendered":"http:\/\/tvalaire.com\/?p=2660"},"modified":"2017-09-18T10:20:42","modified_gmt":"2017-09-18T15:20:42","slug":"en-puruandiro-se-vivio-el-orgullo-de-ser-mexicanoal-grito-de-viva-mexico","status":"publish","type":"post","link":"http:\/\/tvalaire.com\/?p=2660","title":{"rendered":"EN PURU\u00c1NDIRO SE VIVI\u00d3 EL ORGULLO DE SER MEXICANOAL GRITO DE \u00a1VIVA M\u00c9XICO!"},"content":{"rendered":"<p>Con la plaza principal abarrotada de Puruandirenses y con el orgullo de ser mexicano el presidente municipal Lic. V\u00edctor V\u00e1zquez Tapia, dio el grito de independencia con todos los Puruandirenses en la plaza principal, acompa\u00f1ado tambi\u00e9n de su se\u00f1ora esposa Lic. Yolanda Ram\u00edrez Maga\u00f1a, de todos los integrantes del Honorable Cabildo, \u00a0funcionarios municipales y principalmente con los Puruandirenses.<\/p>\n<p>&nbsp;<\/p>\n<p>El evento dio comienzo con el acto c\u00edvico, para despu\u00e9s proseguir con la ceremonia protocolaria, dando apertura la Lic. Nayeli Ram\u00edrez Chavarr\u00eda s\u00edndico Municipal con el discurso oficial, posteriormente el Lic. Ram\u00f3n\u00a0 Cisneros Ceballos Secretario del H. Ayuntamiento dio lectura del Acta de Independencia.<\/p>\n<p>&nbsp;<\/p>\n<p>Continu\u00f3acto de conmemoraci\u00f3n del 207 aniversario,con el grito de independencia, encabezado por el Presidente Municipal V\u00edctor V\u00e1zquez, quien anunciaba \u201cViva la independencia, Vivan los h\u00e9roes que nos dieron patria y libertad, Viva Hidalgo,\u00a0 Viva Morelos, Viva Josefa Ortiz de Dom\u00ednguez, Viva Guerrero, Viva Aldama, Viva Allende, Viva Galena y Matamoros, Viva Ignacio L\u00f3pez Ray\u00f3n\u201d, el entusiasmo retumbaba en todo el centro de la ciudad con el coro de todos los Puruandirense \u00a1Viiivaaa!, culminando con \u00a1Viva M\u00e9xico!, las campanas fueron tocadas, las candelas y bombas de fuegos pirot\u00e9cnicos iluminaron la noche.<\/p>\n<p>&nbsp;<\/p>\n<p>El evento concluy\u00f3, realizando el Presidente Municipal junto con\u00a0 su comitiva y una gran multitud de Puruandirenses, un recorrido alrededor de la\u00a0 plaza principal, acompa\u00f1ados por la banda Pireri.<\/p>\n<p>&nbsp;<\/p>\n<p><img loading=\"lazy\" decoding=\"async\" class=\"alignnone size-medium wp-image-2664\" src=\"http:\/\/tvalaire.com\/wp-content\/uploads\/2017\/09\/S8N2888-copia-300x200.jpg\" alt=\"\" width=\"300\" height=\"200\" srcset=\"http:\/\/tvalaire.com\/wp-content\/uploads\/2017\/09\/S8N2888-copia-300x200.jpg 300w, http:\/\/tvalaire.com\/wp-content\/uploads\/2017\/09\/S8N2888-copia-768x513.jpg 768w, http:\/\/tvalaire.com\/wp-content\/uploads\/2017\/09\/S8N2888-copia-1024x684.jpg 1024w\" sizes=\"(max-width: 300px) 100vw, 300px\" \/><\/p>\n<p><img loading=\"lazy\" decoding=\"async\" class=\"alignnone size-medium wp-image-2663\" src=\"http:\/\/tvalaire.com\/wp-content\/uploads\/2017\/09\/S8N2796-copia-300x200.jpg\" alt=\"\" width=\"300\" height=\"200\" srcset=\"http:\/\/tvalaire.com\/wp-content\/uploads\/2017\/09\/S8N2796-copia-300x200.jpg 300w, http:\/\/tvalaire.com\/wp-content\/uploads\/2017\/09\/S8N2796-copia-768x513.jpg 768w, http:\/\/tvalaire.com\/wp-content\/uploads\/2017\/09\/S8N2796-copia-1024x684.jpg 1024w\" sizes=\"(max-width: 300px) 100vw, 300px\" \/><\/p>\n<p><img loading=\"lazy\" decoding=\"async\" class=\"alignnone size-medium wp-image-2662\" src=\"http:\/\/tvalaire.com\/wp-content\/uploads\/2017\/09\/S8N2748-copia-300x200.jpg\" alt=\"\" width=\"300\" height=\"200\" srcset=\"http:\/\/tvalaire.com\/wp-content\/uploads\/2017\/09\/S8N2748-copia-300x200.jpg 300w, http:\/\/tvalaire.com\/wp-content\/uploads\/2017\/09\/S8N2748-copia-768x513.jpg 768w, http:\/\/tvalaire.com\/wp-content\/uploads\/2017\/09\/S8N2748-copia-1024x684.jpg 1024w\" sizes=\"(max-width: 300px) 100vw, 300px\" \/><\/p>\n<p><img loading=\"lazy\" decoding=\"async\" class=\"alignnone size-medium wp-image-2661\" src=\"http:\/\/tvalaire.com\/wp-content\/uploads\/2017\/09\/S8N2719-copia-300x200.jpg\" alt=\"\" width=\"300\" height=\"200\" srcset=\"http:\/\/tvalaire.com\/wp-content\/uploads\/2017\/09\/S8N2719-copia-300x200.jpg 300w, http:\/\/tvalaire.com\/wp-content\/uploads\/2017\/09\/S8N2719-copia-768x513.jpg 768w, http:\/\/tvalaire.com\/wp-content\/uploads\/2017\/09\/S8N2719-copia-1024x684.jpg 1024w\" sizes=\"(max-width: 300px) 100vw, 300px\" \/><\/p>\n<p>&nbsp;<\/p>\n","protected":false},"excerpt":{"rendered":"<p>Con la plaza principal abarrotada de Puruandirenses y con el orgullo de ser mexicano el&#8230;<\/p>\n","protected":false},"author":1,"featured_media":2662,"comment_status":"open","ping_status":"open","sticky":false,"template":"","format":"standard","meta":{"jetpack_post_was_ever_published":false,"_jetpack_newsletter_access":"","_jetpack_dont_email_post_to_subs":false,"_jetpack_newsletter_tier_id":0,"_jetpack_memberships_contains_paywalled_content":false,"_jetpack_memberships_contains_paid_content":false,"footnotes":"","jetpack_publicize_message":"","jetpack_publicize_feature_enabled":true,"jetpack_social_post_already_shared":false,"jetpack_social_options":{"image_generator_settings":{"template":"highway","enabled":false},"version":2}},"categories":[4],"tags":[36,24],"class_list":["post-2660","post","type-post","status-publish","format-standard","has-post-thumbnail","hentry","category-puruandiro","tag-principales","tag-puruandiro"],"jetpack_publicize_connections":[],"jetpack_sharing_enabled":true,"featured_image_urls":{"full":["http:\/\/tvalaire.com\/wp-content\/uploads\/2017\/09\/S8N2748-copia.jpg",6016,4016,false],"thumbnail":["http:\/\/tvalaire.com\/wp-content\/uploads\/2017\/09\/S8N2748-copia-150x150.jpg",150,150,true],"medium":["http:\/\/tvalaire.com\/wp-content\/uploads\/2017\/09\/S8N2748-copia-300x200.jpg",300,200,true],"medium_large":["http:\/\/tvalaire.com\/wp-content\/uploads\/2017\/09\/S8N2748-copia-768x513.jpg",640,428,true],"large":["http:\/\/tvalaire.com\/wp-content\/uploads\/2017\/09\/S8N2748-copia-1024x684.jpg",640,428,true],"post-slider-thumb-size":["http:\/\/tvalaire.com\/wp-content\/uploads\/2017\/09\/S8N2748-copia.jpg",285,190,false],"post-category-slider-size":["http:\/\/tvalaire.com\/wp-content\/uploads\/2017\/09\/S8N2748-copia.jpg",330,220,false],"1536x1536":["http:\/\/tvalaire.com\/wp-content\/uploads\/2017\/09\/S8N2748-copia.jpg",1536,1025,false],"2048x2048":["http:\/\/tvalaire.com\/wp-content\/uploads\/2017\/09\/S8N2748-copia.jpg",2048,1367,false],"newsium-slider-full":["http:\/\/tvalaire.com\/wp-content\/uploads\/2017\/09\/S8N2748-copia.jpg",1266,845,false],"newsium-featured":["http:\/\/tvalaire.com\/wp-content\/uploads\/2017\/09\/S8N2748-copia.jpg",1024,684,false],"newsium-medium":["http:\/\/tvalaire.com\/wp-content\/uploads\/2017\/09\/S8N2748-copia.jpg",712,475,false]},"author_info":{"info":["tvalairenoti"]},"category_info":"<a href=\"http:\/\/tvalaire.com\/?cat=4\" rel=\"category\">Puru\u00e1ndiro<\/a>","tag_info":"Puru\u00e1ndiro","comment_count":"0","jetpack_featured_media_url":"http:\/\/tvalaire.com\/wp-content\/uploads\/2017\/09\/S8N2748-copia.jpg","_links":{"self":[{"href":"http:\/\/tvalaire.com\/index.php?rest_route=\/wp\/v2\/posts\/2660"}],"collection":[{"href":"http:\/\/tvalaire.com\/index.php?rest_route=\/wp\/v2\/posts"}],"about":[{"href":"http:\/\/tvalaire.com\/index.php?rest_route=\/wp\/v2\/types\/post"}],"author":[{"embeddable":true,"href":"http:\/\/tvalaire.com\/index.php?rest_route=\/wp\/v2\/users\/1"}],"replies":[{"embeddable":true,"href":"http:\/\/tvalaire.com\/index.php?rest_route=%2Fwp%2Fv2%2Fcomments&post=2660"}],"version-history":[{"count":1,"href":"http:\/\/tvalaire.com\/index.php?rest_route=\/wp\/v2\/posts\/2660\/revisions"}],"predecessor-version":[{"id":2665,"href":"http:\/\/tvalaire.com\/index.php?rest_route=\/wp\/v2\/posts\/2660\/revisions\/2665"}],"wp:featuredmedia":[{"embeddable":true,"href":"http:\/\/tvalaire.com\/index.php?rest_route=\/wp\/v2\/media\/2662"}],"wp:attachment":[{"href":"http:\/\/tvalaire.com\/index.php?rest_route=%2Fwp%2Fv2%2Fmedia&parent=2660"}],"wp:term":[{"taxonomy":"category","embeddable":true,"href":"http:\/\/tvalaire.com\/index.php?rest_route=%2Fwp%2Fv2%2Fcategories&post=2660"},{"taxonomy":"post_tag","embeddable":true,"href":"http:\/\/tvalaire.com\/index.php?rest_route=%2Fwp%2Fv2%2Ftags&post=2660"}],"curies":[{"name":"wp","href":"https:\/\/api.w.org\/{rel}","templated":true}]}}