{"id":2657,"date":"2017-09-18T10:15:21","date_gmt":"2017-09-18T15:15:21","guid":{"rendered":"http:\/\/tvalaire.com\/?p=2657"},"modified":"2017-09-18T10:15:21","modified_gmt":"2017-09-18T15:15:21","slug":"entrega-dif-sillas-de-ruedas-a-personas-con-alguna-discapacidad","status":"publish","type":"post","link":"http:\/\/tvalaire.com\/?p=2657","title":{"rendered":"ENTREGA DIF SILLAS DE RUEDAS A PERSONAS CON ALGUNA DISCAPACIDAD"},"content":{"rendered":"<p class=\"xmsonormal\" style=\"margin-bottom: .0001pt; text-align: justify; background: white; font-variant-ligatures: normal; font-variant-caps: normal; orphans: 2; widows: 2; -webkit-text-stroke-width: 0px; text-decoration-style: initial; text-decoration-color: initial; word-spacing: 0px;\"><span style=\"font-family: 'Arial','sans-serif'; color: #212121;\">El Sistema para el Desarrollo Integral de la Familia (DIF) en colaboraci\u00f3n con la fundaci\u00f3n \u201cVamos M\u00e9xico\u201d que en d\u00edas pasados hizo una donaci\u00f3n de sillas de ruedas, ahora son entregadas a las personas en el municipio.<\/span><\/p>\n<p class=\"xmsonormal\" style=\"margin-bottom: .0001pt; text-align: justify; background: white; font-variant-ligatures: normal; font-variant-caps: normal; orphans: 2; widows: 2; -webkit-text-stroke-width: 0px; text-decoration-style: initial; text-decoration-color: initial; word-spacing: 0px;\"><span style=\"font-family: 'Arial','sans-serif'; color: #212121;\">\u00a0La presidente del DIF Ma. Socorro Le\u00f3n, dijo que la donaci\u00f3n se realiz\u00f3 el 12 de septiembre en las instalaciones de la fundaci\u00f3n en el rancho de San Crist\u00f3bal donde algunos de los beneficiarios asistieron, pero algunos otros no pudieron acudir debido a su estado de salud, por ello se organiz\u00f3 un comit\u00e9 para llevarles hasta su hogar la silla de ruedas que sin duda alguna ser\u00e1 de gran ayuda para ellos y sus familias permiti\u00e9ndoles tener una mejor movilidad.<\/span><\/p>\n<p class=\"xmsonormal\" style=\"margin-bottom: .0001pt; text-align: justify; background: white; font-variant-ligatures: normal; font-variant-caps: normal; orphans: 2; widows: 2; -webkit-text-stroke-width: 0px; text-decoration-style: initial; text-decoration-color: initial; word-spacing: 0px;\"><span style=\"font-family: 'Arial','sans-serif'; color: #212121;\">\u00a0\u201cEl DIF y gracias a mi esposo el Presidente Municipalse trabaja por la ciudadan\u00eda de La Piedad con instituciones que se manejan sin colo<a name=\"x__GoBack\"><\/a>res partidistas ya que la labor de ayuda no distingue diferencias y m\u00e1s cuando se trata de darle una mejor calidad de vida a alguien\u201d, expreso la presidenta del DIF.<\/span><\/p>\n<p class=\"xmsonormal\" style=\"margin-bottom: .0001pt; text-align: justify; background: white; font-variant-ligatures: normal; font-variant-caps: normal; orphans: 2; widows: 2; -webkit-text-stroke-width: 0px; text-decoration-style: initial; text-decoration-color: initial; word-spacing: 0px;\"><span style=\"font-family: 'Arial','sans-serif'; color: #212121;\">\u00a0\u201cCuando se hacen visitas a enfermos o a personas que viven en estado vulnerabilidad, es cuando uno se da cuenta de las muchas necesidades que existen en todo el municipio y es ah\u00ed cuando tenemos que redoblar esfuerzos para que los programas lleguen hasta el \u00faltimo rinc\u00f3n, ya que el estar al servicio de los piedadenses no es cosa f\u00e1cil, al contrario, es un compromiso de todos los d\u00edas\u201d, afirm\u00f3 Socorro Le\u00f3n.<\/span><\/p>\n<p class=\"xmsonormal\" style=\"margin-bottom: .0001pt; text-align: justify; background: white; font-variant-ligatures: normal; font-variant-caps: normal; orphans: 2; widows: 2; -webkit-text-stroke-width: 0px; text-decoration-style: initial; text-decoration-color: initial; word-spacing: 0px;\"><span style=\"font-family: 'Arial','sans-serif'; color: #212121;\">\u00a0Gracias a esta alianza con la fundaci\u00f3n \u201cVamos M\u00e9xico\u201d y gracias a que el DIF ha cumplido al pie de la letra con todos los procedimientos necesarios para estar dentro de los municipios beneficiados, ahora nos han incluido dentro de la lista de la siguiente entrega que probablemente sea antes de que termine el a\u00f1o, por eso el personal de campa\u00f1as empez\u00f3 armar expedientes y hacer visitas para favorecer a m\u00e1s personas, finaliz\u00f3 la primera dama.<\/span><\/p>\n","protected":false},"excerpt":{"rendered":"<p>El Sistema para el Desarrollo Integral de la Familia (DIF) en colaboraci\u00f3n con la fundaci\u00f3n&#8230;<\/p>\n","protected":false},"author":1,"featured_media":2658,"comment_status":"open","ping_status":"open","sticky":false,"template":"","format":"standard","meta":{"jetpack_post_was_ever_published":false,"_jetpack_newsletter_access":"","_jetpack_dont_email_post_to_subs":false,"_jetpack_newsletter_tier_id":0,"_jetpack_memberships_contains_paywalled_content":false,"_jetpack_memberships_contains_paid_content":false,"footnotes":"","jetpack_publicize_message":"","jetpack_publicize_feature_enabled":true,"jetpack_social_post_already_shared":false,"jetpack_social_options":{"image_generator_settings":{"template":"highway","enabled":false},"version":2}},"categories":[1],"tags":[15,36],"class_list":["post-2657","post","type-post","status-publish","format-standard","has-post-thumbnail","hentry","category-la-piedad","tag-la-piedad","tag-principales"],"jetpack_publicize_connections":[],"jetpack_sharing_enabled":true,"featured_image_urls":{"full":["http:\/\/tvalaire.com\/wp-content\/uploads\/2017\/09\/ENTREGA-DIF-SILLAS-DE-RUEDAS-A-PERSONAS-CON-ALGUNA-DISCAPACIDAD.jpg",1100,733,false],"thumbnail":["http:\/\/tvalaire.com\/wp-content\/uploads\/2017\/09\/ENTREGA-DIF-SILLAS-DE-RUEDAS-A-PERSONAS-CON-ALGUNA-DISCAPACIDAD-150x150.jpg",150,150,true],"medium":["http:\/\/tvalaire.com\/wp-content\/uploads\/2017\/09\/ENTREGA-DIF-SILLAS-DE-RUEDAS-A-PERSONAS-CON-ALGUNA-DISCAPACIDAD-300x200.jpg",300,200,true],"medium_large":["http:\/\/tvalaire.com\/wp-content\/uploads\/2017\/09\/ENTREGA-DIF-SILLAS-DE-RUEDAS-A-PERSONAS-CON-ALGUNA-DISCAPACIDAD-768x512.jpg",640,427,true],"large":["http:\/\/tvalaire.com\/wp-content\/uploads\/2017\/09\/ENTREGA-DIF-SILLAS-DE-RUEDAS-A-PERSONAS-CON-ALGUNA-DISCAPACIDAD-1024x682.jpg",640,426,true],"post-slider-thumb-size":["http:\/\/tvalaire.com\/wp-content\/uploads\/2017\/09\/ENTREGA-DIF-SILLAS-DE-RUEDAS-A-PERSONAS-CON-ALGUNA-DISCAPACIDAD.jpg",285,190,false],"post-category-slider-size":["http:\/\/tvalaire.com\/wp-content\/uploads\/2017\/09\/ENTREGA-DIF-SILLAS-DE-RUEDAS-A-PERSONAS-CON-ALGUNA-DISCAPACIDAD.jpg",330,220,false],"1536x1536":["http:\/\/tvalaire.com\/wp-content\/uploads\/2017\/09\/ENTREGA-DIF-SILLAS-DE-RUEDAS-A-PERSONAS-CON-ALGUNA-DISCAPACIDAD.jpg",1100,733,false],"2048x2048":["http:\/\/tvalaire.com\/wp-content\/uploads\/2017\/09\/ENTREGA-DIF-SILLAS-DE-RUEDAS-A-PERSONAS-CON-ALGUNA-DISCAPACIDAD.jpg",1100,733,false],"newsium-slider-full":["http:\/\/tvalaire.com\/wp-content\/uploads\/2017\/09\/ENTREGA-DIF-SILLAS-DE-RUEDAS-A-PERSONAS-CON-ALGUNA-DISCAPACIDAD.jpg",1100,733,false],"newsium-featured":["http:\/\/tvalaire.com\/wp-content\/uploads\/2017\/09\/ENTREGA-DIF-SILLAS-DE-RUEDAS-A-PERSONAS-CON-ALGUNA-DISCAPACIDAD.jpg",1024,682,false],"newsium-medium":["http:\/\/tvalaire.com\/wp-content\/uploads\/2017\/09\/ENTREGA-DIF-SILLAS-DE-RUEDAS-A-PERSONAS-CON-ALGUNA-DISCAPACIDAD.jpg",713,475,false]},"author_info":{"info":["tvalairenoti"]},"category_info":"<a href=\"http:\/\/tvalaire.com\/?cat=1\" rel=\"category\">La Piedad<\/a>","tag_info":"La Piedad","comment_count":"0","jetpack_featured_media_url":"http:\/\/tvalaire.com\/wp-content\/uploads\/2017\/09\/ENTREGA-DIF-SILLAS-DE-RUEDAS-A-PERSONAS-CON-ALGUNA-DISCAPACIDAD.jpg","_links":{"self":[{"href":"http:\/\/tvalaire.com\/index.php?rest_route=\/wp\/v2\/posts\/2657"}],"collection":[{"href":"http:\/\/tvalaire.com\/index.php?rest_route=\/wp\/v2\/posts"}],"about":[{"href":"http:\/\/tvalaire.com\/index.php?rest_route=\/wp\/v2\/types\/post"}],"author":[{"embeddable":true,"href":"http:\/\/tvalaire.com\/index.php?rest_route=\/wp\/v2\/users\/1"}],"replies":[{"embeddable":true,"href":"http:\/\/tvalaire.com\/index.php?rest_route=%2Fwp%2Fv2%2Fcomments&post=2657"}],"version-history":[{"count":1,"href":"http:\/\/tvalaire.com\/index.php?rest_route=\/wp\/v2\/posts\/2657\/revisions"}],"predecessor-version":[{"id":2659,"href":"http:\/\/tvalaire.com\/index.php?rest_route=\/wp\/v2\/posts\/2657\/revisions\/2659"}],"wp:featuredmedia":[{"embeddable":true,"href":"http:\/\/tvalaire.com\/index.php?rest_route=\/wp\/v2\/media\/2658"}],"wp:attachment":[{"href":"http:\/\/tvalaire.com\/index.php?rest_route=%2Fwp%2Fv2%2Fmedia&parent=2657"}],"wp:term":[{"taxonomy":"category","embeddable":true,"href":"http:\/\/tvalaire.com\/index.php?rest_route=%2Fwp%2Fv2%2Fcategories&post=2657"},{"taxonomy":"post_tag","embeddable":true,"href":"http:\/\/tvalaire.com\/index.php?rest_route=%2Fwp%2Fv2%2Ftags&post=2657"}],"curies":[{"name":"wp","href":"https:\/\/api.w.org\/{rel}","templated":true}]}}