{"id":2654,"date":"2017-09-18T10:14:36","date_gmt":"2017-09-18T15:14:36","guid":{"rendered":"http:\/\/tvalaire.com\/?p=2654"},"modified":"2017-09-18T10:14:36","modified_gmt":"2017-09-18T15:14:36","slug":"miles-de-habitantes-al-unisono-gritaron-viva-mexico-en-la-piedad","status":"publish","type":"post","link":"http:\/\/tvalaire.com\/?p=2654","title":{"rendered":"MILES DE HABITANTES AL UN\u00cdSONO GRITARON \u00a1VIVA M\u00c9XICO! EN LA PIEDAD"},"content":{"rendered":"<p class=\"xmsonormal\" style=\"text-align: justify; background: white; font-variant-ligatures: normal; font-variant-caps: normal; orphans: 2; widows: 2; -webkit-text-stroke-width: 0px; text-decoration-style: initial; text-decoration-color: initial; word-spacing: 0px;\"><span style=\"font-family: 'Arial','sans-serif'; color: #212121;\">En una tradicional ceremonia oficial, el Presidente Municipal Juan Manuel Estrada Medina, dio el Grito de Independencia, en medio de una plaza con un gran n\u00famero de asistentes que disfrutaron de la pirotecnia y la m\u00fasica mexicana que se prepar\u00f3 para las familias piedadenses.<\/span><\/p>\n<p class=\"xmsonormal\" style=\"text-align: justify; background: white; font-variant-ligatures: normal; font-variant-caps: normal; orphans: 2; widows: 2; -webkit-text-stroke-width: 0px; text-decoration-style: initial; text-decoration-color: initial; word-spacing: 0px;\"><span style=\"font-family: 'Arial','sans-serif'; color: #212121;\">La sesi\u00f3n de Cabildo inicio a las 22:38 horas de la noche y se transmiti\u00f3 a trav\u00e9s de una pantalla gigante que se instal\u00f3 en el Teatro del Pueblo para que la poblaci\u00f3n pudiera presenciarla.<\/span><\/p>\n<p class=\"xmsonormal\" style=\"text-align: justify; background: white; font-variant-ligatures: normal; font-variant-caps: normal; orphans: 2; widows: 2; -webkit-text-stroke-width: 0px; text-decoration-style: initial; text-decoration-color: initial; word-spacing: 0px;\"><span style=\"font-family: 'Arial','sans-serif'; color: #212121;\">En ella, el Secretario del Ayuntamiento, Daniel V\u00e1zquez Zavala dio lectura al Acta de Independencia de la Naci\u00f3n Mexicana pronunciada por su Junta Soberana el 28 de septiembre de 1821, en la que entre otras cosas se establece que la Naci\u00f3n mexicana que por 300 a\u00f1os no tuvo voluntad propia ni libre el uso de la voz, sal\u00eda a partir de ese momento de la opresi\u00f3n vivida.<\/span><\/p>\n<p class=\"xmsonormal\" style=\"text-align: justify; background: white; font-variant-ligatures: normal; font-variant-caps: normal; orphans: 2; widows: 2; -webkit-text-stroke-width: 0px; text-decoration-style: initial; text-decoration-color: initial; word-spacing: 0px;\"><span style=\"font-family: 'Arial','sans-serif'; color: #212121;\">Contempla a su vez, que la Junta Suprema del Imperio, que es Naci\u00f3n Soberana e independiente de la antigua Espa\u00f1a con quien en lo sucesivo no mantendr\u00e1 otra uni\u00f3n que la de una amistad estrecha en los t\u00e9rminos que prescribieron los tratados, entre otros.<\/span><\/p>\n<p class=\"xmsonormal\" style=\"text-align: justify; background: white; font-variant-ligatures: normal; font-variant-caps: normal; orphans: 2; widows: 2; -webkit-text-stroke-width: 0px; text-decoration-style: initial; text-decoration-color: initial; word-spacing: 0px;\"><span style=\"font-family: 'Arial','sans-serif'; color: #212121;\">Dicho lo anterior, el Alcalde clausur\u00f3 la sesi\u00f3n y sali\u00f3 al pasillo de Palacio Municipal para recibir a la escolta de Seguridad P\u00fablica y recibir la bandera para salir al balc\u00f3n presidencial y acompa\u00f1ado de su esposa, la se\u00f1ora Ma. Socorro Le\u00f3n dio el Grito de Independencia al momento en el que sonaron las campanas y comenz\u00f3 la lluvia de juegos pirot\u00e9cnicos que duraron m\u00e1s de media hora.<\/span><\/p>\n<p class=\"xmsonormal\" style=\"text-align: justify; background: white; font-variant-ligatures: normal; font-variant-caps: normal; orphans: 2; widows: 2; -webkit-text-stroke-width: 0px; text-decoration-style: initial; text-decoration-color: initial; word-spacing: 0px;\"><span style=\"font-family: 'Arial','sans-serif'; color: #212121;\">Cabe resaltar la presencia de las familias piedadenses quienes permanecieron durante toda la ceremonia y se mantuvieron firmes y participativos durante el grito entonando en voz alta el ya tradicional \u00a1Viva M\u00e9xico! Que hizo cimbrar toda la plaza principal.<\/span><\/p>\n<p class=\"xmsonormal\" style=\"text-align: justify; background: white; font-variant-ligatures: normal; font-variant-caps: normal; orphans: 2; widows: 2; -webkit-text-stroke-width: 0px; text-decoration-style: initial; text-decoration-color: initial; word-spacing: 0px;\"><span style=\"font-family: 'Arial','sans-serif'; color: #212121;\">El Alcalde, siguiendo la tradici\u00f3n baj\u00f3 al Centro Cultural Piedadense antigua prisi\u00f3n, para dejar en libertad a 4 presos a quienes exhort\u00f3 a que se conduzcan con respeto y propiedad, por el bien de sus familias y de ellos mismos, invit\u00e1ndolos a ser ciudadanos honorables.<\/span><\/p>\n<p class=\"xmsonormal\" style=\"text-align: justify; background: white; font-variant-ligatures: normal; font-variant-caps: normal; orphans: 2; widows: 2; -webkit-text-stroke-width: 0px; text-decoration-style: initial; text-decoration-color: initial; word-spacing: 0px;\"><span style=\"font-family: 'Arial','sans-serif'; color: #212121;\">Posteriormente subi\u00f3 nuevamente al balc\u00f3n presidencial para junto con su esposa e integrantes del Cabildo, ver la lluvia de pirotecnia que se mont\u00f3 para el disfrute de la poblaci\u00f3n.<\/span><\/p>\n","protected":false},"excerpt":{"rendered":"<p>En una tradicional ceremonia oficial, el Presidente Municipal Juan Manuel Estrada Medina, dio el Grito&#8230;<\/p>\n","protected":false},"author":1,"featured_media":2655,"comment_status":"open","ping_status":"open","sticky":false,"template":"","format":"standard","meta":{"jetpack_post_was_ever_published":false,"_jetpack_newsletter_access":"","_jetpack_dont_email_post_to_subs":false,"_jetpack_newsletter_tier_id":0,"_jetpack_memberships_contains_paywalled_content":false,"_jetpack_memberships_contains_paid_content":false,"footnotes":"","jetpack_publicize_message":"","jetpack_publicize_feature_enabled":true,"jetpack_social_post_already_shared":false,"jetpack_social_options":{"image_generator_settings":{"template":"highway","enabled":false},"version":2}},"categories":[1],"tags":[15,36],"class_list":["post-2654","post","type-post","status-publish","format-standard","has-post-thumbnail","hentry","category-la-piedad","tag-la-piedad","tag-principales"],"jetpack_publicize_connections":[],"jetpack_sharing_enabled":true,"featured_image_urls":{"full":["http:\/\/tvalaire.com\/wp-content\/uploads\/2017\/09\/MILES-DE-HABITANTES-AL-UN\u00cdSONO-GRITARON-\u00a1VIVA-M\u00c9XICO-EN-LA-PIEDAD2.jpg",2992,2000,false],"thumbnail":["http:\/\/tvalaire.com\/wp-content\/uploads\/2017\/09\/MILES-DE-HABITANTES-AL-UN\u00cdSONO-GRITARON-\u00a1VIVA-M\u00c9XICO-EN-LA-PIEDAD2-150x150.jpg",150,150,true],"medium":["http:\/\/tvalaire.com\/wp-content\/uploads\/2017\/09\/MILES-DE-HABITANTES-AL-UN\u00cdSONO-GRITARON-\u00a1VIVA-M\u00c9XICO-EN-LA-PIEDAD2-300x201.jpg",300,201,true],"medium_large":["http:\/\/tvalaire.com\/wp-content\/uploads\/2017\/09\/MILES-DE-HABITANTES-AL-UN\u00cdSONO-GRITARON-\u00a1VIVA-M\u00c9XICO-EN-LA-PIEDAD2-768x513.jpg",640,428,true],"large":["http:\/\/tvalaire.com\/wp-content\/uploads\/2017\/09\/MILES-DE-HABITANTES-AL-UN\u00cdSONO-GRITARON-\u00a1VIVA-M\u00c9XICO-EN-LA-PIEDAD2-1024x684.jpg",640,428,true],"post-slider-thumb-size":["http:\/\/tvalaire.com\/wp-content\/uploads\/2017\/09\/MILES-DE-HABITANTES-AL-UN\u00cdSONO-GRITARON-\u00a1VIVA-M\u00c9XICO-EN-LA-PIEDAD2.jpg",284,190,false],"post-category-slider-size":["http:\/\/tvalaire.com\/wp-content\/uploads\/2017\/09\/MILES-DE-HABITANTES-AL-UN\u00cdSONO-GRITARON-\u00a1VIVA-M\u00c9XICO-EN-LA-PIEDAD2.jpg",330,221,false],"1536x1536":["http:\/\/tvalaire.com\/wp-content\/uploads\/2017\/09\/MILES-DE-HABITANTES-AL-UN\u00cdSONO-GRITARON-\u00a1VIVA-M\u00c9XICO-EN-LA-PIEDAD2.jpg",1536,1027,false],"2048x2048":["http:\/\/tvalaire.com\/wp-content\/uploads\/2017\/09\/MILES-DE-HABITANTES-AL-UN\u00cdSONO-GRITARON-\u00a1VIVA-M\u00c9XICO-EN-LA-PIEDAD2.jpg",2048,1369,false],"newsium-slider-full":["http:\/\/tvalaire.com\/wp-content\/uploads\/2017\/09\/MILES-DE-HABITANTES-AL-UN\u00cdSONO-GRITARON-\u00a1VIVA-M\u00c9XICO-EN-LA-PIEDAD2.jpg",1264,845,false],"newsium-featured":["http:\/\/tvalaire.com\/wp-content\/uploads\/2017\/09\/MILES-DE-HABITANTES-AL-UN\u00cdSONO-GRITARON-\u00a1VIVA-M\u00c9XICO-EN-LA-PIEDAD2.jpg",1024,684,false],"newsium-medium":["http:\/\/tvalaire.com\/wp-content\/uploads\/2017\/09\/MILES-DE-HABITANTES-AL-UN\u00cdSONO-GRITARON-\u00a1VIVA-M\u00c9XICO-EN-LA-PIEDAD2.jpg",711,475,false]},"author_info":{"info":["tvalairenoti"]},"category_info":"<a href=\"http:\/\/tvalaire.com\/?cat=1\" rel=\"category\">La Piedad<\/a>","tag_info":"La Piedad","comment_count":"0","jetpack_featured_media_url":"http:\/\/tvalaire.com\/wp-content\/uploads\/2017\/09\/MILES-DE-HABITANTES-AL-UN\u00cdSONO-GRITARON-\u00a1VIVA-M\u00c9XICO-EN-LA-PIEDAD2.jpg","_links":{"self":[{"href":"http:\/\/tvalaire.com\/index.php?rest_route=\/wp\/v2\/posts\/2654"}],"collection":[{"href":"http:\/\/tvalaire.com\/index.php?rest_route=\/wp\/v2\/posts"}],"about":[{"href":"http:\/\/tvalaire.com\/index.php?rest_route=\/wp\/v2\/types\/post"}],"author":[{"embeddable":true,"href":"http:\/\/tvalaire.com\/index.php?rest_route=\/wp\/v2\/users\/1"}],"replies":[{"embeddable":true,"href":"http:\/\/tvalaire.com\/index.php?rest_route=%2Fwp%2Fv2%2Fcomments&post=2654"}],"version-history":[{"count":1,"href":"http:\/\/tvalaire.com\/index.php?rest_route=\/wp\/v2\/posts\/2654\/revisions"}],"predecessor-version":[{"id":2656,"href":"http:\/\/tvalaire.com\/index.php?rest_route=\/wp\/v2\/posts\/2654\/revisions\/2656"}],"wp:featuredmedia":[{"embeddable":true,"href":"http:\/\/tvalaire.com\/index.php?rest_route=\/wp\/v2\/media\/2655"}],"wp:attachment":[{"href":"http:\/\/tvalaire.com\/index.php?rest_route=%2Fwp%2Fv2%2Fmedia&parent=2654"}],"wp:term":[{"taxonomy":"category","embeddable":true,"href":"http:\/\/tvalaire.com\/index.php?rest_route=%2Fwp%2Fv2%2Fcategories&post=2654"},{"taxonomy":"post_tag","embeddable":true,"href":"http:\/\/tvalaire.com\/index.php?rest_route=%2Fwp%2Fv2%2Ftags&post=2654"}],"curies":[{"name":"wp","href":"https:\/\/api.w.org\/{rel}","templated":true}]}}