{"id":2648,"date":"2017-09-15T10:19:45","date_gmt":"2017-09-15T15:19:45","guid":{"rendered":"http:\/\/tvalaire.com\/?p=2648"},"modified":"2017-09-15T10:19:45","modified_gmt":"2017-09-15T15:19:45","slug":"apoya-gobierno-de-la-piedad-con-viveres-a-gente-de-oaxaca","status":"publish","type":"post","link":"http:\/\/tvalaire.com\/?p=2648","title":{"rendered":"APOYA GOBIERNO DE LA PIEDAD CON V\u00cdVERES A GENTE DE OAXACA"},"content":{"rendered":"<p class=\"xmsonormal\" style=\"text-align: justify; background: white; font-variant-ligatures: normal; font-variant-caps: normal; orphans: 2; widows: 2; -webkit-text-stroke-width: 0px; text-decoration-style: initial; text-decoration-color: initial; word-spacing: 0px;\"><span style=\"font-family: 'Arial','sans-serif'; color: #212121;\">A fin de solidarizarse con la poblaci\u00f3n afectada de Oaxaca por el terremoto de m\u00e1s de 8.2 de magnitud en la escala de Richter el Presidente del municipio de La Piedad, acudi\u00f3 al centro de acopio que la corporaci\u00f3n de Radio Auxilio Voluntario instal\u00f3 afuera de la escuela secundaria \u201cLic. Rafael Reyes\u201d.<\/span><\/p>\n<p class=\"xmsonormal\" style=\"text-align: justify; background: white; font-variant-ligatures: normal; font-variant-caps: normal; orphans: 2; widows: 2; -webkit-text-stroke-width: 0px; text-decoration-style: initial; text-decoration-color: initial; word-spacing: 0px;\"><span style=\"font-family: 'Arial','sans-serif'; color: #212121;\">Ah\u00ed el Alcalde hizo entrega de varios v\u00edveres no perecederos, con el objetivo de contribuir y a nombre de la poblaci\u00f3n piedadense los insumos sean entregados a quien as\u00ed lo requieren.<\/span><\/p>\n<p class=\"xmsonormal\" style=\"text-align: justify; background: white; font-variant-ligatures: normal; font-variant-caps: normal; orphans: 2; widows: 2; -webkit-text-stroke-width: 0px; text-decoration-style: initial; text-decoration-color: initial; word-spacing: 0px;\"><span style=\"font-family: 'Arial','sans-serif'; color: #212121;\">De igual manera el Alcalde de La Piedad contribuy\u00f3 con varios art\u00edculos a t\u00edtulo personal y refiri\u00f3 que permanecer\u00e1 en contacto constante con los elementos de la corporaci\u00f3n de auxilio, para apoyar en cualquier otra cosa que sea necesaria.<\/span><\/p>\n<p class=\"xmsonormal\" style=\"text-align: justify; background: white; font-variant-ligatures: normal; font-variant-caps: normal; orphans: 2; widows: 2; -webkit-text-stroke-width: 0px; text-decoration-style: initial; text-decoration-color: initial; word-spacing: 0px;\"><span style=\"font-family: 'Arial','sans-serif'; color: #212121;\">As\u00ed mismo, hizo una invitaci\u00f3n a la poblaci\u00f3n en general para que siga aportando despensas o art\u00edculos no perecederos, teniendo hasta el domingo 17 para que acudan al centro de acopio.\u00a0<\/span><\/p>\n<p class=\"xmsonormal\" style=\"text-align: justify; background: white; font-variant-ligatures: normal; font-variant-caps: normal; orphans: 2; widows: 2; -webkit-text-stroke-width: 0px; text-decoration-style: initial; text-decoration-color: initial; word-spacing: 0px;\"><span style=\"font-family: 'Arial','sans-serif'; color: #212121;\">Zeus Rueda, param\u00e9dico de la corporaci\u00f3n antes referida mencion\u00f3 que cada uno de los art\u00edculos con los que la ciudadan\u00eda de la localidad ha contribuido de manera activa ser\u00e1n entregados en la poblaci\u00f3n de Juchit\u00e1n, municipio que est\u00e1 catalogado como uno de los nueve municipios con Atlas de Riesgos.<\/span><\/p>\n<p class=\"xmsonormal\" style=\"text-align: justify; background: white; font-variant-ligatures: normal; font-variant-caps: normal; orphans: 2; widows: 2; -webkit-text-stroke-width: 0px; text-decoration-style: initial; text-decoration-color: initial; word-spacing: 0px;\"><span style=\"font-family: 'Arial','sans-serif'; color: #212121;\">El param\u00e9dico agradeci\u00f3 tambi\u00e9n las muestras de apoyo que se ha tenido por gente de poblaciones vecinas como Penjamillo, Zinaparo, Yur\u00e9cuaro, Degollado, Tanhuato, P\u00e9njamo, Numar\u00e1n entre otros.<\/span><\/p>\n","protected":false},"excerpt":{"rendered":"<p>A fin de solidarizarse con la poblaci\u00f3n afectada de Oaxaca por el terremoto de m\u00e1s&#8230;<\/p>\n","protected":false},"author":1,"featured_media":2649,"comment_status":"open","ping_status":"open","sticky":false,"template":"","format":"standard","meta":{"jetpack_post_was_ever_published":false,"_jetpack_newsletter_access":"","_jetpack_dont_email_post_to_subs":false,"_jetpack_newsletter_tier_id":0,"_jetpack_memberships_contains_paywalled_content":false,"_jetpack_memberships_contains_paid_content":false,"footnotes":"","jetpack_publicize_message":"","jetpack_publicize_feature_enabled":true,"jetpack_social_post_already_shared":false,"jetpack_social_options":{"image_generator_settings":{"template":"highway","enabled":false},"version":2}},"categories":[1],"tags":[15,36],"class_list":["post-2648","post","type-post","status-publish","format-standard","has-post-thumbnail","hentry","category-la-piedad","tag-la-piedad","tag-principales"],"jetpack_publicize_connections":[],"jetpack_sharing_enabled":true,"featured_image_urls":{"full":["http:\/\/tvalaire.com\/wp-content\/uploads\/2017\/09\/APOYA-GOBIERNO-DE-LA-PIEDAD-CON-V\u00cdVERES-A-GENTE-DE-OAXACA.jpg",1024,683,false],"thumbnail":["http:\/\/tvalaire.com\/wp-content\/uploads\/2017\/09\/APOYA-GOBIERNO-DE-LA-PIEDAD-CON-V\u00cdVERES-A-GENTE-DE-OAXACA-150x150.jpg",150,150,true],"medium":["http:\/\/tvalaire.com\/wp-content\/uploads\/2017\/09\/APOYA-GOBIERNO-DE-LA-PIEDAD-CON-V\u00cdVERES-A-GENTE-DE-OAXACA-300x200.jpg",300,200,true],"medium_large":["http:\/\/tvalaire.com\/wp-content\/uploads\/2017\/09\/APOYA-GOBIERNO-DE-LA-PIEDAD-CON-V\u00cdVERES-A-GENTE-DE-OAXACA-768x512.jpg",640,427,true],"large":["http:\/\/tvalaire.com\/wp-content\/uploads\/2017\/09\/APOYA-GOBIERNO-DE-LA-PIEDAD-CON-V\u00cdVERES-A-GENTE-DE-OAXACA-1024x683.jpg",640,427,true],"post-slider-thumb-size":["http:\/\/tvalaire.com\/wp-content\/uploads\/2017\/09\/APOYA-GOBIERNO-DE-LA-PIEDAD-CON-V\u00cdVERES-A-GENTE-DE-OAXACA.jpg",285,190,false],"post-category-slider-size":["http:\/\/tvalaire.com\/wp-content\/uploads\/2017\/09\/APOYA-GOBIERNO-DE-LA-PIEDAD-CON-V\u00cdVERES-A-GENTE-DE-OAXACA.jpg",330,220,false],"1536x1536":["http:\/\/tvalaire.com\/wp-content\/uploads\/2017\/09\/APOYA-GOBIERNO-DE-LA-PIEDAD-CON-V\u00cdVERES-A-GENTE-DE-OAXACA.jpg",1024,683,false],"2048x2048":["http:\/\/tvalaire.com\/wp-content\/uploads\/2017\/09\/APOYA-GOBIERNO-DE-LA-PIEDAD-CON-V\u00cdVERES-A-GENTE-DE-OAXACA.jpg",1024,683,false],"newsium-slider-full":["http:\/\/tvalaire.com\/wp-content\/uploads\/2017\/09\/APOYA-GOBIERNO-DE-LA-PIEDAD-CON-V\u00cdVERES-A-GENTE-DE-OAXACA.jpg",1024,683,false],"newsium-featured":["http:\/\/tvalaire.com\/wp-content\/uploads\/2017\/09\/APOYA-GOBIERNO-DE-LA-PIEDAD-CON-V\u00cdVERES-A-GENTE-DE-OAXACA.jpg",1024,683,false],"newsium-medium":["http:\/\/tvalaire.com\/wp-content\/uploads\/2017\/09\/APOYA-GOBIERNO-DE-LA-PIEDAD-CON-V\u00cdVERES-A-GENTE-DE-OAXACA.jpg",712,475,false]},"author_info":{"info":["tvalairenoti"]},"category_info":"<a href=\"http:\/\/tvalaire.com\/?cat=1\" rel=\"category\">La Piedad<\/a>","tag_info":"La Piedad","comment_count":"0","jetpack_featured_media_url":"http:\/\/tvalaire.com\/wp-content\/uploads\/2017\/09\/APOYA-GOBIERNO-DE-LA-PIEDAD-CON-V\u00cdVERES-A-GENTE-DE-OAXACA.jpg","_links":{"self":[{"href":"http:\/\/tvalaire.com\/index.php?rest_route=\/wp\/v2\/posts\/2648"}],"collection":[{"href":"http:\/\/tvalaire.com\/index.php?rest_route=\/wp\/v2\/posts"}],"about":[{"href":"http:\/\/tvalaire.com\/index.php?rest_route=\/wp\/v2\/types\/post"}],"author":[{"embeddable":true,"href":"http:\/\/tvalaire.com\/index.php?rest_route=\/wp\/v2\/users\/1"}],"replies":[{"embeddable":true,"href":"http:\/\/tvalaire.com\/index.php?rest_route=%2Fwp%2Fv2%2Fcomments&post=2648"}],"version-history":[{"count":1,"href":"http:\/\/tvalaire.com\/index.php?rest_route=\/wp\/v2\/posts\/2648\/revisions"}],"predecessor-version":[{"id":2650,"href":"http:\/\/tvalaire.com\/index.php?rest_route=\/wp\/v2\/posts\/2648\/revisions\/2650"}],"wp:featuredmedia":[{"embeddable":true,"href":"http:\/\/tvalaire.com\/index.php?rest_route=\/wp\/v2\/media\/2649"}],"wp:attachment":[{"href":"http:\/\/tvalaire.com\/index.php?rest_route=%2Fwp%2Fv2%2Fmedia&parent=2648"}],"wp:term":[{"taxonomy":"category","embeddable":true,"href":"http:\/\/tvalaire.com\/index.php?rest_route=%2Fwp%2Fv2%2Fcategories&post=2648"},{"taxonomy":"post_tag","embeddable":true,"href":"http:\/\/tvalaire.com\/index.php?rest_route=%2Fwp%2Fv2%2Ftags&post=2648"}],"curies":[{"name":"wp","href":"https:\/\/api.w.org\/{rel}","templated":true}]}}