{"id":2645,"date":"2017-09-15T10:18:55","date_gmt":"2017-09-15T15:18:55","guid":{"rendered":"http:\/\/tvalaire.com\/?p=2645"},"modified":"2017-09-15T10:18:55","modified_gmt":"2017-09-15T15:18:55","slug":"aprobo-el-cabildo-primera-modificacion-del-presupuesto-2017","status":"publish","type":"post","link":"http:\/\/tvalaire.com\/?p=2645","title":{"rendered":"APROB\u00d3 EL CABILDO PRIMERA MODIFICACI\u00d3N DEL PRESUPUESTO 2017"},"content":{"rendered":"<p class=\"xgmail-standard\" style=\"text-align: justify; background: white; font-variant-ligatures: normal; font-variant-caps: normal; orphans: 2; widows: 2; -webkit-text-stroke-width: 0px; text-decoration-style: initial; text-decoration-color: initial; word-spacing: 0px;\"><span style=\"font-size: 11.5pt; font-family: 'Arial','sans-serif'; color: #212121;\">\u00a0<\/span><\/p>\n<p class=\"xgmail-standard\" style=\"text-align: justify; background: white; font-variant-ligatures: normal; font-variant-caps: normal; orphans: 2; widows: 2; -webkit-text-stroke-width: 0px; text-decoration-style: initial; text-decoration-color: initial; word-spacing: 0px;\"><span style=\"font-size: 11.5pt; font-family: 'Arial','sans-serif'; color: #212121;\">Por mayor\u00eda de votos, integrantes del Cabildo aprobaron la primera modificaci\u00f3n al presupuesto de ingresos y egresos de este a\u00f1o, de los cuales en el rubro de ingresos se increment\u00f3 en 14.4 millones de pesos por conceptos de derechos municipales y del Fondo Estatal para la Infraestructura y los Servicios P\u00fablicos Municipales (FEISPUM).<\/span><\/p>\n<p class=\"xgmail-standard\" style=\"text-align: justify; background: white; font-variant-ligatures: normal; font-variant-caps: normal; orphans: 2; widows: 2; -webkit-text-stroke-width: 0px; text-decoration-style: initial; text-decoration-color: initial; word-spacing: 0px;\"><span style=\"font-size: 11.5pt; font-family: 'Arial','sans-serif'; color: #212121;\">\u00a0Durante la exposici\u00f3n el Alcalde Juan Manuel Estrada Medina, propuso a los integrantes del Cabildo, que a partir de este momento el ingreso excedente que se obtenga se canalice para el otorgamiento de becas y apoyos municipales que los ciudadanos le solicitan, lo cual fue aceptado por el cuerpo edilicio.<\/span><\/p>\n<p class=\"xgmail-standard\" style=\"text-align: justify; background: white; font-variant-ligatures: normal; font-variant-caps: normal; orphans: 2; widows: 2; -webkit-text-stroke-width: 0px; text-decoration-style: initial; text-decoration-color: initial; word-spacing: 0px;\"><span style=\"font-size: 11.5pt; font-family: 'Arial','sans-serif'; color: #212121;\">\u00a0Estrada Medina se\u00f1al\u00f3 que dentro de los apoyos directos que entrega a la ciudadan\u00eda son muchos para cubrir necesidades apremiantes de ciudadanos y otros m\u00e1s para llevar maestros e intendentes para las escuelas donde hay carencias sin embargo, coment\u00f3 que actualmente tiene varias solicitudes de instituciones educativas en las que le piden por lo menos 50 maestros para cubrir las necesidades y algunas de ellas requieren hasta 3 docentes.<\/span><\/p>\n<p class=\"xgmail-standard\" style=\"text-align: justify; background: white; font-variant-ligatures: normal; font-variant-caps: normal; orphans: 2; widows: 2; -webkit-text-stroke-width: 0px; text-decoration-style: initial; text-decoration-color: initial; word-spacing: 0px;\"><span style=\"font-size: 11.5pt; font-family: 'Arial','sans-serif'; color: #212121;\">\u00a0Siempre le ha apostado a la educaci\u00f3n y por eso la apoya, aunque resalt\u00f3 que no cuenta con capacidad econ\u00f3mica para solventar todas las carencias de docentes y de infraestructura educativa.<\/span><\/p>\n<p class=\"xgmail-standard\" style=\"text-align: justify; background: white; font-variant-ligatures: normal; font-variant-caps: normal; orphans: 2; widows: 2; -webkit-text-stroke-width: 0px; text-decoration-style: initial; text-decoration-color: initial; word-spacing: 0px;\"><span style=\"font-size: 11.5pt; font-family: 'Arial','sans-serif'; color: #212121;\">\u00a0La presentaci\u00f3n para la modificaci\u00f3n, fue planteada por el Alcalde a trav\u00e9s del Tesorero, Emilio Guill\u00e9n P\u00e9rez quien incluy\u00f3 en su propuesta la justificaci\u00f3n de los movimientos por partida, en donde en el apartado de Ingresos, inform\u00f3 que se increment\u00f3 en 2 millones 151 mil 266 pesos en el rubro de otros derechos municipales que corresponde al incremento que se ha obtenido por la recaudaci\u00f3n de las licencias municipales de giros rojos.<\/span><\/p>\n<p class=\"xgmail-standard\" style=\"text-align: justify; background: white; font-variant-ligatures: normal; font-variant-caps: normal; orphans: 2; widows: 2; -webkit-text-stroke-width: 0px; text-decoration-style: initial; text-decoration-color: initial; word-spacing: 0px;\"><span style=\"font-size: 11.5pt; font-family: 'Arial','sans-serif'; color: #212121;\">\u00a0Se increment\u00f3 a su vez el presupuesto en 12 millones 323 mil 117 pesos por las transferencias estatales por el convenio del FEISPUM, el cual no estaba contemplado en el presupuesto inicial debido a que la Secretar\u00eda de Finanzas no hab\u00eda entregado la programaci\u00f3n anual. En total suman 14 millones 474 mil 383 pesos.<\/span><\/p>\n<p class=\"xgmail-standard\" style=\"text-align: justify; background: white; font-variant-ligatures: normal; font-variant-caps: normal; orphans: 2; widows: 2; -webkit-text-stroke-width: 0px; text-decoration-style: initial; text-decoration-color: initial; word-spacing: 0px;\"><span style=\"font-size: 11.5pt; font-family: 'Arial','sans-serif'; color: #212121;\">\u00a0A la propuesta del Alcalde para destinar los excedentes de ingresos a becas y apoyos, se unieron los regidores Alejandro Salda\u00f1a Aguilar; el s\u00edndico Nicol\u00e1s Hermosillo; Alicia Ojeda P\u00e9rez y Brenda Orozco Torres.<\/span><\/p>\n<p class=\"xgmail-standard\" style=\"text-align: justify; background: white; font-variant-ligatures: normal; font-variant-caps: normal; orphans: 2; widows: 2; -webkit-text-stroke-width: 0px; text-decoration-style: initial; text-decoration-color: initial; word-spacing: 0px;\"><span style=\"font-size: 11.5pt; font-family: 'Arial','sans-serif'; color: #212121;\">\u00a0Nicol\u00e1s Hermosillo indic\u00f3 que parte de los excedentes de las licencias comerciales se dio por la regularizaci\u00f3n y entrega de las concesiones a los locatarios de los mercados municipales, ya que la mayor\u00eda ten\u00eda rezagos en los pagos por derechos.<\/span><\/p>\n<p class=\"xgmail-textbody\" style=\"text-align: justify; background: white; font-variant-ligatures: normal; font-variant-caps: normal; orphans: 2; widows: 2; -webkit-text-stroke-width: 0px; text-decoration-style: initial; text-decoration-color: initial; word-spacing: 0px;\"><span style=\"font-size: 11.5pt; font-family: 'Arial','sans-serif'; color: #212121;\">La propuesta de modificaci\u00f3n fue aprobada por mayor\u00eda de votos, con la negativa de dos de los regidores del PAN, ya que no estuvo presente Iv\u00e1n Hidalgo Gallardo y dos abstenciones, una del regidor del PRD y de la de Nueva Alianza, ni tampoco la regidora del Partido Verde quien tampoco asisti\u00f3.<\/span><\/p>\n","protected":false},"excerpt":{"rendered":"<p>\u00a0 Por mayor\u00eda de votos, integrantes del Cabildo aprobaron la primera modificaci\u00f3n al presupuesto de&#8230;<\/p>\n","protected":false},"author":1,"featured_media":2646,"comment_status":"open","ping_status":"open","sticky":false,"template":"","format":"standard","meta":{"jetpack_post_was_ever_published":false,"_jetpack_newsletter_access":"","_jetpack_dont_email_post_to_subs":false,"_jetpack_newsletter_tier_id":0,"_jetpack_memberships_contains_paywalled_content":false,"_jetpack_memberships_contains_paid_content":false,"footnotes":"","jetpack_publicize_message":"","jetpack_publicize_feature_enabled":true,"jetpack_social_post_already_shared":false,"jetpack_social_options":{"image_generator_settings":{"template":"highway","enabled":false},"version":2}},"categories":[1],"tags":[15,36],"class_list":["post-2645","post","type-post","status-publish","format-standard","has-post-thumbnail","hentry","category-la-piedad","tag-la-piedad","tag-principales"],"jetpack_publicize_connections":[],"jetpack_sharing_enabled":true,"featured_image_urls":{"full":["http:\/\/tvalaire.com\/wp-content\/uploads\/2017\/09\/APROB\u00d3-EL-CABILDO-PRIMERA-MODIFICACI\u00d3N-DEL-PRESUPUESTO-2017.jpg",1024,683,false],"thumbnail":["http:\/\/tvalaire.com\/wp-content\/uploads\/2017\/09\/APROB\u00d3-EL-CABILDO-PRIMERA-MODIFICACI\u00d3N-DEL-PRESUPUESTO-2017-150x150.jpg",150,150,true],"medium":["http:\/\/tvalaire.com\/wp-content\/uploads\/2017\/09\/APROB\u00d3-EL-CABILDO-PRIMERA-MODIFICACI\u00d3N-DEL-PRESUPUESTO-2017-300x200.jpg",300,200,true],"medium_large":["http:\/\/tvalaire.com\/wp-content\/uploads\/2017\/09\/APROB\u00d3-EL-CABILDO-PRIMERA-MODIFICACI\u00d3N-DEL-PRESUPUESTO-2017-768x512.jpg",640,427,true],"large":["http:\/\/tvalaire.com\/wp-content\/uploads\/2017\/09\/APROB\u00d3-EL-CABILDO-PRIMERA-MODIFICACI\u00d3N-DEL-PRESUPUESTO-2017-1024x683.jpg",640,427,true],"post-slider-thumb-size":["http:\/\/tvalaire.com\/wp-content\/uploads\/2017\/09\/APROB\u00d3-EL-CABILDO-PRIMERA-MODIFICACI\u00d3N-DEL-PRESUPUESTO-2017.jpg",285,190,false],"post-category-slider-size":["http:\/\/tvalaire.com\/wp-content\/uploads\/2017\/09\/APROB\u00d3-EL-CABILDO-PRIMERA-MODIFICACI\u00d3N-DEL-PRESUPUESTO-2017.jpg",330,220,false],"1536x1536":["http:\/\/tvalaire.com\/wp-content\/uploads\/2017\/09\/APROB\u00d3-EL-CABILDO-PRIMERA-MODIFICACI\u00d3N-DEL-PRESUPUESTO-2017.jpg",1024,683,false],"2048x2048":["http:\/\/tvalaire.com\/wp-content\/uploads\/2017\/09\/APROB\u00d3-EL-CABILDO-PRIMERA-MODIFICACI\u00d3N-DEL-PRESUPUESTO-2017.jpg",1024,683,false],"newsium-slider-full":["http:\/\/tvalaire.com\/wp-content\/uploads\/2017\/09\/APROB\u00d3-EL-CABILDO-PRIMERA-MODIFICACI\u00d3N-DEL-PRESUPUESTO-2017.jpg",1024,683,false],"newsium-featured":["http:\/\/tvalaire.com\/wp-content\/uploads\/2017\/09\/APROB\u00d3-EL-CABILDO-PRIMERA-MODIFICACI\u00d3N-DEL-PRESUPUESTO-2017.jpg",1024,683,false],"newsium-medium":["http:\/\/tvalaire.com\/wp-content\/uploads\/2017\/09\/APROB\u00d3-EL-CABILDO-PRIMERA-MODIFICACI\u00d3N-DEL-PRESUPUESTO-2017.jpg",712,475,false]},"author_info":{"info":["tvalairenoti"]},"category_info":"<a href=\"http:\/\/tvalaire.com\/?cat=1\" rel=\"category\">La Piedad<\/a>","tag_info":"La Piedad","comment_count":"0","jetpack_featured_media_url":"http:\/\/tvalaire.com\/wp-content\/uploads\/2017\/09\/APROB\u00d3-EL-CABILDO-PRIMERA-MODIFICACI\u00d3N-DEL-PRESUPUESTO-2017.jpg","_links":{"self":[{"href":"http:\/\/tvalaire.com\/index.php?rest_route=\/wp\/v2\/posts\/2645"}],"collection":[{"href":"http:\/\/tvalaire.com\/index.php?rest_route=\/wp\/v2\/posts"}],"about":[{"href":"http:\/\/tvalaire.com\/index.php?rest_route=\/wp\/v2\/types\/post"}],"author":[{"embeddable":true,"href":"http:\/\/tvalaire.com\/index.php?rest_route=\/wp\/v2\/users\/1"}],"replies":[{"embeddable":true,"href":"http:\/\/tvalaire.com\/index.php?rest_route=%2Fwp%2Fv2%2Fcomments&post=2645"}],"version-history":[{"count":1,"href":"http:\/\/tvalaire.com\/index.php?rest_route=\/wp\/v2\/posts\/2645\/revisions"}],"predecessor-version":[{"id":2647,"href":"http:\/\/tvalaire.com\/index.php?rest_route=\/wp\/v2\/posts\/2645\/revisions\/2647"}],"wp:featuredmedia":[{"embeddable":true,"href":"http:\/\/tvalaire.com\/index.php?rest_route=\/wp\/v2\/media\/2646"}],"wp:attachment":[{"href":"http:\/\/tvalaire.com\/index.php?rest_route=%2Fwp%2Fv2%2Fmedia&parent=2645"}],"wp:term":[{"taxonomy":"category","embeddable":true,"href":"http:\/\/tvalaire.com\/index.php?rest_route=%2Fwp%2Fv2%2Fcategories&post=2645"},{"taxonomy":"post_tag","embeddable":true,"href":"http:\/\/tvalaire.com\/index.php?rest_route=%2Fwp%2Fv2%2Ftags&post=2645"}],"curies":[{"name":"wp","href":"https:\/\/api.w.org\/{rel}","templated":true}]}}