{"id":2612,"date":"2017-09-13T17:31:43","date_gmt":"2017-09-13T22:31:43","guid":{"rendered":"http:\/\/tvalaire.com\/?p=2612"},"modified":"2017-09-13T17:31:43","modified_gmt":"2017-09-13T22:31:43","slug":"recuerdan-autoridades-gesta-heroica-de-los-ninos-heroes","status":"publish","type":"post","link":"http:\/\/tvalaire.com\/?p=2612","title":{"rendered":"RECUERDAN AUTORIDADES GESTA HERO\u00cdCA DE LOS NI\u00d1OS H\u00c9ROES"},"content":{"rendered":"<p class=\"x_MsoNormal\"><b>La Bandera nacional se iz\u00f3 a media asta en se\u00f1al de luto en este 170 aniversario de la muerte de los seis cadetes en el Castillo de Chapultepec.<\/b><\/p>\n<p class=\"x_MsoNormal\">Autoridades civiles y educativas conmemoraron el 170 Aniversario de la Gesta Heroica de los Ni\u00f1os H\u00e9roes de Chapultepec con un acto en el que la oradora oficial, Sof\u00eda Jacqueline Le\u00f3n Hern\u00e1ndez convoc\u00f3 al pueblo a unir fuerzas para evitar la ignorancia, la mediocridad y la conformidad.<\/p>\n<p class=\"x_MsoNormal\">Elementos que dijo, hacen a un pueblo antipatriota e indiferente ante las necesidades de un pa\u00eds que \u2013sigui\u00f3-, da m\u00e1s de lo que pudiera pedir. \u201cSolo con la uni\u00f3n y voluntad de todos los mexicanos se puede potencializar el proceso de transformaci\u00f3n que se requiere, conduci\u00e9ndonos a mejores escenarios de bienestar. Invit\u00f3 a todos a ense\u00f1ar a los j\u00f3venes a amar a su patria, para ser mejores personas con orgullo para M\u00e9xico\u201d.<\/p>\n<p class=\"x_MsoNormal\">El acto conmemorativo organizado por el CBTIS 84, se llev\u00f3 a cabo en la Plaza de la Bandera \u201cLic. Ricardo Guzm\u00e1n Romero\u201d en la colonia Vasco de Quiroga, en donde autoridades civiles encabezadas por el Alcalde Juan Manuel Estrada Medina acompa\u00f1ado del S\u00edndico Nicol\u00e1s Hermosillo Garc\u00eda y el Secretario del Ayuntamiento, Daniel V\u00e1zquez Zavala realizaron el izamiento de la Bandera Monumental, la cual qued\u00f3 a media asta en se\u00f1al de duelo por la fecha establecida. Lo mismo ocurri\u00f3 a las 08:00 horas en tres puntos del Centro Hist\u00f3rico.<\/p>\n<p class=\"x_MsoNormal\">El programa incluy\u00f3 los honores al l\u00e1baro patrio con el apoyo de la banda de guerra de UNIVA y la escolta del colegio Vasco de Quiroga, para luego dar paso a la participaci\u00f3n del alumno Jes\u00fas Eduardo Aguilar Garc\u00eda del CBTIS 84, quien ofreci\u00f3 la poes\u00eda Nac\u00ed libre y la rese\u00f1a a cargo de Daniel Mena Rojas.<\/p>\n<p class=\"x_MsoNormal\">El alcalde Juan Manuel Estrada Medina dio el \u00faltimo pase de lista a los cadetes ca\u00eddos durante la Gesta Heroica del Colegio Militar, elogiando la grandeza y valent\u00eda de los ni\u00f1os que fueron:\u00a0Juan Escutia, Vicente Su\u00e1rez, Fernando Montes de Oca, Francisco M\u00e1rquez, Agust\u00edn Melgar y el teniente Juan de la Barrera, que ofrendaron su vida en el asalto estadounidense en el Castillo de Chapultepec, el 13 de septiembre de 1847.<\/p>\n<p class=\"x_MsoNormal\">En el acto, autoridades municipales realizaron el encendido del pebetero y para finalizar montaron guardia de honor en el asta bandera en donde colocaron una ofrenda floral.<\/p>\n<p class=\"x_MsoNormal\">Tambi\u00e9n estuvieron presentes integrantes del Cabildo; Enrique Torres Rea en representaci\u00f3n del director del CBTIS 84; el hermano Filiberto Vel\u00e1zquez Loza, director del colegio Vasco de Quiroga, alumnos y padres de familia.<\/p>\n","protected":false},"excerpt":{"rendered":"<p>La Bandera nacional se iz\u00f3 a media asta en se\u00f1al de luto en este 170&#8230;<\/p>\n","protected":false},"author":1,"featured_media":2613,"comment_status":"open","ping_status":"open","sticky":false,"template":"","format":"standard","meta":{"jetpack_post_was_ever_published":false,"_jetpack_newsletter_access":"","_jetpack_dont_email_post_to_subs":false,"_jetpack_newsletter_tier_id":0,"_jetpack_memberships_contains_paywalled_content":false,"_jetpack_memberships_contains_paid_content":false,"footnotes":"","jetpack_publicize_message":"","jetpack_publicize_feature_enabled":true,"jetpack_social_post_already_shared":false,"jetpack_social_options":{"image_generator_settings":{"template":"highway","enabled":false},"version":2}},"categories":[1],"tags":[15,36],"class_list":["post-2612","post","type-post","status-publish","format-standard","has-post-thumbnail","hentry","category-la-piedad","tag-la-piedad","tag-principales"],"jetpack_publicize_connections":[],"jetpack_sharing_enabled":true,"featured_image_urls":{"full":["http:\/\/tvalaire.com\/wp-content\/uploads\/2017\/09\/1-1.jpg",1024,683,false],"thumbnail":["http:\/\/tvalaire.com\/wp-content\/uploads\/2017\/09\/1-1-150x150.jpg",150,150,true],"medium":["http:\/\/tvalaire.com\/wp-content\/uploads\/2017\/09\/1-1-300x200.jpg",300,200,true],"medium_large":["http:\/\/tvalaire.com\/wp-content\/uploads\/2017\/09\/1-1-768x512.jpg",640,427,true],"large":["http:\/\/tvalaire.com\/wp-content\/uploads\/2017\/09\/1-1-1024x683.jpg",640,427,true],"post-slider-thumb-size":["http:\/\/tvalaire.com\/wp-content\/uploads\/2017\/09\/1-1.jpg",285,190,false],"post-category-slider-size":["http:\/\/tvalaire.com\/wp-content\/uploads\/2017\/09\/1-1.jpg",330,220,false],"1536x1536":["http:\/\/tvalaire.com\/wp-content\/uploads\/2017\/09\/1-1.jpg",1024,683,false],"2048x2048":["http:\/\/tvalaire.com\/wp-content\/uploads\/2017\/09\/1-1.jpg",1024,683,false],"newsium-slider-full":["http:\/\/tvalaire.com\/wp-content\/uploads\/2017\/09\/1-1.jpg",1024,683,false],"newsium-featured":["http:\/\/tvalaire.com\/wp-content\/uploads\/2017\/09\/1-1.jpg",1024,683,false],"newsium-medium":["http:\/\/tvalaire.com\/wp-content\/uploads\/2017\/09\/1-1.jpg",712,475,false]},"author_info":{"info":["tvalairenoti"]},"category_info":"<a href=\"http:\/\/tvalaire.com\/?cat=1\" rel=\"category\">La Piedad<\/a>","tag_info":"La Piedad","comment_count":"0","jetpack_featured_media_url":"http:\/\/tvalaire.com\/wp-content\/uploads\/2017\/09\/1-1.jpg","_links":{"self":[{"href":"http:\/\/tvalaire.com\/index.php?rest_route=\/wp\/v2\/posts\/2612"}],"collection":[{"href":"http:\/\/tvalaire.com\/index.php?rest_route=\/wp\/v2\/posts"}],"about":[{"href":"http:\/\/tvalaire.com\/index.php?rest_route=\/wp\/v2\/types\/post"}],"author":[{"embeddable":true,"href":"http:\/\/tvalaire.com\/index.php?rest_route=\/wp\/v2\/users\/1"}],"replies":[{"embeddable":true,"href":"http:\/\/tvalaire.com\/index.php?rest_route=%2Fwp%2Fv2%2Fcomments&post=2612"}],"version-history":[{"count":1,"href":"http:\/\/tvalaire.com\/index.php?rest_route=\/wp\/v2\/posts\/2612\/revisions"}],"predecessor-version":[{"id":2614,"href":"http:\/\/tvalaire.com\/index.php?rest_route=\/wp\/v2\/posts\/2612\/revisions\/2614"}],"wp:featuredmedia":[{"embeddable":true,"href":"http:\/\/tvalaire.com\/index.php?rest_route=\/wp\/v2\/media\/2613"}],"wp:attachment":[{"href":"http:\/\/tvalaire.com\/index.php?rest_route=%2Fwp%2Fv2%2Fmedia&parent=2612"}],"wp:term":[{"taxonomy":"category","embeddable":true,"href":"http:\/\/tvalaire.com\/index.php?rest_route=%2Fwp%2Fv2%2Fcategories&post=2612"},{"taxonomy":"post_tag","embeddable":true,"href":"http:\/\/tvalaire.com\/index.php?rest_route=%2Fwp%2Fv2%2Ftags&post=2612"}],"curies":[{"name":"wp","href":"https:\/\/api.w.org\/{rel}","templated":true}]}}