{"id":2606,"date":"2017-09-13T17:28:04","date_gmt":"2017-09-13T22:28:04","guid":{"rendered":"http:\/\/tvalaire.com\/?p=2606"},"modified":"2017-09-13T17:28:04","modified_gmt":"2017-09-13T22:28:04","slug":"entregan-apoyos-a-productores-del-campo-piedadense","status":"publish","type":"post","link":"http:\/\/tvalaire.com\/?p=2606","title":{"rendered":"ENTREGAN APOYOS A PRODUCTORES DEL CAMPO PIEDADENSE"},"content":{"rendered":"<p class=\"xmsonormal\" style=\"text-align: justify; background: white;\"><span style=\"font-family: 'Arial','sans-serif'; color: #212121;\">El Presidente Municipal, entreg\u00f3 150 aspersoras de motor l\u00edquido y polvo, para el igual n\u00famero de productores del campo a quienes ofreci\u00f3 un mensaje alentador sobre la pol\u00edtica p\u00fablica que tiene en marcha, pues resalt\u00f3 que para \u00e9l la gente del campo no son s\u00f3lo una persona m\u00e1s, si no que son parte importante para su gobierno.<\/span><\/p>\n<p class=\"xmsonormal\" style=\"text-align: justify; background: white;\"><span style=\"font-family: 'Arial','sans-serif'; color: #212121;\">De ah\u00ed que, una de las pol\u00edticas p\u00fablicas implementadas desde el inicio de su administraci\u00f3n sea el hacer justicia a este sector que por a\u00f1os estuvo desprotegido.<\/span><\/p>\n<p class=\"xmsonormal\" style=\"text-align: justify; background: white;\"><span style=\"font-family: 'Arial','sans-serif'; color: #212121;\">En esta ocasi\u00f3n, el Alcalde entreg\u00f3 150 aspersoras, de las cuales 100 fueron para utilizaci\u00f3n de l\u00edquidos y otorg\u00f3 las 50 primeras para la aplicaci\u00f3n de polvos, a trav\u00e9s del Programa Municipal de Equipos Agr\u00edcolas. Los beneficiados con esta entrega, fueron habitantes de la mayor\u00eda de las comunidades rurales que forman parte de la Junta de Sanidad Vegetal a quienes se les convoc\u00f3 previamente por medio de la direcci\u00f3n de Fomento Agropecuario.<\/span><\/p>\n<p class=\"xmsonormal\" style=\"text-align: justify; background: white;\"><span style=\"font-family: 'Arial','sans-serif'; color: #212121;\">El costo para los productores beneficiados fue de mil 750 pesos y el Gobierno Municipal aport\u00f3 otra cantidad igual, ya que el costo real es de 3 mil 500 pesos.<\/span><\/p>\n<p class=\"xmsonormal\" style=\"text-align: justify; background: white;\"><span style=\"font-family: 'Arial','sans-serif'; color: #212121;\">La entrega de los implementos agr\u00edcolas se llev\u00f3 a cabo en la bodega del Ayuntamiento que se ubica por la avenida S\u00f3stenes Rocha, en donde el Alcalde estuvo acompa\u00f1ado por los regidores que forman parte de la Comisi\u00f3n de Asuntos Agropecuarios; el director de Fomento Agropecuario, y el delegado de la SEDRUA, Germ\u00e1n \u00c1vila \u00c1vila.<\/span><\/p>\n<p class=\"xmsonormal\" style=\"text-align: justify; background: white;\"><span style=\"font-family: 'Arial','sans-serif'; color: #212121;\">El director de la dependencia municipal inform\u00f3 que los pr\u00f3ximos programas de apoyo que otorgar\u00e1 el Gobierno Municipal a este sector, es el de pollas ponedoras, alambres de p\u00faas, l\u00e1minas galvanizadas, aspersoras manuales y la segunda entrega de implementos agr\u00edcolas, este \u00faltimo en Concurrencia con el Gobierno estatal.<\/span><\/p>\n","protected":false},"excerpt":{"rendered":"<p>El Presidente Municipal, entreg\u00f3 150 aspersoras de motor l\u00edquido y polvo, para el igual n\u00famero&#8230;<\/p>\n","protected":false},"author":1,"featured_media":2607,"comment_status":"open","ping_status":"open","sticky":false,"template":"","format":"standard","meta":{"jetpack_post_was_ever_published":false,"_jetpack_newsletter_access":"","_jetpack_dont_email_post_to_subs":false,"_jetpack_newsletter_tier_id":0,"_jetpack_memberships_contains_paywalled_content":false,"_jetpack_memberships_contains_paid_content":false,"footnotes":"","jetpack_publicize_message":"","jetpack_publicize_feature_enabled":true,"jetpack_social_post_already_shared":false,"jetpack_social_options":{"image_generator_settings":{"template":"highway","enabled":false},"version":2}},"categories":[1],"tags":[15,36],"class_list":["post-2606","post","type-post","status-publish","format-standard","has-post-thumbnail","hentry","category-la-piedad","tag-la-piedad","tag-principales"],"jetpack_publicize_connections":[],"jetpack_sharing_enabled":true,"featured_image_urls":{"full":["http:\/\/tvalaire.com\/wp-content\/uploads\/2017\/09\/ENTREGAN-APOYOS-A-PRODUCTORES-DEL-CAMPO-PIEDADENSE2.jpg",1024,683,false],"thumbnail":["http:\/\/tvalaire.com\/wp-content\/uploads\/2017\/09\/ENTREGAN-APOYOS-A-PRODUCTORES-DEL-CAMPO-PIEDADENSE2-150x150.jpg",150,150,true],"medium":["http:\/\/tvalaire.com\/wp-content\/uploads\/2017\/09\/ENTREGAN-APOYOS-A-PRODUCTORES-DEL-CAMPO-PIEDADENSE2-300x200.jpg",300,200,true],"medium_large":["http:\/\/tvalaire.com\/wp-content\/uploads\/2017\/09\/ENTREGAN-APOYOS-A-PRODUCTORES-DEL-CAMPO-PIEDADENSE2-768x512.jpg",640,427,true],"large":["http:\/\/tvalaire.com\/wp-content\/uploads\/2017\/09\/ENTREGAN-APOYOS-A-PRODUCTORES-DEL-CAMPO-PIEDADENSE2-1024x683.jpg",640,427,true],"post-slider-thumb-size":["http:\/\/tvalaire.com\/wp-content\/uploads\/2017\/09\/ENTREGAN-APOYOS-A-PRODUCTORES-DEL-CAMPO-PIEDADENSE2.jpg",285,190,false],"post-category-slider-size":["http:\/\/tvalaire.com\/wp-content\/uploads\/2017\/09\/ENTREGAN-APOYOS-A-PRODUCTORES-DEL-CAMPO-PIEDADENSE2.jpg",330,220,false],"1536x1536":["http:\/\/tvalaire.com\/wp-content\/uploads\/2017\/09\/ENTREGAN-APOYOS-A-PRODUCTORES-DEL-CAMPO-PIEDADENSE2.jpg",1024,683,false],"2048x2048":["http:\/\/tvalaire.com\/wp-content\/uploads\/2017\/09\/ENTREGAN-APOYOS-A-PRODUCTORES-DEL-CAMPO-PIEDADENSE2.jpg",1024,683,false],"newsium-slider-full":["http:\/\/tvalaire.com\/wp-content\/uploads\/2017\/09\/ENTREGAN-APOYOS-A-PRODUCTORES-DEL-CAMPO-PIEDADENSE2.jpg",1024,683,false],"newsium-featured":["http:\/\/tvalaire.com\/wp-content\/uploads\/2017\/09\/ENTREGAN-APOYOS-A-PRODUCTORES-DEL-CAMPO-PIEDADENSE2.jpg",1024,683,false],"newsium-medium":["http:\/\/tvalaire.com\/wp-content\/uploads\/2017\/09\/ENTREGAN-APOYOS-A-PRODUCTORES-DEL-CAMPO-PIEDADENSE2.jpg",712,475,false]},"author_info":{"info":["tvalairenoti"]},"category_info":"<a href=\"http:\/\/tvalaire.com\/?cat=1\" rel=\"category\">La Piedad<\/a>","tag_info":"La Piedad","comment_count":"0","jetpack_featured_media_url":"http:\/\/tvalaire.com\/wp-content\/uploads\/2017\/09\/ENTREGAN-APOYOS-A-PRODUCTORES-DEL-CAMPO-PIEDADENSE2.jpg","_links":{"self":[{"href":"http:\/\/tvalaire.com\/index.php?rest_route=\/wp\/v2\/posts\/2606"}],"collection":[{"href":"http:\/\/tvalaire.com\/index.php?rest_route=\/wp\/v2\/posts"}],"about":[{"href":"http:\/\/tvalaire.com\/index.php?rest_route=\/wp\/v2\/types\/post"}],"author":[{"embeddable":true,"href":"http:\/\/tvalaire.com\/index.php?rest_route=\/wp\/v2\/users\/1"}],"replies":[{"embeddable":true,"href":"http:\/\/tvalaire.com\/index.php?rest_route=%2Fwp%2Fv2%2Fcomments&post=2606"}],"version-history":[{"count":1,"href":"http:\/\/tvalaire.com\/index.php?rest_route=\/wp\/v2\/posts\/2606\/revisions"}],"predecessor-version":[{"id":2608,"href":"http:\/\/tvalaire.com\/index.php?rest_route=\/wp\/v2\/posts\/2606\/revisions\/2608"}],"wp:featuredmedia":[{"embeddable":true,"href":"http:\/\/tvalaire.com\/index.php?rest_route=\/wp\/v2\/media\/2607"}],"wp:attachment":[{"href":"http:\/\/tvalaire.com\/index.php?rest_route=%2Fwp%2Fv2%2Fmedia&parent=2606"}],"wp:term":[{"taxonomy":"category","embeddable":true,"href":"http:\/\/tvalaire.com\/index.php?rest_route=%2Fwp%2Fv2%2Fcategories&post=2606"},{"taxonomy":"post_tag","embeddable":true,"href":"http:\/\/tvalaire.com\/index.php?rest_route=%2Fwp%2Fv2%2Ftags&post=2606"}],"curies":[{"name":"wp","href":"https:\/\/api.w.org\/{rel}","templated":true}]}}