{"id":2603,"date":"2017-09-13T17:27:08","date_gmt":"2017-09-13T22:27:08","guid":{"rendered":"http:\/\/tvalaire.com\/?p=2603"},"modified":"2017-09-13T17:27:09","modified_gmt":"2017-09-13T22:27:09","slug":"alcalde-de-la-piedad-apoya-se-reubiquen-oficinas-de-la-fiscalia-en-la-localidad","status":"publish","type":"post","link":"http:\/\/tvalaire.com\/?p=2603","title":{"rendered":"ALCALDE DE LA PIEDAD APOYA SE REUBIQUEN OFICINAS DE LA FISCAL\u00cdA EN LA LOCALIDAD"},"content":{"rendered":"<p>A fin de atender a los padres de familia inconformes sobre la ubicaci\u00f3n actual de la Fiscal\u00eda General Regional de la localidad, el Presidente de La Piedad atendi\u00f3 de manera personal la solicitud de las autoridades escolares del preescolar \u201cMa. Helena Chanes\u201d, pap\u00e1s, docentes y ni\u00f1os.<\/p>\n<p>El Alcalde coment\u00f3 que previamente en una reuni\u00f3n con autoridades estatales inform\u00f3 de la situaci\u00f3n que en dicho espacio prevalece, sobre todo de la inconformidad que existe por varios sectores de la poblaci\u00f3n.<\/p>\n<p>De igual manera destac\u00f3 y reafirm\u00f3 su compromiso para darle seguimiento puntal al tema con las autoridades pertinentes del Gobierno Estatal y en medida de las posibilidades hacer lo correspondiente para que se tenga una respuesta r\u00e1pida y satisfactoria para la poblaci\u00f3n.<\/p>\n<p>Es de destacar que los inconformes hacen la solicitud de que las oficinas sean reubicadas en base a las repetidas ocasiones que se han manifestado situaciones que ponen en riesgo a la comunidad escolar, as\u00ed como de otras instancias p\u00fabicas que por ah\u00ed se ubican.<\/p>\n<p>Ah\u00ed mismo, los directivos de la instituci\u00f3n antes mencionada agradecieron la atenci\u00f3n del Alcalde para atender el llamado de los padres de familia y se dijeron confiados en que las gestiones que se vayan a realizar tengan resultados favorables a la petici\u00f3n hecha.<\/p>\n<p>&nbsp;<\/p>\n","protected":false},"excerpt":{"rendered":"<p>A fin de atender a los padres de familia inconformes sobre la ubicaci\u00f3n actual de&#8230;<\/p>\n","protected":false},"author":1,"featured_media":2604,"comment_status":"open","ping_status":"open","sticky":false,"template":"","format":"standard","meta":{"jetpack_post_was_ever_published":false,"_jetpack_newsletter_access":"","_jetpack_dont_email_post_to_subs":false,"_jetpack_newsletter_tier_id":0,"_jetpack_memberships_contains_paywalled_content":false,"_jetpack_memberships_contains_paid_content":false,"footnotes":"","jetpack_publicize_message":"","jetpack_publicize_feature_enabled":true,"jetpack_social_post_already_shared":false,"jetpack_social_options":{"image_generator_settings":{"template":"highway","enabled":false},"version":2}},"categories":[1],"tags":[15,36],"class_list":["post-2603","post","type-post","status-publish","format-standard","has-post-thumbnail","hentry","category-la-piedad","tag-la-piedad","tag-principales"],"jetpack_publicize_connections":[],"jetpack_sharing_enabled":true,"featured_image_urls":{"full":["http:\/\/tvalaire.com\/wp-content\/uploads\/2017\/09\/ALCALDE-DE-LA-PIEDAD-APOYA-SE-REUBIQUEN-OFICINAS-DE-LA-FISCAL\u00cdA-EN-LA-LOCALIDAD4.jpg",1024,683,false],"thumbnail":["http:\/\/tvalaire.com\/wp-content\/uploads\/2017\/09\/ALCALDE-DE-LA-PIEDAD-APOYA-SE-REUBIQUEN-OFICINAS-DE-LA-FISCAL\u00cdA-EN-LA-LOCALIDAD4-150x150.jpg",150,150,true],"medium":["http:\/\/tvalaire.com\/wp-content\/uploads\/2017\/09\/ALCALDE-DE-LA-PIEDAD-APOYA-SE-REUBIQUEN-OFICINAS-DE-LA-FISCAL\u00cdA-EN-LA-LOCALIDAD4-300x200.jpg",300,200,true],"medium_large":["http:\/\/tvalaire.com\/wp-content\/uploads\/2017\/09\/ALCALDE-DE-LA-PIEDAD-APOYA-SE-REUBIQUEN-OFICINAS-DE-LA-FISCAL\u00cdA-EN-LA-LOCALIDAD4-768x512.jpg",640,427,true],"large":["http:\/\/tvalaire.com\/wp-content\/uploads\/2017\/09\/ALCALDE-DE-LA-PIEDAD-APOYA-SE-REUBIQUEN-OFICINAS-DE-LA-FISCAL\u00cdA-EN-LA-LOCALIDAD4-1024x683.jpg",640,427,true],"post-slider-thumb-size":["http:\/\/tvalaire.com\/wp-content\/uploads\/2017\/09\/ALCALDE-DE-LA-PIEDAD-APOYA-SE-REUBIQUEN-OFICINAS-DE-LA-FISCAL\u00cdA-EN-LA-LOCALIDAD4.jpg",285,190,false],"post-category-slider-size":["http:\/\/tvalaire.com\/wp-content\/uploads\/2017\/09\/ALCALDE-DE-LA-PIEDAD-APOYA-SE-REUBIQUEN-OFICINAS-DE-LA-FISCAL\u00cdA-EN-LA-LOCALIDAD4.jpg",330,220,false],"1536x1536":["http:\/\/tvalaire.com\/wp-content\/uploads\/2017\/09\/ALCALDE-DE-LA-PIEDAD-APOYA-SE-REUBIQUEN-OFICINAS-DE-LA-FISCAL\u00cdA-EN-LA-LOCALIDAD4.jpg",1024,683,false],"2048x2048":["http:\/\/tvalaire.com\/wp-content\/uploads\/2017\/09\/ALCALDE-DE-LA-PIEDAD-APOYA-SE-REUBIQUEN-OFICINAS-DE-LA-FISCAL\u00cdA-EN-LA-LOCALIDAD4.jpg",1024,683,false],"newsium-slider-full":["http:\/\/tvalaire.com\/wp-content\/uploads\/2017\/09\/ALCALDE-DE-LA-PIEDAD-APOYA-SE-REUBIQUEN-OFICINAS-DE-LA-FISCAL\u00cdA-EN-LA-LOCALIDAD4.jpg",1024,683,false],"newsium-featured":["http:\/\/tvalaire.com\/wp-content\/uploads\/2017\/09\/ALCALDE-DE-LA-PIEDAD-APOYA-SE-REUBIQUEN-OFICINAS-DE-LA-FISCAL\u00cdA-EN-LA-LOCALIDAD4.jpg",1024,683,false],"newsium-medium":["http:\/\/tvalaire.com\/wp-content\/uploads\/2017\/09\/ALCALDE-DE-LA-PIEDAD-APOYA-SE-REUBIQUEN-OFICINAS-DE-LA-FISCAL\u00cdA-EN-LA-LOCALIDAD4.jpg",712,475,false]},"author_info":{"info":["tvalairenoti"]},"category_info":"<a href=\"http:\/\/tvalaire.com\/?cat=1\" rel=\"category\">La Piedad<\/a>","tag_info":"La Piedad","comment_count":"0","jetpack_featured_media_url":"http:\/\/tvalaire.com\/wp-content\/uploads\/2017\/09\/ALCALDE-DE-LA-PIEDAD-APOYA-SE-REUBIQUEN-OFICINAS-DE-LA-FISCAL\u00cdA-EN-LA-LOCALIDAD4.jpg","_links":{"self":[{"href":"http:\/\/tvalaire.com\/index.php?rest_route=\/wp\/v2\/posts\/2603"}],"collection":[{"href":"http:\/\/tvalaire.com\/index.php?rest_route=\/wp\/v2\/posts"}],"about":[{"href":"http:\/\/tvalaire.com\/index.php?rest_route=\/wp\/v2\/types\/post"}],"author":[{"embeddable":true,"href":"http:\/\/tvalaire.com\/index.php?rest_route=\/wp\/v2\/users\/1"}],"replies":[{"embeddable":true,"href":"http:\/\/tvalaire.com\/index.php?rest_route=%2Fwp%2Fv2%2Fcomments&post=2603"}],"version-history":[{"count":1,"href":"http:\/\/tvalaire.com\/index.php?rest_route=\/wp\/v2\/posts\/2603\/revisions"}],"predecessor-version":[{"id":2605,"href":"http:\/\/tvalaire.com\/index.php?rest_route=\/wp\/v2\/posts\/2603\/revisions\/2605"}],"wp:featuredmedia":[{"embeddable":true,"href":"http:\/\/tvalaire.com\/index.php?rest_route=\/wp\/v2\/media\/2604"}],"wp:attachment":[{"href":"http:\/\/tvalaire.com\/index.php?rest_route=%2Fwp%2Fv2%2Fmedia&parent=2603"}],"wp:term":[{"taxonomy":"category","embeddable":true,"href":"http:\/\/tvalaire.com\/index.php?rest_route=%2Fwp%2Fv2%2Fcategories&post=2603"},{"taxonomy":"post_tag","embeddable":true,"href":"http:\/\/tvalaire.com\/index.php?rest_route=%2Fwp%2Fv2%2Ftags&post=2603"}],"curies":[{"name":"wp","href":"https:\/\/api.w.org\/{rel}","templated":true}]}}