{"id":2600,"date":"2017-09-13T17:26:16","date_gmt":"2017-09-13T22:26:16","guid":{"rendered":"http:\/\/tvalaire.com\/?p=2600"},"modified":"2017-09-13T17:26:16","modified_gmt":"2017-09-13T22:26:16","slug":"lleva-gobierno-fiesta-mexicana-al-cereso-de-la-piedad","status":"publish","type":"post","link":"http:\/\/tvalaire.com\/?p=2600","title":{"rendered":"LLEVA GOBIERNO FIESTA MEXICANA AL CERESO DE LA PIEDAD"},"content":{"rendered":"<p class=\"xmsonormal\" style=\"text-align: justify; background: white;\"><span style=\"font-family: 'Arial','sans-serif'; color: #212121;\">Las actividades de fiestas patrias se extendieron en esta ocasi\u00f3n al Centro de Readaptaci\u00f3n Social (CERESO) en el que por primera vez, se ofreci\u00f3 una fiesta mexicana que fue incluida dentro del Bando de Fiestas Patrias de La Piedad 2017.<\/span><\/p>\n<p class=\"xmsonormal\" style=\"text-align: justify; background: white;\"><span style=\"font-family: 'Arial','sans-serif'; color: #212121;\">Dentro de las instalaciones se llev\u00f3 toda clase de antojitos mexicanos como pozole, enchiladas, tamales, sopes, pasteles, postres diversos y aguas frescas acompa\u00f1adas de m\u00fasica mexicana que fue entonada por cantantes que fueron puestos por personal directivo de la Universidad del Valle de Atemajac (UNIVA) y la UCEM.<\/span><\/p>\n<p class=\"xmsonormal\"><span style=\"font-family: 'Arial','sans-serif'; color: #212121;\">El Gobierno Municipal a trav\u00e9s del Comit\u00e9 de Festejos Patrios, decidi\u00f3 incluir tambi\u00e9n al grupo poblacional del CERESO dentro de las actividades, para lo cual apoyaron en la organizaci\u00f3n el Instituto de la Juventud Piedadense (INJUP) y regidores que forman parte del Ayuntamiento, quienes asistieron en representaci\u00f3n del Presidente Municipal de La Piedad.<\/span><\/p>\n","protected":false},"excerpt":{"rendered":"<p>Las actividades de fiestas patrias se extendieron en esta ocasi\u00f3n al Centro de Readaptaci\u00f3n Social&#8230;<\/p>\n","protected":false},"author":1,"featured_media":2601,"comment_status":"open","ping_status":"open","sticky":false,"template":"","format":"standard","meta":{"jetpack_post_was_ever_published":false,"_jetpack_newsletter_access":"","_jetpack_dont_email_post_to_subs":false,"_jetpack_newsletter_tier_id":0,"_jetpack_memberships_contains_paywalled_content":false,"_jetpack_memberships_contains_paid_content":false,"footnotes":"","jetpack_publicize_message":"","jetpack_publicize_feature_enabled":true,"jetpack_social_post_already_shared":false,"jetpack_social_options":{"image_generator_settings":{"template":"highway","enabled":false},"version":2}},"categories":[1],"tags":[15,36],"class_list":["post-2600","post","type-post","status-publish","format-standard","has-post-thumbnail","hentry","category-la-piedad","tag-la-piedad","tag-principales"],"jetpack_publicize_connections":[],"jetpack_sharing_enabled":true,"featured_image_urls":{"full":["http:\/\/tvalaire.com\/wp-content\/uploads\/2017\/09\/LLEVA-GOBIERNO-FIESTA-MEXICANA-AL-CERESO-DE-LA-PIEDAD.jpg",1920,1280,false],"thumbnail":["http:\/\/tvalaire.com\/wp-content\/uploads\/2017\/09\/LLEVA-GOBIERNO-FIESTA-MEXICANA-AL-CERESO-DE-LA-PIEDAD-150x150.jpg",150,150,true],"medium":["http:\/\/tvalaire.com\/wp-content\/uploads\/2017\/09\/LLEVA-GOBIERNO-FIESTA-MEXICANA-AL-CERESO-DE-LA-PIEDAD-300x200.jpg",300,200,true],"medium_large":["http:\/\/tvalaire.com\/wp-content\/uploads\/2017\/09\/LLEVA-GOBIERNO-FIESTA-MEXICANA-AL-CERESO-DE-LA-PIEDAD-768x512.jpg",640,427,true],"large":["http:\/\/tvalaire.com\/wp-content\/uploads\/2017\/09\/LLEVA-GOBIERNO-FIESTA-MEXICANA-AL-CERESO-DE-LA-PIEDAD-1024x683.jpg",640,427,true],"post-slider-thumb-size":["http:\/\/tvalaire.com\/wp-content\/uploads\/2017\/09\/LLEVA-GOBIERNO-FIESTA-MEXICANA-AL-CERESO-DE-LA-PIEDAD.jpg",285,190,false],"post-category-slider-size":["http:\/\/tvalaire.com\/wp-content\/uploads\/2017\/09\/LLEVA-GOBIERNO-FIESTA-MEXICANA-AL-CERESO-DE-LA-PIEDAD.jpg",330,220,false],"1536x1536":["http:\/\/tvalaire.com\/wp-content\/uploads\/2017\/09\/LLEVA-GOBIERNO-FIESTA-MEXICANA-AL-CERESO-DE-LA-PIEDAD.jpg",1536,1024,false],"2048x2048":["http:\/\/tvalaire.com\/wp-content\/uploads\/2017\/09\/LLEVA-GOBIERNO-FIESTA-MEXICANA-AL-CERESO-DE-LA-PIEDAD.jpg",1920,1280,false],"newsium-slider-full":["http:\/\/tvalaire.com\/wp-content\/uploads\/2017\/09\/LLEVA-GOBIERNO-FIESTA-MEXICANA-AL-CERESO-DE-LA-PIEDAD.jpg",1268,845,false],"newsium-featured":["http:\/\/tvalaire.com\/wp-content\/uploads\/2017\/09\/LLEVA-GOBIERNO-FIESTA-MEXICANA-AL-CERESO-DE-LA-PIEDAD.jpg",1024,683,false],"newsium-medium":["http:\/\/tvalaire.com\/wp-content\/uploads\/2017\/09\/LLEVA-GOBIERNO-FIESTA-MEXICANA-AL-CERESO-DE-LA-PIEDAD.jpg",713,475,false]},"author_info":{"info":["tvalairenoti"]},"category_info":"<a href=\"http:\/\/tvalaire.com\/?cat=1\" rel=\"category\">La Piedad<\/a>","tag_info":"La Piedad","comment_count":"0","jetpack_featured_media_url":"http:\/\/tvalaire.com\/wp-content\/uploads\/2017\/09\/LLEVA-GOBIERNO-FIESTA-MEXICANA-AL-CERESO-DE-LA-PIEDAD.jpg","_links":{"self":[{"href":"http:\/\/tvalaire.com\/index.php?rest_route=\/wp\/v2\/posts\/2600"}],"collection":[{"href":"http:\/\/tvalaire.com\/index.php?rest_route=\/wp\/v2\/posts"}],"about":[{"href":"http:\/\/tvalaire.com\/index.php?rest_route=\/wp\/v2\/types\/post"}],"author":[{"embeddable":true,"href":"http:\/\/tvalaire.com\/index.php?rest_route=\/wp\/v2\/users\/1"}],"replies":[{"embeddable":true,"href":"http:\/\/tvalaire.com\/index.php?rest_route=%2Fwp%2Fv2%2Fcomments&post=2600"}],"version-history":[{"count":1,"href":"http:\/\/tvalaire.com\/index.php?rest_route=\/wp\/v2\/posts\/2600\/revisions"}],"predecessor-version":[{"id":2602,"href":"http:\/\/tvalaire.com\/index.php?rest_route=\/wp\/v2\/posts\/2600\/revisions\/2602"}],"wp:featuredmedia":[{"embeddable":true,"href":"http:\/\/tvalaire.com\/index.php?rest_route=\/wp\/v2\/media\/2601"}],"wp:attachment":[{"href":"http:\/\/tvalaire.com\/index.php?rest_route=%2Fwp%2Fv2%2Fmedia&parent=2600"}],"wp:term":[{"taxonomy":"category","embeddable":true,"href":"http:\/\/tvalaire.com\/index.php?rest_route=%2Fwp%2Fv2%2Fcategories&post=2600"},{"taxonomy":"post_tag","embeddable":true,"href":"http:\/\/tvalaire.com\/index.php?rest_route=%2Fwp%2Fv2%2Ftags&post=2600"}],"curies":[{"name":"wp","href":"https:\/\/api.w.org\/{rel}","templated":true}]}}