{"id":2584,"date":"2017-09-11T21:14:09","date_gmt":"2017-09-12T02:14:09","guid":{"rendered":"http:\/\/tvalaire.com\/?p=2584"},"modified":"2017-09-11T21:14:09","modified_gmt":"2017-09-12T02:14:09","slug":"entrega-victor-vazquez-ampliacion-de-red-de-agua-potable-en-la-comunidad-de-piedras-anchas","status":"publish","type":"post","link":"http:\/\/tvalaire.com\/?p=2584","title":{"rendered":"ENTREGA V\u00cdCTOR V\u00c1ZQUEZ AMPLIACI\u00d3N DE RED DE AGUA POTABLE EN LA COMUNIDAD DE PIEDRAS ANCHAS"},"content":{"rendered":"<p>V\u00edctor V\u00e1zquez Presidente Municipal acompa\u00f1ado del Honorable Cabildo inaugur\u00f3 dos ampliaciones de Agua Potable en la Comunidad de Piedras Anchas, para contribuir\u00a0 a mejorar la calidad de vida de todas las familias que lo necesitan,\u00a0 acerc\u00e1ndoles los servicios prioritarios.<\/p>\n<p>\u201cVamos a seguir trabajando muy fuerte para que les lleguen los servicios prioritarios a todas las familias, como es agua potable, drenaje y alumbrado p\u00fablico, consid\u00e9rennos sus aliados, pues gracias a la disciplina que tenemos en el Ayuntamiento es que nos permite satisfacer estas y otras necesidades\u201d Puntualiz\u00f3 el Presidente Municipal en la inauguraci\u00f3n.<\/p>\n<p>Ah\u00ed mismo supervis\u00f3 la pavimentaci\u00f3n a base de piedra ahogada en la entrada principal de dicha comunidad.<\/p>\n<p>&nbsp;<\/p>\n<p><img loading=\"lazy\" decoding=\"async\" class=\"alignnone size-medium wp-image-2587\" src=\"http:\/\/tvalaire.com\/wp-content\/uploads\/2017\/09\/INAUGURACION-Y-SUPERVICION-PIEDRAS-ANCHAS-7-300x199.jpg\" alt=\"\" width=\"300\" height=\"199\" srcset=\"http:\/\/tvalaire.com\/wp-content\/uploads\/2017\/09\/INAUGURACION-Y-SUPERVICION-PIEDRAS-ANCHAS-7-300x199.jpg 300w, http:\/\/tvalaire.com\/wp-content\/uploads\/2017\/09\/INAUGURACION-Y-SUPERVICION-PIEDRAS-ANCHAS-7-768x509.jpg 768w, http:\/\/tvalaire.com\/wp-content\/uploads\/2017\/09\/INAUGURACION-Y-SUPERVICION-PIEDRAS-ANCHAS-7-1024x678.jpg 1024w\" sizes=\"(max-width: 300px) 100vw, 300px\" \/><\/p>\n<p><img loading=\"lazy\" decoding=\"async\" class=\"alignnone size-medium wp-image-2586\" src=\"http:\/\/tvalaire.com\/wp-content\/uploads\/2017\/09\/INAUGURACION-Y-SUPERVICION-PIEDRAS-ANCHAS-3-300x199.jpg\" alt=\"\" width=\"300\" height=\"199\" srcset=\"http:\/\/tvalaire.com\/wp-content\/uploads\/2017\/09\/INAUGURACION-Y-SUPERVICION-PIEDRAS-ANCHAS-3-300x199.jpg 300w, http:\/\/tvalaire.com\/wp-content\/uploads\/2017\/09\/INAUGURACION-Y-SUPERVICION-PIEDRAS-ANCHAS-3-768x509.jpg 768w, http:\/\/tvalaire.com\/wp-content\/uploads\/2017\/09\/INAUGURACION-Y-SUPERVICION-PIEDRAS-ANCHAS-3-1024x678.jpg 1024w\" sizes=\"(max-width: 300px) 100vw, 300px\" \/><\/p>\n","protected":false},"excerpt":{"rendered":"<p>V\u00edctor V\u00e1zquez Presidente Municipal acompa\u00f1ado del Honorable Cabildo inaugur\u00f3 dos ampliaciones de Agua Potable en&#8230;<\/p>\n","protected":false},"author":1,"featured_media":2585,"comment_status":"open","ping_status":"open","sticky":false,"template":"","format":"standard","meta":{"jetpack_post_was_ever_published":false,"_jetpack_newsletter_access":"","_jetpack_dont_email_post_to_subs":false,"_jetpack_newsletter_tier_id":0,"_jetpack_memberships_contains_paywalled_content":false,"_jetpack_memberships_contains_paid_content":false,"footnotes":"","jetpack_publicize_message":"","jetpack_publicize_feature_enabled":true,"jetpack_social_post_already_shared":false,"jetpack_social_options":{"image_generator_settings":{"template":"highway","enabled":false},"version":2}},"categories":[4],"tags":[36,24],"class_list":["post-2584","post","type-post","status-publish","format-standard","has-post-thumbnail","hentry","category-puruandiro","tag-principales","tag-puruandiro"],"jetpack_publicize_connections":[],"jetpack_sharing_enabled":true,"featured_image_urls":{"full":["http:\/\/tvalaire.com\/wp-content\/uploads\/2017\/09\/INAUGURACION-Y-SUPERVICION-PIEDRAS-ANCHAS-1.jpg",4928,3264,false],"thumbnail":["http:\/\/tvalaire.com\/wp-content\/uploads\/2017\/09\/INAUGURACION-Y-SUPERVICION-PIEDRAS-ANCHAS-1-150x150.jpg",150,150,true],"medium":["http:\/\/tvalaire.com\/wp-content\/uploads\/2017\/09\/INAUGURACION-Y-SUPERVICION-PIEDRAS-ANCHAS-1-300x199.jpg",300,199,true],"medium_large":["http:\/\/tvalaire.com\/wp-content\/uploads\/2017\/09\/INAUGURACION-Y-SUPERVICION-PIEDRAS-ANCHAS-1-768x509.jpg",640,424,true],"large":["http:\/\/tvalaire.com\/wp-content\/uploads\/2017\/09\/INAUGURACION-Y-SUPERVICION-PIEDRAS-ANCHAS-1-1024x678.jpg",640,424,true],"post-slider-thumb-size":["http:\/\/tvalaire.com\/wp-content\/uploads\/2017\/09\/INAUGURACION-Y-SUPERVICION-PIEDRAS-ANCHAS-1.jpg",287,190,false],"post-category-slider-size":["http:\/\/tvalaire.com\/wp-content\/uploads\/2017\/09\/INAUGURACION-Y-SUPERVICION-PIEDRAS-ANCHAS-1.jpg",330,219,false],"1536x1536":["http:\/\/tvalaire.com\/wp-content\/uploads\/2017\/09\/INAUGURACION-Y-SUPERVICION-PIEDRAS-ANCHAS-1.jpg",1536,1017,false],"2048x2048":["http:\/\/tvalaire.com\/wp-content\/uploads\/2017\/09\/INAUGURACION-Y-SUPERVICION-PIEDRAS-ANCHAS-1.jpg",2048,1356,false],"newsium-slider-full":["http:\/\/tvalaire.com\/wp-content\/uploads\/2017\/09\/INAUGURACION-Y-SUPERVICION-PIEDRAS-ANCHAS-1.jpg",1276,845,false],"newsium-featured":["http:\/\/tvalaire.com\/wp-content\/uploads\/2017\/09\/INAUGURACION-Y-SUPERVICION-PIEDRAS-ANCHAS-1.jpg",1024,678,false],"newsium-medium":["http:\/\/tvalaire.com\/wp-content\/uploads\/2017\/09\/INAUGURACION-Y-SUPERVICION-PIEDRAS-ANCHAS-1.jpg",717,475,false]},"author_info":{"info":["tvalairenoti"]},"category_info":"<a href=\"http:\/\/tvalaire.com\/?cat=4\" rel=\"category\">Puru\u00e1ndiro<\/a>","tag_info":"Puru\u00e1ndiro","comment_count":"0","jetpack_featured_media_url":"http:\/\/tvalaire.com\/wp-content\/uploads\/2017\/09\/INAUGURACION-Y-SUPERVICION-PIEDRAS-ANCHAS-1.jpg","_links":{"self":[{"href":"http:\/\/tvalaire.com\/index.php?rest_route=\/wp\/v2\/posts\/2584"}],"collection":[{"href":"http:\/\/tvalaire.com\/index.php?rest_route=\/wp\/v2\/posts"}],"about":[{"href":"http:\/\/tvalaire.com\/index.php?rest_route=\/wp\/v2\/types\/post"}],"author":[{"embeddable":true,"href":"http:\/\/tvalaire.com\/index.php?rest_route=\/wp\/v2\/users\/1"}],"replies":[{"embeddable":true,"href":"http:\/\/tvalaire.com\/index.php?rest_route=%2Fwp%2Fv2%2Fcomments&post=2584"}],"version-history":[{"count":1,"href":"http:\/\/tvalaire.com\/index.php?rest_route=\/wp\/v2\/posts\/2584\/revisions"}],"predecessor-version":[{"id":2588,"href":"http:\/\/tvalaire.com\/index.php?rest_route=\/wp\/v2\/posts\/2584\/revisions\/2588"}],"wp:featuredmedia":[{"embeddable":true,"href":"http:\/\/tvalaire.com\/index.php?rest_route=\/wp\/v2\/media\/2585"}],"wp:attachment":[{"href":"http:\/\/tvalaire.com\/index.php?rest_route=%2Fwp%2Fv2%2Fmedia&parent=2584"}],"wp:term":[{"taxonomy":"category","embeddable":true,"href":"http:\/\/tvalaire.com\/index.php?rest_route=%2Fwp%2Fv2%2Fcategories&post=2584"},{"taxonomy":"post_tag","embeddable":true,"href":"http:\/\/tvalaire.com\/index.php?rest_route=%2Fwp%2Fv2%2Ftags&post=2584"}],"curies":[{"name":"wp","href":"https:\/\/api.w.org\/{rel}","templated":true}]}}