{"id":2573,"date":"2017-09-11T21:04:27","date_gmt":"2017-09-12T02:04:27","guid":{"rendered":"http:\/\/tvalaire.com\/?p=2573"},"modified":"2017-09-11T21:04:27","modified_gmt":"2017-09-12T02:04:27","slug":"piedadenses-en-la-lista-pendiente-para-recibir-el-apoyo-de-ex-brasero","status":"publish","type":"post","link":"http:\/\/tvalaire.com\/?p=2573","title":{"rendered":"PIEDADENSES EN LA LISTA PENDIENTE PARA RECIBIR EL APOYO DE EX BRASERO"},"content":{"rendered":"<p class=\"xmsonormal\" style=\"text-align: justify; background: white; font-variant-ligatures: normal; font-variant-caps: normal; orphans: 2; widows: 2; -webkit-text-stroke-width: 0px; text-decoration-style: initial; text-decoration-color: initial; word-spacing: 0px;\"><span style=\"font-family: 'Arial','sans-serif'; color: #212121;\">\u00a0<\/span><\/p>\n<p class=\"xmsonormal\" style=\"text-align: justify; background: white;\"><span style=\"font-family: 'Arial','sans-serif'; color: #212121;\">La Secretar\u00eda de Gobernaci\u00f3n (SEGOB), a trav\u00e9s de la Secretar\u00eda del Migrante, pidi\u00f3 el apoyo del Gobierno Municipal por medio de la direcci\u00f3n de Vinculaci\u00f3n Internacional, para localizar a cinco personas beneficiarios del programa Ex bracero, inscritos en a\u00f1os pasados, para que reciban el apoyo econ\u00f3mico que les corresponde.<\/span><\/p>\n<p class=\"xmsonormal\" style=\"text-align: justify; background: white; font-variant-ligatures: normal; font-variant-caps: normal; orphans: 2; widows: 2; -webkit-text-stroke-width: 0px; text-decoration-style: initial; text-decoration-color: initial; word-spacing: 0px;\"><span style=\"font-family: 'Arial','sans-serif'; color: #212121;\">Las personas a contactar son: Cervantes Bravo Jos\u00e9 Socorro; Rodr\u00edguez Elvira Rub\u00e9n; Pimentel Pe\u00f1a Jos\u00e9 Mar\u00eda; Bribiesca Ramos Luis y Ram\u00edrez P\u00e9rez Jes\u00fas, para que acudan a la direcci\u00f3n de Vinculaci\u00f3n Internacional ubicada en la calle Guerrero n\u00famero 130 en la colonia centro, en horario de oficina, ya que la fecha l\u00edmite del pago es el 26 de noviembre del presente a\u00f1o.<\/span><\/p>\n<p class=\"xmsonormal\" style=\"text-align: justify; background: white; font-variant-ligatures: normal; font-variant-caps: normal; orphans: 2; widows: 2; -webkit-text-stroke-width: 0px; text-decoration-style: initial; text-decoration-color: initial; word-spacing: 0px;\"><span style=\"font-family: 'Arial','sans-serif'; color: #212121;\">El recurso que el Gobierno Federal dispuso para las personas del programa Ex bracero es de 38 mil pesos, por trabajador.<\/span><\/p>\n<p class=\"xmsonormal\" style=\"text-align: justify; background: white; font-variant-ligatures: normal; font-variant-caps: normal; orphans: 2; widows: 2; -webkit-text-stroke-width: 0px; text-decoration-style: initial; text-decoration-color: initial; word-spacing: 0px;\"><span style=\"font-family: 'Arial','sans-serif'; color: #212121;\">Lo anterior con base al art\u00edculo 2 de la Ley que crea el Fideicomiso que administrara el Fondo de Apoyo Social para Ex trabajadores Migratorios Mexicanos (1942-1964) y en el numeral 2 de las Reglas de Operaci\u00f3n de dicho Fideicomiso, mediante el cual con fecha del 26 de julio del 2017, el Comit\u00e9 T\u00e9cnico del Fideicomiso 10230, Fondo de Apoyo Social para Ex trabajadores Migratorios Mexicanos otorg\u00f3 una pr\u00f3rroga de 120 d\u00edas naturales para que las personas publicadas en la relaci\u00f3n de apoyos programados del 07 de diciembre de 2015 en el Diario Oficial de la Federaci\u00f3n, acudan a recibir su apoyo social antes del 26 de noviembre del presente a\u00f1o.<\/span><\/p>\n<p class=\"xmsonormal\" style=\"text-align: justify; background: white; font-variant-ligatures: normal; font-variant-caps: normal; orphans: 2; widows: 2; -webkit-text-stroke-width: 0px; text-decoration-style: initial; text-decoration-color: initial; word-spacing: 0px;\"><span style=\"font-family: 'Arial','sans-serif'; color: #212121;\">Por lo anterior el director de Vinculaci\u00f3n Internacional, hizo un llamado a las personas mencionadas o a quienes las conocen, para que les pidan acudir a la dependencia a retomar su tr\u00e1mite.<\/span><\/p>\n<p class=\"xmsonormal\" style=\"text-align: justify; background: white; font-variant-ligatures: normal; font-variant-caps: normal; orphans: 2; widows: 2; -webkit-text-stroke-width: 0px; text-decoration-style: initial; text-decoration-color: initial; word-spacing: 0px;\"><span style=\"font-family: 'Arial','sans-serif'; color: #212121;\">Aclar\u00f3 que no hay registro para la obtenci\u00f3n de este beneficio social, se trata de un seguimiento a una gesti\u00f3n que ellos hicieron hace unos a\u00f1os atr\u00e1s y al no darle continuidad y cumplir con la reglamentaci\u00f3n, hoy SEGOB les pide que acudan a recibir su apoyo.<\/span><\/p>\n","protected":false},"excerpt":{"rendered":"<p>\u00a0 La Secretar\u00eda de Gobernaci\u00f3n (SEGOB), a trav\u00e9s de la Secretar\u00eda del Migrante, pidi\u00f3 el&#8230;<\/p>\n","protected":false},"author":1,"featured_media":2574,"comment_status":"open","ping_status":"open","sticky":false,"template":"","format":"standard","meta":{"jetpack_post_was_ever_published":false,"_jetpack_newsletter_access":"","_jetpack_dont_email_post_to_subs":false,"_jetpack_newsletter_tier_id":0,"_jetpack_memberships_contains_paywalled_content":false,"_jetpack_memberships_contains_paid_content":false,"footnotes":"","jetpack_publicize_message":"","jetpack_publicize_feature_enabled":true,"jetpack_social_post_already_shared":false,"jetpack_social_options":{"image_generator_settings":{"template":"highway","enabled":false},"version":2}},"categories":[1],"tags":[15,36],"class_list":["post-2573","post","type-post","status-publish","format-standard","has-post-thumbnail","hentry","category-la-piedad","tag-la-piedad","tag-principales"],"jetpack_publicize_connections":[],"jetpack_sharing_enabled":true,"featured_image_urls":{"full":["http:\/\/tvalaire.com\/wp-content\/uploads\/2017\/09\/PIEDADENSES-EN-LA-LISTA-PENDIENTE-PARA-RECIBIR-EL-APOYO-DE-EX-BRASERO.jpg",4608,3072,false],"thumbnail":["http:\/\/tvalaire.com\/wp-content\/uploads\/2017\/09\/PIEDADENSES-EN-LA-LISTA-PENDIENTE-PARA-RECIBIR-EL-APOYO-DE-EX-BRASERO-150x150.jpg",150,150,true],"medium":["http:\/\/tvalaire.com\/wp-content\/uploads\/2017\/09\/PIEDADENSES-EN-LA-LISTA-PENDIENTE-PARA-RECIBIR-EL-APOYO-DE-EX-BRASERO-300x200.jpg",300,200,true],"medium_large":["http:\/\/tvalaire.com\/wp-content\/uploads\/2017\/09\/PIEDADENSES-EN-LA-LISTA-PENDIENTE-PARA-RECIBIR-EL-APOYO-DE-EX-BRASERO-768x512.jpg",640,427,true],"large":["http:\/\/tvalaire.com\/wp-content\/uploads\/2017\/09\/PIEDADENSES-EN-LA-LISTA-PENDIENTE-PARA-RECIBIR-EL-APOYO-DE-EX-BRASERO-1024x683.jpg",640,427,true],"post-slider-thumb-size":["http:\/\/tvalaire.com\/wp-content\/uploads\/2017\/09\/PIEDADENSES-EN-LA-LISTA-PENDIENTE-PARA-RECIBIR-EL-APOYO-DE-EX-BRASERO.jpg",285,190,false],"post-category-slider-size":["http:\/\/tvalaire.com\/wp-content\/uploads\/2017\/09\/PIEDADENSES-EN-LA-LISTA-PENDIENTE-PARA-RECIBIR-EL-APOYO-DE-EX-BRASERO.jpg",330,220,false],"1536x1536":["http:\/\/tvalaire.com\/wp-content\/uploads\/2017\/09\/PIEDADENSES-EN-LA-LISTA-PENDIENTE-PARA-RECIBIR-EL-APOYO-DE-EX-BRASERO.jpg",1536,1024,false],"2048x2048":["http:\/\/tvalaire.com\/wp-content\/uploads\/2017\/09\/PIEDADENSES-EN-LA-LISTA-PENDIENTE-PARA-RECIBIR-EL-APOYO-DE-EX-BRASERO.jpg",2048,1365,false],"newsium-slider-full":["http:\/\/tvalaire.com\/wp-content\/uploads\/2017\/09\/PIEDADENSES-EN-LA-LISTA-PENDIENTE-PARA-RECIBIR-EL-APOYO-DE-EX-BRASERO.jpg",1268,845,false],"newsium-featured":["http:\/\/tvalaire.com\/wp-content\/uploads\/2017\/09\/PIEDADENSES-EN-LA-LISTA-PENDIENTE-PARA-RECIBIR-EL-APOYO-DE-EX-BRASERO.jpg",1024,683,false],"newsium-medium":["http:\/\/tvalaire.com\/wp-content\/uploads\/2017\/09\/PIEDADENSES-EN-LA-LISTA-PENDIENTE-PARA-RECIBIR-EL-APOYO-DE-EX-BRASERO.jpg",713,475,false]},"author_info":{"info":["tvalairenoti"]},"category_info":"<a href=\"http:\/\/tvalaire.com\/?cat=1\" rel=\"category\">La Piedad<\/a>","tag_info":"La Piedad","comment_count":"0","jetpack_featured_media_url":"http:\/\/tvalaire.com\/wp-content\/uploads\/2017\/09\/PIEDADENSES-EN-LA-LISTA-PENDIENTE-PARA-RECIBIR-EL-APOYO-DE-EX-BRASERO.jpg","_links":{"self":[{"href":"http:\/\/tvalaire.com\/index.php?rest_route=\/wp\/v2\/posts\/2573"}],"collection":[{"href":"http:\/\/tvalaire.com\/index.php?rest_route=\/wp\/v2\/posts"}],"about":[{"href":"http:\/\/tvalaire.com\/index.php?rest_route=\/wp\/v2\/types\/post"}],"author":[{"embeddable":true,"href":"http:\/\/tvalaire.com\/index.php?rest_route=\/wp\/v2\/users\/1"}],"replies":[{"embeddable":true,"href":"http:\/\/tvalaire.com\/index.php?rest_route=%2Fwp%2Fv2%2Fcomments&post=2573"}],"version-history":[{"count":1,"href":"http:\/\/tvalaire.com\/index.php?rest_route=\/wp\/v2\/posts\/2573\/revisions"}],"predecessor-version":[{"id":2575,"href":"http:\/\/tvalaire.com\/index.php?rest_route=\/wp\/v2\/posts\/2573\/revisions\/2575"}],"wp:featuredmedia":[{"embeddable":true,"href":"http:\/\/tvalaire.com\/index.php?rest_route=\/wp\/v2\/media\/2574"}],"wp:attachment":[{"href":"http:\/\/tvalaire.com\/index.php?rest_route=%2Fwp%2Fv2%2Fmedia&parent=2573"}],"wp:term":[{"taxonomy":"category","embeddable":true,"href":"http:\/\/tvalaire.com\/index.php?rest_route=%2Fwp%2Fv2%2Fcategories&post=2573"},{"taxonomy":"post_tag","embeddable":true,"href":"http:\/\/tvalaire.com\/index.php?rest_route=%2Fwp%2Fv2%2Ftags&post=2573"}],"curies":[{"name":"wp","href":"https:\/\/api.w.org\/{rel}","templated":true}]}}