{"id":2571,"date":"2017-09-01T09:51:56","date_gmt":"2017-09-01T14:51:56","guid":{"rendered":"http:\/\/tvalaire.com\/?p=2571"},"modified":"2017-09-01T09:51:56","modified_gmt":"2017-09-01T14:51:56","slug":"conagua-y-ecologia-abrieron-las-compuertas-del-rio-lerma-a-la-altura-del-cbtis-84","status":"publish","type":"post","link":"http:\/\/tvalaire.com\/?p=2571","title":{"rendered":"CONAGUA Y ECOLOG\u00cdA ABRIERON LAS COMPUERTAS DEL R\u00cdO LERMA A LA ALTURA DEL CBTIS 84"},"content":{"rendered":"<p>La coordinaci\u00f3n de Ecolog\u00eda con el apoyo de la Comisi\u00f3n Nacional del Agua (CONAGUA), procedieron a abrir las compuertas del r\u00edo Lerma que se ubican a la altura del CBTIS 84, con la finalidad de impedir que el cauce se desborde y afecte a zonas vulnerables en La Piedad.<\/p>\n<p>El objetivo de estas acciones, es permitir que el agua circule por el meandro del r\u00edo y que \u00e9ste se limpie y desahogue la gran cantidad de agua que cay\u00f3 durante estos d\u00edas, con el fin de evitar desbordamientos y afectaciones a las zonas bajas de La Piedad.<\/p>\n<p>Estas acciones se suman a los esfuerzos que realiza el Gobierno Municipal en aras de impedir que las lluvias afecten a la poblaci\u00f3n, por lo que todas las dependencias y corporaciones de auxilio se mantienen alerta ante cualquier eventualidad que se presente en este periodo.<\/p>\n<p>&nbsp;<\/p>\n","protected":false},"excerpt":{"rendered":"<p>La coordinaci\u00f3n de Ecolog\u00eda con el apoyo de la Comisi\u00f3n Nacional del Agua (CONAGUA), procedieron&#8230;<\/p>\n","protected":false},"author":1,"featured_media":2565,"comment_status":"open","ping_status":"open","sticky":false,"template":"","format":"standard","meta":{"jetpack_post_was_ever_published":false,"_jetpack_newsletter_access":"","_jetpack_dont_email_post_to_subs":false,"_jetpack_newsletter_tier_id":0,"_jetpack_memberships_contains_paywalled_content":false,"_jetpack_memberships_contains_paid_content":false,"footnotes":"","jetpack_publicize_message":"","jetpack_publicize_feature_enabled":true,"jetpack_social_post_already_shared":false,"jetpack_social_options":{"image_generator_settings":{"template":"highway","enabled":false},"version":2}},"categories":[1],"tags":[15,36],"class_list":["post-2571","post","type-post","status-publish","format-standard","has-post-thumbnail","hentry","category-la-piedad","tag-la-piedad","tag-principales"],"jetpack_publicize_connections":[],"jetpack_sharing_enabled":true,"featured_image_urls":{"full":["http:\/\/tvalaire.com\/wp-content\/uploads\/2017\/09\/CONAGUA-Y-ECOLOG\u00cdA-ABRIERON-LAS-COMPUERTAS-DEL-R\u00cdO-LERMA-A-LA-ALTURA-DEL-CBTIS-84.jpg",1280,720,false],"thumbnail":["http:\/\/tvalaire.com\/wp-content\/uploads\/2017\/09\/CONAGUA-Y-ECOLOG\u00cdA-ABRIERON-LAS-COMPUERTAS-DEL-R\u00cdO-LERMA-A-LA-ALTURA-DEL-CBTIS-84-150x150.jpg",150,150,true],"medium":["http:\/\/tvalaire.com\/wp-content\/uploads\/2017\/09\/CONAGUA-Y-ECOLOG\u00cdA-ABRIERON-LAS-COMPUERTAS-DEL-R\u00cdO-LERMA-A-LA-ALTURA-DEL-CBTIS-84-300x169.jpg",300,169,true],"medium_large":["http:\/\/tvalaire.com\/wp-content\/uploads\/2017\/09\/CONAGUA-Y-ECOLOG\u00cdA-ABRIERON-LAS-COMPUERTAS-DEL-R\u00cdO-LERMA-A-LA-ALTURA-DEL-CBTIS-84-768x432.jpg",640,360,true],"large":["http:\/\/tvalaire.com\/wp-content\/uploads\/2017\/09\/CONAGUA-Y-ECOLOG\u00cdA-ABRIERON-LAS-COMPUERTAS-DEL-R\u00cdO-LERMA-A-LA-ALTURA-DEL-CBTIS-84-1024x576.jpg",640,360,true],"post-slider-thumb-size":["http:\/\/tvalaire.com\/wp-content\/uploads\/2017\/09\/CONAGUA-Y-ECOLOG\u00cdA-ABRIERON-LAS-COMPUERTAS-DEL-R\u00cdO-LERMA-A-LA-ALTURA-DEL-CBTIS-84.jpg",330,186,false],"post-category-slider-size":["http:\/\/tvalaire.com\/wp-content\/uploads\/2017\/09\/CONAGUA-Y-ECOLOG\u00cdA-ABRIERON-LAS-COMPUERTAS-DEL-R\u00cdO-LERMA-A-LA-ALTURA-DEL-CBTIS-84.jpg",330,186,false],"1536x1536":["http:\/\/tvalaire.com\/wp-content\/uploads\/2017\/09\/CONAGUA-Y-ECOLOG\u00cdA-ABRIERON-LAS-COMPUERTAS-DEL-R\u00cdO-LERMA-A-LA-ALTURA-DEL-CBTIS-84.jpg",1280,720,false],"2048x2048":["http:\/\/tvalaire.com\/wp-content\/uploads\/2017\/09\/CONAGUA-Y-ECOLOG\u00cdA-ABRIERON-LAS-COMPUERTAS-DEL-R\u00cdO-LERMA-A-LA-ALTURA-DEL-CBTIS-84.jpg",1280,720,false],"newsium-slider-full":["http:\/\/tvalaire.com\/wp-content\/uploads\/2017\/09\/CONAGUA-Y-ECOLOG\u00cdA-ABRIERON-LAS-COMPUERTAS-DEL-R\u00cdO-LERMA-A-LA-ALTURA-DEL-CBTIS-84.jpg",1280,720,false],"newsium-featured":["http:\/\/tvalaire.com\/wp-content\/uploads\/2017\/09\/CONAGUA-Y-ECOLOG\u00cdA-ABRIERON-LAS-COMPUERTAS-DEL-R\u00cdO-LERMA-A-LA-ALTURA-DEL-CBTIS-84.jpg",1024,576,false],"newsium-medium":["http:\/\/tvalaire.com\/wp-content\/uploads\/2017\/09\/CONAGUA-Y-ECOLOG\u00cdA-ABRIERON-LAS-COMPUERTAS-DEL-R\u00cdO-LERMA-A-LA-ALTURA-DEL-CBTIS-84.jpg",720,405,false]},"author_info":{"info":["tvalairenoti"]},"category_info":"<a href=\"http:\/\/tvalaire.com\/?cat=1\" rel=\"category\">La Piedad<\/a>","tag_info":"La Piedad","comment_count":"0","jetpack_featured_media_url":"http:\/\/tvalaire.com\/wp-content\/uploads\/2017\/09\/CONAGUA-Y-ECOLOG\u00cdA-ABRIERON-LAS-COMPUERTAS-DEL-R\u00cdO-LERMA-A-LA-ALTURA-DEL-CBTIS-84.jpg","_links":{"self":[{"href":"http:\/\/tvalaire.com\/index.php?rest_route=\/wp\/v2\/posts\/2571"}],"collection":[{"href":"http:\/\/tvalaire.com\/index.php?rest_route=\/wp\/v2\/posts"}],"about":[{"href":"http:\/\/tvalaire.com\/index.php?rest_route=\/wp\/v2\/types\/post"}],"author":[{"embeddable":true,"href":"http:\/\/tvalaire.com\/index.php?rest_route=\/wp\/v2\/users\/1"}],"replies":[{"embeddable":true,"href":"http:\/\/tvalaire.com\/index.php?rest_route=%2Fwp%2Fv2%2Fcomments&post=2571"}],"version-history":[{"count":1,"href":"http:\/\/tvalaire.com\/index.php?rest_route=\/wp\/v2\/posts\/2571\/revisions"}],"predecessor-version":[{"id":2572,"href":"http:\/\/tvalaire.com\/index.php?rest_route=\/wp\/v2\/posts\/2571\/revisions\/2572"}],"wp:featuredmedia":[{"embeddable":true,"href":"http:\/\/tvalaire.com\/index.php?rest_route=\/wp\/v2\/media\/2565"}],"wp:attachment":[{"href":"http:\/\/tvalaire.com\/index.php?rest_route=%2Fwp%2Fv2%2Fmedia&parent=2571"}],"wp:term":[{"taxonomy":"category","embeddable":true,"href":"http:\/\/tvalaire.com\/index.php?rest_route=%2Fwp%2Fv2%2Fcategories&post=2571"},{"taxonomy":"post_tag","embeddable":true,"href":"http:\/\/tvalaire.com\/index.php?rest_route=%2Fwp%2Fv2%2Ftags&post=2571"}],"curies":[{"name":"wp","href":"https:\/\/api.w.org\/{rel}","templated":true}]}}