{"id":2564,"date":"2017-09-01T09:50:34","date_gmt":"2017-09-01T14:50:34","guid":{"rendered":"http:\/\/tvalaire.com\/?p=2564"},"modified":"2017-09-01T09:50:34","modified_gmt":"2017-09-01T14:50:34","slug":"se-deslavo-el-cerro-y-colapso-la-barda-de-la-bodega-de-desarrollo-social","status":"publish","type":"post","link":"http:\/\/tvalaire.com\/?p=2564","title":{"rendered":"SE DESLAV\u00d3 EL CERRO Y COLAPS\u00d3 LA BARDA DE LA BODEGA DE DESARROLLO SOCIAL"},"content":{"rendered":"<p class=\"xmsonormal\" style=\"margin-left: 318.6pt; text-align: justify; background: white;\"><span style=\"font-size: 11.5pt; font-family: 'Segoe UI','sans-serif'; color: #212121;\">\u00a0<\/span><\/p>\n<p class=\"xmsonormal\" style=\"text-align: justify; background: white;\"><span style=\"font-family: 'Arial','sans-serif'; color: #212121;\">Producto de las lluvias at\u00edpicas presentadas en estos \u00faltimos d\u00edas, se deslav\u00f3 uno de los cerros en la avenida S\u00f3stenes Rocha y provoc\u00f3 que se colapsara la barda de la bodega de Desarrollo Social que se ubica por ese lugar.<\/span><\/p>\n<p class=\"xmsonormal\" style=\"text-align: justify; background: white;\"><span style=\"font-family: 'Arial','sans-serif'; color: #212121;\">El derrumbe de la barda se present\u00f3 el d\u00eda de ayer, afortunadamente no hubo personas lesionadas. Autoridades municipales a trav\u00e9s de Desarrollo Social en coordinaci\u00f3n con Obras P\u00fablicas, realizan los trabajos de limpieza y extracci\u00f3n de escombro, as\u00ed como el resguardo del material que hab\u00eda dentro de la bodega.<\/span><\/p>\n<p class=\"xmsonormal\" style=\"text-align: justify; background: white;\"><span style=\"font-family: 'Arial','sans-serif'; color: #212121;\">Cabe destacar que apenas se hab\u00eda dado inicio con la segunda parte de la entrega del programa \u201cMejora tu vivienda\u201d, por lo que se encontraban en proceso de la entrega de termosolares y l\u00e1minas de fibrocemento. Material que desde temprano se procedi\u00f3 a sacar del lugar para trasladarlo a otro espacio.<\/span><\/p>\n<p class=\"xmsonormal\" style=\"text-align: justify; background: white;\"><span style=\"font-family: 'Arial','sans-serif'; color: #212121;\">El recuento de los da\u00f1os, los lleva a cabo el director de Desarrollo Social quien inform\u00f3 que se transport\u00f3 todo el material a otra bodega en donde se dejar\u00e1n a secar las cajas para determinar si hubo da\u00f1os en los termosolares y las l\u00e1minas, pues se encontraban nadando entre lodo y escombro.<\/span><\/p>\n<p class=\"xmsonormal\" style=\"text-align: justify; background: white;\"><span style=\"font-family: 'Arial','sans-serif'; color: #212121;\">En cuanto a los da\u00f1os por la barda ca\u00edda, el director de Obras P\u00fablicas inform\u00f3 que el propietario del inmueble se comprometi\u00f3 a reparar el muro en un periodo de 8 a 15 d\u00edas.<\/span><\/p>\n","protected":false},"excerpt":{"rendered":"<p>\u00a0 Producto de las lluvias at\u00edpicas presentadas en estos \u00faltimos d\u00edas, se deslav\u00f3 uno de&#8230;<\/p>\n","protected":false},"author":1,"featured_media":2567,"comment_status":"open","ping_status":"open","sticky":false,"template":"","format":"standard","meta":{"jetpack_post_was_ever_published":false,"_jetpack_newsletter_access":"","_jetpack_dont_email_post_to_subs":false,"_jetpack_newsletter_tier_id":0,"_jetpack_memberships_contains_paywalled_content":false,"_jetpack_memberships_contains_paid_content":false,"footnotes":"","jetpack_publicize_message":"","jetpack_publicize_feature_enabled":true,"jetpack_social_post_already_shared":false,"jetpack_social_options":{"image_generator_settings":{"template":"highway","enabled":false},"version":2}},"categories":[1],"tags":[15,36],"class_list":["post-2564","post","type-post","status-publish","format-standard","has-post-thumbnail","hentry","category-la-piedad","tag-la-piedad","tag-principales"],"jetpack_publicize_connections":[],"jetpack_sharing_enabled":true,"featured_image_urls":{"full":["http:\/\/tvalaire.com\/wp-content\/uploads\/2017\/09\/SE-DESLAV\u00d3-EL-CERRO-Y-COLAPS\u00d3-LA-BARDA-DE-LA-BODEGA-DE-DESARROLLO-SOCIAL2.jpg",1040,585,false],"thumbnail":["http:\/\/tvalaire.com\/wp-content\/uploads\/2017\/09\/SE-DESLAV\u00d3-EL-CERRO-Y-COLAPS\u00d3-LA-BARDA-DE-LA-BODEGA-DE-DESARROLLO-SOCIAL2-150x150.jpg",150,150,true],"medium":["http:\/\/tvalaire.com\/wp-content\/uploads\/2017\/09\/SE-DESLAV\u00d3-EL-CERRO-Y-COLAPS\u00d3-LA-BARDA-DE-LA-BODEGA-DE-DESARROLLO-SOCIAL2-300x169.jpg",300,169,true],"medium_large":["http:\/\/tvalaire.com\/wp-content\/uploads\/2017\/09\/SE-DESLAV\u00d3-EL-CERRO-Y-COLAPS\u00d3-LA-BARDA-DE-LA-BODEGA-DE-DESARROLLO-SOCIAL2-768x432.jpg",640,360,true],"large":["http:\/\/tvalaire.com\/wp-content\/uploads\/2017\/09\/SE-DESLAV\u00d3-EL-CERRO-Y-COLAPS\u00d3-LA-BARDA-DE-LA-BODEGA-DE-DESARROLLO-SOCIAL2-1024x576.jpg",640,360,true],"post-slider-thumb-size":["http:\/\/tvalaire.com\/wp-content\/uploads\/2017\/09\/SE-DESLAV\u00d3-EL-CERRO-Y-COLAPS\u00d3-LA-BARDA-DE-LA-BODEGA-DE-DESARROLLO-SOCIAL2.jpg",330,186,false],"post-category-slider-size":["http:\/\/tvalaire.com\/wp-content\/uploads\/2017\/09\/SE-DESLAV\u00d3-EL-CERRO-Y-COLAPS\u00d3-LA-BARDA-DE-LA-BODEGA-DE-DESARROLLO-SOCIAL2.jpg",330,186,false],"1536x1536":["http:\/\/tvalaire.com\/wp-content\/uploads\/2017\/09\/SE-DESLAV\u00d3-EL-CERRO-Y-COLAPS\u00d3-LA-BARDA-DE-LA-BODEGA-DE-DESARROLLO-SOCIAL2.jpg",1040,585,false],"2048x2048":["http:\/\/tvalaire.com\/wp-content\/uploads\/2017\/09\/SE-DESLAV\u00d3-EL-CERRO-Y-COLAPS\u00d3-LA-BARDA-DE-LA-BODEGA-DE-DESARROLLO-SOCIAL2.jpg",1040,585,false],"newsium-slider-full":["http:\/\/tvalaire.com\/wp-content\/uploads\/2017\/09\/SE-DESLAV\u00d3-EL-CERRO-Y-COLAPS\u00d3-LA-BARDA-DE-LA-BODEGA-DE-DESARROLLO-SOCIAL2.jpg",1040,585,false],"newsium-featured":["http:\/\/tvalaire.com\/wp-content\/uploads\/2017\/09\/SE-DESLAV\u00d3-EL-CERRO-Y-COLAPS\u00d3-LA-BARDA-DE-LA-BODEGA-DE-DESARROLLO-SOCIAL2.jpg",1024,576,false],"newsium-medium":["http:\/\/tvalaire.com\/wp-content\/uploads\/2017\/09\/SE-DESLAV\u00d3-EL-CERRO-Y-COLAPS\u00d3-LA-BARDA-DE-LA-BODEGA-DE-DESARROLLO-SOCIAL2.jpg",720,405,false]},"author_info":{"info":["tvalairenoti"]},"category_info":"<a href=\"http:\/\/tvalaire.com\/?cat=1\" rel=\"category\">La Piedad<\/a>","tag_info":"La Piedad","comment_count":"0","jetpack_featured_media_url":"http:\/\/tvalaire.com\/wp-content\/uploads\/2017\/09\/SE-DESLAV\u00d3-EL-CERRO-Y-COLAPS\u00d3-LA-BARDA-DE-LA-BODEGA-DE-DESARROLLO-SOCIAL2.jpg","_links":{"self":[{"href":"http:\/\/tvalaire.com\/index.php?rest_route=\/wp\/v2\/posts\/2564"}],"collection":[{"href":"http:\/\/tvalaire.com\/index.php?rest_route=\/wp\/v2\/posts"}],"about":[{"href":"http:\/\/tvalaire.com\/index.php?rest_route=\/wp\/v2\/types\/post"}],"author":[{"embeddable":true,"href":"http:\/\/tvalaire.com\/index.php?rest_route=\/wp\/v2\/users\/1"}],"replies":[{"embeddable":true,"href":"http:\/\/tvalaire.com\/index.php?rest_route=%2Fwp%2Fv2%2Fcomments&post=2564"}],"version-history":[{"count":1,"href":"http:\/\/tvalaire.com\/index.php?rest_route=\/wp\/v2\/posts\/2564\/revisions"}],"predecessor-version":[{"id":2568,"href":"http:\/\/tvalaire.com\/index.php?rest_route=\/wp\/v2\/posts\/2564\/revisions\/2568"}],"wp:featuredmedia":[{"embeddable":true,"href":"http:\/\/tvalaire.com\/index.php?rest_route=\/wp\/v2\/media\/2567"}],"wp:attachment":[{"href":"http:\/\/tvalaire.com\/index.php?rest_route=%2Fwp%2Fv2%2Fmedia&parent=2564"}],"wp:term":[{"taxonomy":"category","embeddable":true,"href":"http:\/\/tvalaire.com\/index.php?rest_route=%2Fwp%2Fv2%2Fcategories&post=2564"},{"taxonomy":"post_tag","embeddable":true,"href":"http:\/\/tvalaire.com\/index.php?rest_route=%2Fwp%2Fv2%2Ftags&post=2564"}],"curies":[{"name":"wp","href":"https:\/\/api.w.org\/{rel}","templated":true}]}}