{"id":2555,"date":"2017-08-31T12:26:01","date_gmt":"2017-08-31T17:26:01","guid":{"rendered":"http:\/\/tvalaire.com\/?p=2555"},"modified":"2017-08-31T12:26:27","modified_gmt":"2017-08-31T17:26:27","slug":"victor-vazquez-siempre-comprometido-con-la-educacion","status":"publish","type":"post","link":"http:\/\/tvalaire.com\/?p=2555","title":{"rendered":"V\u00cdCTOR V\u00c1ZQUEZ SIEMPRE COMPROMETIDO CON LA EDUCACI\u00d3N"},"content":{"rendered":"<p>\u201cPara mi es una gran satisfacci\u00f3n de que el d\u00eda de hoy en el Municipio se pueda dar la apertura de esta nueva alternativa de nivel medio superior para los j\u00f3venes, es muy importante que nosotros como municipio demos la facilidades para que haya esta oportunidad para los j\u00f3venes\u201d extern\u00f3 el Presidente Municipal V\u00edctor V\u00e1zquez en la apertura del Telebachilleres en la comunidad de Villachuato.<\/p>\n<p>Adem\u00e1s resalt\u00f3: \u201cQuiero informales que tambi\u00e9n en muchas otras comunidades le hemos apostado muy fuerte a la infraestructura educativa; acabamos de entregar el CEMSAD en la Tenencia de Galeana, estamos por entregar uno m\u00e1s en la comunidad de San Lorenzo, en la cabecera municipal terminamos cuatro aulas, de igual manera en la tenencia de Isaac Arriaga vamos a construir igualmente en la colegio de Bachilleres, esto lo cito como ejemplo para decirles que estamos muy comprometidos con los j\u00f3venes y con la educaci\u00f3n.<\/p>\n<p>Asimismo hizo hincapi\u00e9 que al momento de tener conocimiento del proyecto que con la pasi\u00f3n con la que empujaron el mismo, se acompa\u00f1\u00f3 el proyecto, es por ello que los felicit\u00f3 y les reconoci\u00f3 esa gran entrega y pasi\u00f3n que tuvieron para que hoy se pudieran tener esta inauguraci\u00f3n del Telebachillerato en la comunidad de Villachuato.<\/p>\n<p>\u201cTan nos comprometimos al cien por ciento que esta belleza arquitect\u00f3nica, que es la ex -hacienda de Villachuato, se la proporcionamos en comodato para que ustedes puedan tomar ah\u00ed sus clases, adem\u00e1s de comprometernos con inmobiliario\u201d se\u00f1al\u00f3 V\u00edctor V\u00e1zquez.<\/p>\n<p>En el mismo marc\u00f3 indic\u00f3 \u201cy no quedamos solo aqu\u00ed, si no buscar espacios dignos en donde ustedes puedan recibir esta educaci\u00f3n media superior, aqu\u00ed voy hacer el compromiso, seguramente mis compa\u00f1eros regidores respaldaran el apoyo a la educaci\u00f3n y los j\u00f3venes, por eso les digo que el pr\u00f3ximo a\u00f1o les daremos un recurso etiquetado para la edificaci\u00f3n de lo que seguramente ser\u00e1 su telebachillerato de esta bonita comunidad de Villachuato y lo digo porque el comisariado ejidal me inform\u00f3 que ellos est\u00e1n dispuestos hacer una donaci\u00f3n de una \u00e1rea y por esa raz\u00f3n me atrevo hacer este compromiso ante ustedes\u201d.<\/p>\n<p>&nbsp;<\/p>\n<p><img loading=\"lazy\" decoding=\"async\" class=\"alignnone size-medium wp-image-2559\" src=\"http:\/\/tvalaire.com\/wp-content\/uploads\/2017\/08\/V\u00cdCTOR-V\u00c1ZQUEZ-SIEMPRE-COMRPOMETIDO-CON-LA-EDUCACI\u00d3N-5-300x199.jpg\" alt=\"\" width=\"300\" height=\"199\" srcset=\"http:\/\/tvalaire.com\/wp-content\/uploads\/2017\/08\/V\u00cdCTOR-V\u00c1ZQUEZ-SIEMPRE-COMRPOMETIDO-CON-LA-EDUCACI\u00d3N-5-300x199.jpg 300w, http:\/\/tvalaire.com\/wp-content\/uploads\/2017\/08\/V\u00cdCTOR-V\u00c1ZQUEZ-SIEMPRE-COMRPOMETIDO-CON-LA-EDUCACI\u00d3N-5-768x509.jpg 768w, http:\/\/tvalaire.com\/wp-content\/uploads\/2017\/08\/V\u00cdCTOR-V\u00c1ZQUEZ-SIEMPRE-COMRPOMETIDO-CON-LA-EDUCACI\u00d3N-5-1024x678.jpg 1024w\" sizes=\"(max-width: 300px) 100vw, 300px\" \/><\/p>\n<p><img loading=\"lazy\" decoding=\"async\" class=\"alignnone size-medium wp-image-2558\" src=\"http:\/\/tvalaire.com\/wp-content\/uploads\/2017\/08\/V\u00cdCTOR-V\u00c1ZQUEZ-SIEMPRE-COMRPOMETIDO-CON-LA-EDUCACI\u00d3N-3-300x199.jpg\" alt=\"\" width=\"300\" height=\"199\" srcset=\"http:\/\/tvalaire.com\/wp-content\/uploads\/2017\/08\/V\u00cdCTOR-V\u00c1ZQUEZ-SIEMPRE-COMRPOMETIDO-CON-LA-EDUCACI\u00d3N-3-300x199.jpg 300w, http:\/\/tvalaire.com\/wp-content\/uploads\/2017\/08\/V\u00cdCTOR-V\u00c1ZQUEZ-SIEMPRE-COMRPOMETIDO-CON-LA-EDUCACI\u00d3N-3-768x509.jpg 768w, http:\/\/tvalaire.com\/wp-content\/uploads\/2017\/08\/V\u00cdCTOR-V\u00c1ZQUEZ-SIEMPRE-COMRPOMETIDO-CON-LA-EDUCACI\u00d3N-3-1024x678.jpg 1024w\" sizes=\"(max-width: 300px) 100vw, 300px\" \/><\/p>\n<p><img loading=\"lazy\" decoding=\"async\" class=\"alignnone size-medium wp-image-2556\" src=\"http:\/\/tvalaire.com\/wp-content\/uploads\/2017\/08\/V\u00cdCTOR-V\u00c1ZQUEZ-SIEMPRE-COMRPOMETIDO-CON-LA-EDUCACI\u00d3N-1-300x199.jpg\" alt=\"\" width=\"300\" height=\"199\" srcset=\"http:\/\/tvalaire.com\/wp-content\/uploads\/2017\/08\/V\u00cdCTOR-V\u00c1ZQUEZ-SIEMPRE-COMRPOMETIDO-CON-LA-EDUCACI\u00d3N-1-300x199.jpg 300w, http:\/\/tvalaire.com\/wp-content\/uploads\/2017\/08\/V\u00cdCTOR-V\u00c1ZQUEZ-SIEMPRE-COMRPOMETIDO-CON-LA-EDUCACI\u00d3N-1-768x509.jpg 768w, http:\/\/tvalaire.com\/wp-content\/uploads\/2017\/08\/V\u00cdCTOR-V\u00c1ZQUEZ-SIEMPRE-COMRPOMETIDO-CON-LA-EDUCACI\u00d3N-1-1024x678.jpg 1024w\" sizes=\"(max-width: 300px) 100vw, 300px\" \/><\/p>\n<p>&nbsp;<\/p>\n<p>&nbsp;<\/p>\n","protected":false},"excerpt":{"rendered":"<p>\u201cPara mi es una gran satisfacci\u00f3n de que el d\u00eda de hoy en el Municipio&#8230;<\/p>\n","protected":false},"author":1,"featured_media":2557,"comment_status":"open","ping_status":"open","sticky":false,"template":"","format":"standard","meta":{"jetpack_post_was_ever_published":false,"_jetpack_newsletter_access":"","_jetpack_dont_email_post_to_subs":false,"_jetpack_newsletter_tier_id":0,"_jetpack_memberships_contains_paywalled_content":false,"_jetpack_memberships_contains_paid_content":false,"footnotes":"","jetpack_publicize_message":"","jetpack_publicize_feature_enabled":true,"jetpack_social_post_already_shared":false,"jetpack_social_options":{"image_generator_settings":{"template":"highway","enabled":false},"version":2}},"categories":[4],"tags":[36,24],"class_list":["post-2555","post","type-post","status-publish","format-standard","has-post-thumbnail","hentry","category-puruandiro","tag-principales","tag-puruandiro"],"jetpack_publicize_connections":[],"jetpack_sharing_enabled":true,"featured_image_urls":{"full":["http:\/\/tvalaire.com\/wp-content\/uploads\/2017\/08\/V\u00cdCTOR-V\u00c1ZQUEZ-SIEMPRE-COMRPOMETIDO-CON-LA-EDUCACI\u00d3N-2.jpg",4928,3264,false],"thumbnail":["http:\/\/tvalaire.com\/wp-content\/uploads\/2017\/08\/V\u00cdCTOR-V\u00c1ZQUEZ-SIEMPRE-COMRPOMETIDO-CON-LA-EDUCACI\u00d3N-2-150x150.jpg",150,150,true],"medium":["http:\/\/tvalaire.com\/wp-content\/uploads\/2017\/08\/V\u00cdCTOR-V\u00c1ZQUEZ-SIEMPRE-COMRPOMETIDO-CON-LA-EDUCACI\u00d3N-2-300x199.jpg",300,199,true],"medium_large":["http:\/\/tvalaire.com\/wp-content\/uploads\/2017\/08\/V\u00cdCTOR-V\u00c1ZQUEZ-SIEMPRE-COMRPOMETIDO-CON-LA-EDUCACI\u00d3N-2-768x509.jpg",640,424,true],"large":["http:\/\/tvalaire.com\/wp-content\/uploads\/2017\/08\/V\u00cdCTOR-V\u00c1ZQUEZ-SIEMPRE-COMRPOMETIDO-CON-LA-EDUCACI\u00d3N-2-1024x678.jpg",640,424,true],"post-slider-thumb-size":["http:\/\/tvalaire.com\/wp-content\/uploads\/2017\/08\/V\u00cdCTOR-V\u00c1ZQUEZ-SIEMPRE-COMRPOMETIDO-CON-LA-EDUCACI\u00d3N-2.jpg",287,190,false],"post-category-slider-size":["http:\/\/tvalaire.com\/wp-content\/uploads\/2017\/08\/V\u00cdCTOR-V\u00c1ZQUEZ-SIEMPRE-COMRPOMETIDO-CON-LA-EDUCACI\u00d3N-2.jpg",330,219,false],"1536x1536":["http:\/\/tvalaire.com\/wp-content\/uploads\/2017\/08\/V\u00cdCTOR-V\u00c1ZQUEZ-SIEMPRE-COMRPOMETIDO-CON-LA-EDUCACI\u00d3N-2.jpg",1536,1017,false],"2048x2048":["http:\/\/tvalaire.com\/wp-content\/uploads\/2017\/08\/V\u00cdCTOR-V\u00c1ZQUEZ-SIEMPRE-COMRPOMETIDO-CON-LA-EDUCACI\u00d3N-2.jpg",2048,1356,false],"newsium-slider-full":["http:\/\/tvalaire.com\/wp-content\/uploads\/2017\/08\/V\u00cdCTOR-V\u00c1ZQUEZ-SIEMPRE-COMRPOMETIDO-CON-LA-EDUCACI\u00d3N-2.jpg",1276,845,false],"newsium-featured":["http:\/\/tvalaire.com\/wp-content\/uploads\/2017\/08\/V\u00cdCTOR-V\u00c1ZQUEZ-SIEMPRE-COMRPOMETIDO-CON-LA-EDUCACI\u00d3N-2.jpg",1024,678,false],"newsium-medium":["http:\/\/tvalaire.com\/wp-content\/uploads\/2017\/08\/V\u00cdCTOR-V\u00c1ZQUEZ-SIEMPRE-COMRPOMETIDO-CON-LA-EDUCACI\u00d3N-2.jpg",717,475,false]},"author_info":{"info":["tvalairenoti"]},"category_info":"<a href=\"http:\/\/tvalaire.com\/?cat=4\" rel=\"category\">Puru\u00e1ndiro<\/a>","tag_info":"Puru\u00e1ndiro","comment_count":"0","jetpack_featured_media_url":"http:\/\/tvalaire.com\/wp-content\/uploads\/2017\/08\/V\u00cdCTOR-V\u00c1ZQUEZ-SIEMPRE-COMRPOMETIDO-CON-LA-EDUCACI\u00d3N-2.jpg","_links":{"self":[{"href":"http:\/\/tvalaire.com\/index.php?rest_route=\/wp\/v2\/posts\/2555"}],"collection":[{"href":"http:\/\/tvalaire.com\/index.php?rest_route=\/wp\/v2\/posts"}],"about":[{"href":"http:\/\/tvalaire.com\/index.php?rest_route=\/wp\/v2\/types\/post"}],"author":[{"embeddable":true,"href":"http:\/\/tvalaire.com\/index.php?rest_route=\/wp\/v2\/users\/1"}],"replies":[{"embeddable":true,"href":"http:\/\/tvalaire.com\/index.php?rest_route=%2Fwp%2Fv2%2Fcomments&post=2555"}],"version-history":[{"count":2,"href":"http:\/\/tvalaire.com\/index.php?rest_route=\/wp\/v2\/posts\/2555\/revisions"}],"predecessor-version":[{"id":2561,"href":"http:\/\/tvalaire.com\/index.php?rest_route=\/wp\/v2\/posts\/2555\/revisions\/2561"}],"wp:featuredmedia":[{"embeddable":true,"href":"http:\/\/tvalaire.com\/index.php?rest_route=\/wp\/v2\/media\/2557"}],"wp:attachment":[{"href":"http:\/\/tvalaire.com\/index.php?rest_route=%2Fwp%2Fv2%2Fmedia&parent=2555"}],"wp:term":[{"taxonomy":"category","embeddable":true,"href":"http:\/\/tvalaire.com\/index.php?rest_route=%2Fwp%2Fv2%2Fcategories&post=2555"},{"taxonomy":"post_tag","embeddable":true,"href":"http:\/\/tvalaire.com\/index.php?rest_route=%2Fwp%2Fv2%2Ftags&post=2555"}],"curies":[{"name":"wp","href":"https:\/\/api.w.org\/{rel}","templated":true}]}}