{"id":254,"date":"2017-01-31T17:06:19","date_gmt":"2017-01-31T23:06:19","guid":{"rendered":"http:\/\/tvalaire.com\/?p=254"},"modified":"2017-02-01T10:00:43","modified_gmt":"2017-02-01T16:00:43","slug":"ultimas-noticias-de-estados-unidos-hoy-obama-critico-el-veto-migratorio-de-trump","status":"publish","type":"post","link":"http:\/\/tvalaire.com\/?p=254","title":{"rendered":"\u00daltimas noticias de Estados Unidos hoy: Obama critic\u00f3 el veto migratorio de Trump"},"content":{"rendered":"<p><strong>Barack Obama critic\u00f3 la pol\u00edtica migratoria de Trump<\/strong><\/p>\n<p>A diez d\u00edas de dejar la presidencia, Barack Obama se pronunci\u00f3 en contra del veto del presidente estadounidense Donald Trump para que ciudadanos de siete pa\u00edses no puedan entrar a Estados Unidos.<\/p>\n<p>Trump suspendi\u00f3 por 120 d\u00edas el ingreso de refugiados y tambi\u00e9n durante 90 d\u00edas la concesi\u00f3n de visados a personas con ciudadan\u00eda de Libia, Sud\u00e1n, Somalia, Siria, Irak, Yemen e Ir\u00e1n.<\/p>\n<div class=\"code-block code-block-1\"><\/div>\n<p>El ex presidente Obama se\u00f1al\u00f3 a trav\u00e9s de su portavoz Kevin Lewis, estar \u201cfundamentalmente en desacuerdo con la noci\u00f3n de discriminar a los individuos por su fe o religi\u00f3n\u201d.<\/p>\n<div class=\"SandboxRoot env-bp-350\" data-twitter-event-id=\"0\">\n<div id=\"twitter-widget-0\" class=\"EmbeddedTweet EmbeddedTweet--mediaForward media-forward js-clickToOpenTarget js-tweetIdInfo\" lang=\"es\" data-click-to-open-target=\"https:\/\/twitter.com\/KLewis44\/status\/826150648425115648\" data-iframe-title=\"Tweet de Twitter\" data-dt-full=\"%{hours24}:%{minutes} - %{day} %{month} %{year}\" data-dt-months=\"ene|feb|mar|abr|Mayo|jun|jul|ago|sep|oct|nov|dic\" data-dt-am=\"AM\" data-dt-pm=\"PM\" data-dt-now=\"ahora\" data-dt-s=\"s\" data-dt-m=\"m\" data-dt-h=\"h\" data-dt-second=\"segundo\" data-dt-seconds=\"segundos\" data-dt-minute=\"minuto\" data-dt-minutes=\"minutos\" data-dt-hour=\"hora\" data-dt-hours=\"horas\" data-dt-abbr=\"%{number}%{symbol}\" data-dt-short=\"%{day} %{month}\" data-dt-long=\"%{day} %{month} %{year}\" data-scribe=\"page:tweet\" data-tweet-id=\"826150648425115648\" data-twitter-event-id=\"5\">\n<article class=\"MediaCard MediaCard--mediaForward customisable-border\" dir=\"ltr\" data-scribe=\"component:card\">\n<div class=\"MediaCard-media\">\n<div class=\"MediaCard-widthConstraint js-cspForcedStyle\" data-style=\"max-width: 1200px\">\n<div class=\"MediaCard-mediaContainer js-cspForcedStyle\" data-style=\"padding-bottom: 29.1667%\"><a class=\"MediaCard-mediaAsset NaturalImage \" href=\"https:\/\/twitter.com\/KLewis44\/status\/826150648425115648\/photo\/1\" data-scribe=\"element:photo\"><img loading=\"lazy\" decoding=\"async\" class=\"NaturalImage-image\" title=\"Ver imagen en Twitter\" src=\"https:\/\/pbs.twimg.com\/media\/C3cTk9OWIAARSJR.jpg:small\" alt=\"Ver imagen en Twitter\" width=\"1200\" height=\"350\" data-srcset=\"https%3A%2F%2Fpbs.twimg.com%2Fmedia%2FC3cTk9OWIAARSJR.jpg%3Alarge 1380w,https%3A%2F%2Fpbs.twimg.com%2Fmedia%2FC3cTk9OWIAARSJR.jpg 1200w,https%3A%2F%2Fpbs.twimg.com%2Fmedia%2FC3cTk9OWIAARSJR.jpg%3Asmall 680w\" \/><\/a><\/div>\n<\/div>\n<\/div>\n<\/article>\n<div class=\"EmbeddedTweet-tweet\">\n<blockquote class=\"Tweet h-entry js-tweetIdInfo subject expanded is-deciderHtmlWhitespace\" cite=\"https:\/\/twitter.com\/KLewis44\/status\/826150648425115648\" data-tweet-id=\"826150648425115648\" data-scribe=\"section:subject\">\n<div class=\"Tweet-header u-cf\">\n<div class=\"Tweet-brand u-floatRight\">\n<div class=\"Icon Icon--twitter \" title=\"\"><\/div>\n<p><span class=\"u-hiddenInNarrowEnv\"><a class=\"FollowButton follow-button profile\" title=\"Seguir a Kevin Lewis en Twitter\" href=\"https:\/\/twitter.com\/KLewis44\" data-scribe=\"component:followbutton\">Seguir<\/a><\/span><\/p>\n<\/div>\n<div class=\"TweetAuthor \" data-scribe=\"component:author\">\n<p><a class=\"TweetAuthor-link Identity u-linkBlend\" href=\"https:\/\/twitter.com\/KLewis44\" data-scribe=\"element:user_link\"><span class=\"TweetAuthor-avatar Identity-avatar\"><img decoding=\"async\" class=\"Avatar\" src=\"https:\/\/pbs.twimg.com\/profile_images\/826124805858553856\/hR4Bo7sW_normal.jpg\" alt=\"\" data-scribe=\"element:avatar\" data-src-2x=\"https:\/\/pbs.twimg.com\/profile_images\/826124805858553856\/hR4Bo7sW_bigger.jpg\" data-src-1x=\"https:\/\/pbs.twimg.com\/profile_images\/826124805858553856\/hR4Bo7sW_normal.jpg\" \/><\/span><span class=\"TweetAuthor-name Identity-name customisable-highlight\" title=\"Kevin Lewis\" data-scribe=\"element:name\">Kevin Lewis<\/span> <\/a><\/p>\n<div class=\"Icon Icon--verified \" title=\"Cuenta verificada\"><\/div>\n<p><a class=\"TweetAuthor-link Identity u-linkBlend\" href=\"https:\/\/twitter.com\/KLewis44\" data-scribe=\"element:user_link\"><span class=\"TweetAuthor-verifiedBadge\" data-scribe=\"element:verified_badge\"><b class=\"u-hiddenVisually\">\u2714<\/b><\/span><span class=\"TweetAuthor-screenName Identity-screenName\" dir=\"ltr\" title=\"@KLewis44\" data-scribe=\"element:screen_name\">@KLewis44<\/span><\/a><\/p>\n<\/div>\n<\/div>\n<div class=\"Tweet-body e-entry-content\" data-scribe=\"component:tweet\">\n<p class=\"Tweet-text e-entry-title\" dir=\"ltr\" lang=\"en\">Frm Pres <a class=\"PrettyLink profile customisable h-card\" dir=\"ltr\" href=\"https:\/\/twitter.com\/BarackObama\" data-mentioned-user-id=\"813286\" data-scribe=\"element:mention\"><span class=\"PrettyLink-prefix\">@<\/span><span class=\"PrettyLink-value\">BarackObama<\/span><\/a> is heartened by the level of engagement taking place in communities around the country.<\/p>\n<div class=\"Tweet-metadata dateline\"><a class=\"u-linkBlend u-url customisable-highlight long-permalink\" href=\"https:\/\/twitter.com\/KLewis44\/status\/826150648425115648\" data-datetime=\"2017-01-30T19:30:38+0000\" data-scribe=\"element:full_timestamp\"><time class=\"dt-updated\" title=\"Publicado a las: 30 ene 2017, 19:30:38 (UTC)\" datetime=\"2017-01-30T19:30:38+0000\">13:30 &#8211; 30 ene 2017<\/time><\/a><\/div>\n<ul class=\"Tweet-actions\" data-scribe=\"component:actions\">\n<li class=\"Tweet-action\">\n<div class=\"Icon Icon--reply TweetAction-icon\" title=\"Responder\"><\/div>\n<\/li>\n<li class=\"Tweet-action\">\n<div class=\"Icon Icon--retweet TweetAction-icon\" title=\"Retwittear\"><\/div>\n<p><a class=\"TweetAction TweetAction--retweet web-intent\" href=\"https:\/\/twitter.com\/intent\/retweet?tweet_id=826150648425115648\" data-scribe=\"element:retweet\"><span class=\"TweetAction-stat\" data-scribe=\"element:retweet_count\">4.047<\/span><span class=\"u-hiddenVisually\">4.047 Retweets<\/span><\/a><\/li>\n<li class=\"Tweet-action\">\n<div class=\"Icon Icon--heart TweetAction-icon\" title=\"Me gusta\"><\/div>\n<p><a class=\"TweetAction TweetAction--heart web-intent\" href=\"https:\/\/twitter.com\/intent\/like?tweet_id=826150648425115648\" data-scribe=\"element:heart\"><span class=\"TweetAction-stat\" data-scribe=\"element:heart_count\">7.098<\/span><span class=\"u-hiddenVisually\">7.098 me gusta<\/span><\/a><\/li>\n<\/ul>\n<\/div>\n<\/blockquote>\n<\/div>\n<\/div>\n<div class=\"resize-sensor\"><\/div>\n<\/div>\n<p>Sin embargo, el presidente Trump ha afirmado que Estados Unidos es \u201cuna naci\u00f3n orgullosa de los inmigrantes y seguir\u00e1 mostrando compasi\u00f3n a aquellos que huyen de la opresi\u00f3n\u201d, aunque \u00a0aclar\u00f3: \u201clo vamos a hacer mientras proteja a nuestros propios ciudadanos y a la frontera\u201d.<\/p>\n<p>El actual mandatario estadounidense detall\u00f3 que la orden ejecutiva es similar a la pol\u00edtica desarrollada por Obama en 2011 cuando prohibi\u00f3 los visados para los refugiados del Iraq durante seis meses.<\/p>\n<p>\u201cLos siete pa\u00edses que se nombran en el orden ejecutivo son los mismos pa\u00edses previamente identificados por la administraci\u00f3n de Obama como fuentes de terror\u201d, se\u00f1al\u00f3 Trump. \u201cPara ser claros, esto no es una prohibici\u00f3n musulmana\u201d, sentenci\u00f3 refiriendo que hay m\u00e1s de 40 pa\u00edses poseen mayoritariamente esa religi\u00f3n y que no se ven afectados por esta orden.<\/p>\n<p>\u201cEsto no se trata de la religi\u00f3n, sino del terror y de mantener a salvo a nuestro pa\u00eds\u201d, concluy\u00f3 en un comunicado.<\/p>\n<p><iframe loading=\"lazy\" src=\"https:\/\/www.facebook.com\/plugins\/post.php?href=https%3A%2F%2Fwww.facebook.com%2FDonaldTrump%2Fposts%2F10158567643610725&amp;width=500\" width=\"500\" height=\"288\" frameborder=\"0\" scrolling=\"no\" data-mce-fragment=\"1\"><\/iframe><\/p>\n<p><strong>Trump destituye a la secretaria interina de Justicia de Estados Unidos<\/strong><\/p>\n<p>El presidente estadounidense Donald Trump relev\u00f3 ayer del cargo a la fiscal general Sally Yates, luego de que se negase a defender en los tribunales el veto a inmigrantes y refugiados dictado por la Casa Blanca el viernes pasado.<\/p>\n<div class=\"code-block code-block-4\"><\/div>\n<p>\u201cYates traicion\u00f3 al Departamento de Justicia al negarse a hacer cumplir una orden dise\u00f1ada para proteger a los ciudadanos de Estados Unidos\u201d, apunt\u00f3 Donald Trump en un comunicado, al mismo tiempo que calific\u00f3 a la funcionaria como \u201cd\u00e9bil\u201d en lo que respecta a seguridad fronteriza y \u201cmuy d\u00e9bil\u201d en cuanto a la inmigraci\u00f3n ilegal.<\/p>\n<p><iframe loading=\"lazy\" src=\"https:\/\/www.facebook.com\/plugins\/post.php?href=https%3A%2F%2Fwww.facebook.com%2FDonaldTrump%2Fposts%2F10158573747555725&amp;width=500\" width=\"500\" height=\"288\" frameborder=\"0\" scrolling=\"no\" data-mce-fragment=\"1\"><\/iframe><\/p>\n<p>Yates \u2013que viene de la administraci\u00f3n de Obama- segu\u00eda en el cargo a la espera de que el Senado estadounidense confirme al nominado de Trump para la Fiscal\u00eda General, el senador republicano Jeff Sessions.<\/p>\n<p>Entre tanto el mandatario nombr\u00f3 como nueva fiscal general en funciones a Dana Boente, hasta ahora fiscal para el distrito este de Virginia.<\/p>\n<div id=\"attachment_112714\" class=\"wp-caption aligncenter\">\n<p><a href=\"http:\/\/www.lagranepoca.com\/wp-content\/uploads\/2017\/01\/476687314.jpg\"><img loading=\"lazy\" decoding=\"async\" class=\"wp-image-112714 size-full\" src=\"http:\/\/www.lagranepoca.com\/wp-content\/uploads\/2017\/01\/476687314.jpg\" sizes=\"(max-width: 439px) 100vw, 439px\" srcset=\"http:\/\/web.lagranepoca.com\/wp-content\/uploads\/2017\/01\/476687314.jpg 439w, http:\/\/web.lagranepoca.com\/wp-content\/uploads\/2017\/01\/476687314-222x300.jpg 222w\" alt=\"Dana Boente. (Mark Wilson\/Getty Images)\" width=\"439\" height=\"594\" \/><\/a><\/p>\n<p class=\"wp-caption-text\">Dana Boente. (Mark Wilson\/Getty Images)<\/p>\n<\/div>\n<p>\u201cHa llegado el momento de ponernos serios para proteger a nuestro pa\u00eds. Imponer un escrutinio m\u00e1s duro a individuos que viajan desde siete pa\u00edses peligrosos no es extremo. Es algo razonable y necesario para proteger a nuestro pa\u00eds\u201d, agreg\u00f3 el comunicado de Trump.<\/p>\n<p><strong>Trump firma orden ejecutiva para ayudar a peque\u00f1as empresas<\/strong><\/p>\n<p>El presidente de Estados Unidos, Donald Trump firm\u00f3 este lunes una <a href=\"https:\/\/www.whitehouse.gov\/the-press-office\/2017\/01\/30\/presidential-executive-order-reducing-regulation-and-controlling\" target=\"_blank\">orden ejecutiva<\/a> para reducir las regulaciones para las peque\u00f1as y medianas empresas.<\/p>\n<p>La normativa \u2013denominada por la Casa Blanca \u201cuno dentro, dos fuera\u201d- establece que por cada nueva regulaci\u00f3n federal que se apruebe, antes deber\u00e1n ser revocadas otras dos, inform\u00f3 Reuters.<\/p>\n<p>\u201cEstamos reduciendo enormemente las regulaciones para las peque\u00f1as y grandes empresas\u201d, declar\u00f3 el mandatario estadounidense durante la r\u00fabrica.<\/p>\n<p>\u201cEste ser\u00e1 el mayor acto de este tipo que nuestro pa\u00eds haya visto nunca\u201d, a\u00f1adi\u00f3 el mandatario, rodeado de peque\u00f1os empresarios estadounidenses.<\/p>\n<p>\u201cEl sue\u00f1o americano est\u00e1 de vuelta. \u00a1Vamos a crear un entorno para los negocios peque\u00f1os como no hemos tenido en muchas, muchas d\u00e9cadas!\u201d, expres\u00f3 Trump en su cuenta de twitter.<\/p>\n<div class=\"SandboxRoot env-bp-350\" data-twitter-event-id=\"1\">\n<div id=\"twitter-widget-1\" class=\"EmbeddedTweet EmbeddedTweet--mediaForward media-forward js-clickToOpenTarget js-tweetIdInfo\" lang=\"es\" data-click-to-open-target=\"https:\/\/twitter.com\/realDonaldTrump\/status\/826175120238604288\" data-iframe-title=\"Tweet de Twitter\" data-dt-full=\"%{hours24}:%{minutes} - %{day} %{month} %{year}\" data-dt-months=\"ene|feb|mar|abr|Mayo|jun|jul|ago|sep|oct|nov|dic\" data-dt-am=\"AM\" data-dt-pm=\"PM\" data-dt-now=\"ahora\" data-dt-s=\"s\" data-dt-m=\"m\" data-dt-h=\"h\" data-dt-second=\"segundo\" data-dt-seconds=\"segundos\" data-dt-minute=\"minuto\" data-dt-minutes=\"minutos\" data-dt-hour=\"hora\" data-dt-hours=\"horas\" data-dt-abbr=\"%{number}%{symbol}\" data-dt-short=\"%{day} %{month}\" data-dt-long=\"%{day} %{month} %{year}\" data-scribe=\"page:tweet\" data-tweet-id=\"826175120238604288\" data-twitter-event-id=\"4\">\n<article class=\"MediaCard MediaCard--mediaForward customisable-border\" dir=\"ltr\" data-scribe=\"component:card\">\n<div class=\"MediaCard-media\">\n<div class=\"MediaCard-widthConstraint js-cspForcedStyle\" data-style=\"max-width: 1200px\">\n<div class=\"MediaCard-mediaContainer js-cspForcedStyle\" data-style=\"padding-bottom: 56.2500%\"><a class=\"MediaCard-mediaAsset NaturalImage \" href=\"https:\/\/twitter.com\/realDonaldTrump\/status\/826175120238604288\/photo\/1\" data-scribe=\"element:photo\"><img loading=\"lazy\" decoding=\"async\" class=\"NaturalImage-image\" title=\"Ver imagen en Twitter\" src=\"https:\/\/pbs.twimg.com\/media\/C3cp3XdVYAA6zqE.jpg:small\" alt=\"Ver imagen en Twitter\" width=\"1200\" height=\"675\" data-srcset=\"https%3A%2F%2Fpbs.twimg.com%2Fmedia%2FC3cp3XdVYAA6zqE.jpg%3Alarge 2048w,https%3A%2F%2Fpbs.twimg.com%2Fmedia%2FC3cp3XdVYAA6zqE.jpg 1200w,https%3A%2F%2Fpbs.twimg.com%2Fmedia%2FC3cp3XdVYAA6zqE.jpg%3Asmall 680w\" \/><\/a><\/div>\n<\/div>\n<\/div>\n<\/article>\n<div class=\"EmbeddedTweet-tweet\">\n<blockquote class=\"Tweet h-entry js-tweetIdInfo subject expanded is-deciderHtmlWhitespace\" cite=\"https:\/\/twitter.com\/realDonaldTrump\/status\/826175120238604288\" data-tweet-id=\"826175120238604288\" data-scribe=\"section:subject\">\n<div class=\"Tweet-header u-cf\">\n<div class=\"Tweet-brand u-floatRight\">\n<div class=\"Icon Icon--twitter \" title=\"\"><\/div>\n<p><span class=\"u-hiddenInNarrowEnv\"><a class=\"FollowButton follow-button profile\" title=\"Seguir a Donald J. Trump en Twitter\" href=\"https:\/\/twitter.com\/realDonaldTrump\" data-scribe=\"component:followbutton\">Seguir<\/a><\/span><\/p>\n<\/div>\n<div class=\"TweetAuthor \" data-scribe=\"component:author\">\n<p><a class=\"TweetAuthor-link Identity u-linkBlend\" href=\"https:\/\/twitter.com\/realDonaldTrump\" data-scribe=\"element:user_link\"><span class=\"TweetAuthor-avatar Identity-avatar\"><img decoding=\"async\" class=\"Avatar\" src=\"https:\/\/pbs.twimg.com\/profile_images\/1980294624\/DJT_Headshot_V2_normal.jpg\" alt=\"\" data-scribe=\"element:avatar\" data-src-2x=\"https:\/\/pbs.twimg.com\/profile_images\/1980294624\/DJT_Headshot_V2_bigger.jpg\" data-src-1x=\"https:\/\/pbs.twimg.com\/profile_images\/1980294624\/DJT_Headshot_V2_normal.jpg\" \/><\/span><span class=\"TweetAuthor-name Identity-name customisable-highlight\" title=\"Donald J. Trump\" data-scribe=\"element:name\">Donald J. Trump<\/span> <\/a><\/p>\n<div class=\"Icon Icon--verified \" title=\"Cuenta verificada\"><\/div>\n<p><a class=\"TweetAuthor-link Identity u-linkBlend\" href=\"https:\/\/twitter.com\/realDonaldTrump\" data-scribe=\"element:user_link\"><span class=\"TweetAuthor-verifiedBadge\" data-scribe=\"element:verified_badge\"><b class=\"u-hiddenVisually\">\u2714<\/b><\/span><span class=\"TweetAuthor-screenName Identity-screenName\" dir=\"ltr\" title=\"@realDonaldTrump\" data-scribe=\"element:screen_name\">@realDonaldTrump<\/span><\/a><\/p>\n<\/div>\n<\/div>\n<div class=\"Tweet-body e-entry-content\" data-scribe=\"component:tweet\">\n<p class=\"Tweet-text e-entry-title\" dir=\"ltr\" lang=\"en\">The American dream is back. We\u2019re going to create an environment for small business like we haven\u2019t had in many, many decades!<\/p>\n<div class=\"Tweet-metadata dateline\"><a class=\"u-linkBlend u-url customisable-highlight long-permalink\" href=\"https:\/\/twitter.com\/realDonaldTrump\/status\/826175120238604288\" data-datetime=\"2017-01-30T21:07:52+0000\" data-scribe=\"element:full_timestamp\"><time class=\"dt-updated\" title=\"Publicado a las: 30 ene 2017, 21:07:52 (UTC)\" datetime=\"2017-01-30T21:07:52+0000\">15:07 &#8211; 30 ene 2017<\/time><\/a><\/div>\n<ul class=\"Tweet-actions\" data-scribe=\"component:actions\">\n<li class=\"Tweet-action\">\n<div class=\"Icon Icon--reply TweetAction-icon\" title=\"Responder\"><\/div>\n<\/li>\n<li class=\"Tweet-action\">\n<div class=\"Icon Icon--retweet TweetAction-icon\" title=\"Retwittear\"><\/div>\n<p><a class=\"TweetAction TweetAction--retweet web-intent\" href=\"https:\/\/twitter.com\/intent\/retweet?tweet_id=826175120238604288\" data-scribe=\"element:retweet\"><span class=\"TweetAction-stat\" data-scribe=\"element:retweet_count\">31.294<\/span><span class=\"u-hiddenVisually\">31.294 Retweets<\/span><\/a><\/li>\n<li class=\"Tweet-action\">\n<div class=\"Icon Icon--heart TweetAction-icon\" title=\"Me gusta\"><\/div>\n<p><a class=\"TweetAction TweetAction--heart web-intent\" href=\"https:\/\/twitter.com\/intent\/like?tweet_id=826175120238604288\" data-scribe=\"element:heart\"><span class=\"TweetAction-stat\" data-scribe=\"element:heart_count\">154.627<\/span><span class=\"u-hiddenVisually\">154.627 me gusta<\/span><\/a><\/li>\n<\/ul>\n<\/div>\n<\/blockquote>\n<\/div>\n<\/div>\n<div class=\"resize-sensor\"><\/div>\n<\/div>\n<p>El decreto estipula que las agencias federales propondr\u00e1n las reglas que quieran eliminar y que la Casa Blanca revisar\u00e1 esas decisiones.<\/p>\n<p>Anualmente, la Casa Blanca reserva un presupuesto para regulaciones; sin embargo, para el 2017 no hay dinero previsto destinado para este prop\u00f3sito.<\/p>\n<p>\u201cHabr\u00e1 regulaci\u00f3n, habr\u00e1 control, pero ser\u00e1 un control normalizado\u201d, afirm\u00f3 Trump.<\/p>\n<p>De esta forma se reducir\u00edan regulaciones hasta un 75%.<\/p>\n<p>El presidente Trump ha manifestado en distintas oportunidades que la burocracia frena el desarrollo econ\u00f3mico de la naci\u00f3n.<\/p>\n<p>&nbsp;<\/p>\n<p><strong>Trump dar\u00e1 a conocer su n\u00f3mina para la Corte Suprema<\/strong><\/p>\n<div id=\"attachment_111695\" class=\"wp-caption aligncenter\">\n<p><a href=\"http:\/\/www.lagranepoca.com\/wp-content\/uploads\/2017\/01\/orders.jpg\"><img loading=\"lazy\" decoding=\"async\" class=\"size-full wp-image-111695\" src=\"http:\/\/www.lagranepoca.com\/wp-content\/uploads\/2017\/01\/orders.jpg\" sizes=\"(max-width: 594px) 100vw, 594px\" srcset=\"http:\/\/web.lagranepoca.com\/wp-content\/uploads\/2017\/01\/orders.jpg 594w, http:\/\/web.lagranepoca.com\/wp-content\/uploads\/2017\/01\/orders-300x200.jpg 300w\" alt=\"El presidente estadounidense Donald Trump.. Foto: Pool\/Getty Images\" width=\"594\" height=\"396\" \/><\/a><\/p>\n<p class=\"wp-caption-text\">El presidente estadounidense Donald Trump.. Foto: Pool\/Getty Images<\/p>\n<\/div>\n<p>El presidente de EE.UU., Donald Trump, anunciar\u00e1 este martes a su candidato para ocupar la vacante en el Tribunal Supremo, abierta tras la inesperada muerte en febrero de 2016 del juez conservador Antonin Scalia.<\/p>\n<p>\u201cHe tomado mi decisi\u00f3n sobre a qui\u00e9n nominar\u00e9 para la Corte Suprema de Estados Unidos. Se anunciar\u00e1 en vivo el martes a las 8.00 P.M.\u201d, adelant\u00f3 Trump en su cuenta de Twitter.<\/p>\n<div class=\"SandboxRoot env-bp-350\" data-twitter-event-id=\"2\">\n<div id=\"twitter-widget-2\" class=\"EmbeddedTweet js-clickToOpenTarget\" lang=\"es\" data-click-to-open-target=\"https:\/\/twitter.com\/realDonaldTrump\/status\/826063267760046080\" data-iframe-title=\"Tweet de Twitter\" data-dt-full=\"%{hours24}:%{minutes} - %{day} %{month} %{year}\" data-dt-months=\"ene|feb|mar|abr|Mayo|jun|jul|ago|sep|oct|nov|dic\" data-dt-am=\"AM\" data-dt-pm=\"PM\" data-dt-now=\"ahora\" data-dt-s=\"s\" data-dt-m=\"m\" data-dt-h=\"h\" data-dt-second=\"segundo\" data-dt-seconds=\"segundos\" data-dt-minute=\"minuto\" data-dt-minutes=\"minutos\" data-dt-hour=\"hora\" data-dt-hours=\"horas\" data-dt-abbr=\"%{number}%{symbol}\" data-dt-short=\"%{day} %{month}\" data-dt-long=\"%{day} %{month} %{year}\" data-scribe=\"page:tweet\" data-twitter-event-id=\"3\">\n<div class=\"EmbeddedTweet-tweet\">\n<blockquote class=\"Tweet h-entry js-tweetIdInfo subject expanded is-deciderHtmlWhitespace\" cite=\"https:\/\/twitter.com\/realDonaldTrump\/status\/826063267760046080\" data-tweet-id=\"826063267760046080\" data-scribe=\"section:subject\">\n<div class=\"Tweet-header u-cf\">\n<div class=\"Tweet-brand u-floatRight\">\n<div class=\"Icon Icon--twitter \" title=\"\"><\/div>\n<p><span class=\"u-hiddenInNarrowEnv\"><a class=\"FollowButton follow-button profile\" title=\"Seguir a Donald J. Trump en Twitter\" href=\"https:\/\/twitter.com\/realDonaldTrump\" data-scribe=\"component:followbutton\">Seguir<\/a><\/span><\/p>\n<\/div>\n<div class=\"TweetAuthor \" data-scribe=\"component:author\">\n<p><a class=\"TweetAuthor-link Identity u-linkBlend\" href=\"https:\/\/twitter.com\/realDonaldTrump\" data-scribe=\"element:user_link\"><span class=\"TweetAuthor-avatar Identity-avatar\"><img decoding=\"async\" class=\"Avatar\" src=\"https:\/\/pbs.twimg.com\/profile_images\/1980294624\/DJT_Headshot_V2_normal.jpg\" alt=\"\" data-scribe=\"element:avatar\" data-src-2x=\"https:\/\/pbs.twimg.com\/profile_images\/1980294624\/DJT_Headshot_V2_bigger.jpg\" data-src-1x=\"https:\/\/pbs.twimg.com\/profile_images\/1980294624\/DJT_Headshot_V2_normal.jpg\" \/><\/span><span class=\"TweetAuthor-name Identity-name customisable-highlight\" title=\"Donald J. Trump\" data-scribe=\"element:name\">Donald J. Trump<\/span> <\/a><\/p>\n<div class=\"Icon Icon--verified \" title=\"Cuenta verificada\"><\/div>\n<p><a class=\"TweetAuthor-link Identity u-linkBlend\" href=\"https:\/\/twitter.com\/realDonaldTrump\" data-scribe=\"element:user_link\"><span class=\"TweetAuthor-verifiedBadge\" data-scribe=\"element:verified_badge\"><b class=\"u-hiddenVisually\">\u2714<\/b><\/span><span class=\"TweetAuthor-screenName Identity-screenName\" dir=\"ltr\" title=\"@realDonaldTrump\" data-scribe=\"element:screen_name\">@realDonaldTrump<\/span><\/a><\/p>\n<\/div>\n<\/div>\n<div class=\"Tweet-body e-entry-content\" data-scribe=\"component:tweet\">\n<p class=\"Tweet-text e-entry-title\" dir=\"ltr\" lang=\"en\">I have made my decision on who I will nominate for The United States Supreme Court. It will be announced live on Tuesday at 8:00 P.M. (W.H.)<\/p>\n<div class=\"Tweet-metadata dateline\"><a class=\"u-linkBlend u-url customisable-highlight long-permalink\" href=\"https:\/\/twitter.com\/realDonaldTrump\/status\/826063267760046080\" data-datetime=\"2017-01-30T13:43:25+0000\" data-scribe=\"element:full_timestamp\"><time class=\"dt-updated\" title=\"Publicado a las: 30 ene 2017, 13:43:25 (UTC)\" datetime=\"2017-01-30T13:43:25+0000\">07:43 &#8211; 30 ene 2017<\/time><\/a><\/div>\n<ul class=\"Tweet-actions\" data-scribe=\"component:actions\">\n<li class=\"Tweet-action\">\n<div class=\"Icon Icon--reply TweetAction-icon\" title=\"Responder\"><\/div>\n<\/li>\n<li class=\"Tweet-action\">\n<div class=\"Icon Icon--retweet TweetAction-icon\" title=\"Retwittear\"><\/div>\n<p><a class=\"TweetAction TweetAction--retweet web-intent\" href=\"https:\/\/twitter.com\/intent\/retweet?tweet_id=826063267760046080\" data-scribe=\"element:retweet\"><span class=\"TweetAction-stat\" data-scribe=\"element:retweet_count\">24.849<\/span><span class=\"u-hiddenVisually\">24.849 Retweets<\/span><\/a><\/li>\n<li class=\"Tweet-action\">\n<div class=\"Icon Icon--heart TweetAction-icon\" title=\"Me gusta\"><\/div>\n<p><a class=\"TweetAction TweetAction--heart web-intent\" href=\"https:\/\/twitter.com\/intent\/like?tweet_id=826063267760046080\" data-scribe=\"element:heart\"><span class=\"TweetAction-stat\" data-scribe=\"element:heart_count\">119.673<\/span><span class=\"u-hiddenVisually\">119.673 me gusta<\/span><\/a><\/li>\n<\/ul>\n<\/div>\n<\/blockquote>\n<\/div>\n<\/div>\n<div class=\"resize-sensor\"><\/div>\n<\/div>\n<p>La confirmaci\u00f3n del nominado de Trump para el Tribunal Supremo depender\u00e1 primero del Comit\u00e9 Judicial del Senado y luego pasar\u00e1 al pleno de la C\u00e1mara alta, donde necesita una mayor\u00eda de 60 votos para hacerse con el cargo.<\/p>\n<p>fuente:\u00a0http:\/\/www.lagranepoca.com\/ultimas-noticias\/112705-ultimas-noticias-de-estados-unidos-hoy-31-enero.html<\/p>\n","protected":false},"excerpt":{"rendered":"<p>Barack Obama critic\u00f3 la pol\u00edtica migratoria de Trump A diez d\u00edas de dejar la presidencia,&#8230;<\/p>\n","protected":false},"author":1,"featured_media":255,"comment_status":"open","ping_status":"open","sticky":false,"template":"","format":"standard","meta":{"jetpack_post_was_ever_published":false,"_jetpack_newsletter_access":"","_jetpack_dont_email_post_to_subs":false,"_jetpack_newsletter_tier_id":0,"_jetpack_memberships_contains_paywalled_content":false,"_jetpack_memberships_contains_paid_content":false,"footnotes":"","jetpack_publicize_message":"","jetpack_publicize_feature_enabled":true,"jetpack_social_post_already_shared":false,"jetpack_social_options":{"image_generator_settings":{"template":"highway","enabled":false},"version":2}},"categories":[32],"tags":[],"class_list":["post-254","post","type-post","status-publish","format-standard","has-post-thumbnail","hentry","category-mundo"],"jetpack_publicize_connections":[],"jetpack_sharing_enabled":true,"featured_image_urls":{"full":["http:\/\/tvalaire.com\/wp-content\/uploads\/2017\/01\/donald-trump-barack-obama-675x400.jpg",675,400,false],"thumbnail":["http:\/\/tvalaire.com\/wp-content\/uploads\/2017\/01\/donald-trump-barack-obama-675x400-150x150.jpg",150,150,true],"medium":["http:\/\/tvalaire.com\/wp-content\/uploads\/2017\/01\/donald-trump-barack-obama-675x400-300x178.jpg",300,178,true],"medium_large":["http:\/\/tvalaire.com\/wp-content\/uploads\/2017\/01\/donald-trump-barack-obama-675x400.jpg",640,379,false],"large":["http:\/\/tvalaire.com\/wp-content\/uploads\/2017\/01\/donald-trump-barack-obama-675x400.jpg",640,379,false],"post-slider-thumb-size":["http:\/\/tvalaire.com\/wp-content\/uploads\/2017\/01\/donald-trump-barack-obama-675x400.jpg",321,190,false],"post-category-slider-size":["http:\/\/tvalaire.com\/wp-content\/uploads\/2017\/01\/donald-trump-barack-obama-675x400.jpg",330,196,false],"1536x1536":["http:\/\/tvalaire.com\/wp-content\/uploads\/2017\/01\/donald-trump-barack-obama-675x400.jpg",675,400,false],"2048x2048":["http:\/\/tvalaire.com\/wp-content\/uploads\/2017\/01\/donald-trump-barack-obama-675x400.jpg",675,400,false],"newsium-slider-full":["http:\/\/tvalaire.com\/wp-content\/uploads\/2017\/01\/donald-trump-barack-obama-675x400.jpg",675,400,false],"newsium-featured":["http:\/\/tvalaire.com\/wp-content\/uploads\/2017\/01\/donald-trump-barack-obama-675x400.jpg",675,400,false],"newsium-medium":["http:\/\/tvalaire.com\/wp-content\/uploads\/2017\/01\/donald-trump-barack-obama-675x400.jpg",675,400,false]},"author_info":{"info":["tvalairenoti"]},"category_info":"<a href=\"http:\/\/tvalaire.com\/?cat=32\" rel=\"category\">Mundo<\/a>","tag_info":"Mundo","comment_count":"0","jetpack_featured_media_url":"http:\/\/tvalaire.com\/wp-content\/uploads\/2017\/01\/donald-trump-barack-obama-675x400.jpg","_links":{"self":[{"href":"http:\/\/tvalaire.com\/index.php?rest_route=\/wp\/v2\/posts\/254"}],"collection":[{"href":"http:\/\/tvalaire.com\/index.php?rest_route=\/wp\/v2\/posts"}],"about":[{"href":"http:\/\/tvalaire.com\/index.php?rest_route=\/wp\/v2\/types\/post"}],"author":[{"embeddable":true,"href":"http:\/\/tvalaire.com\/index.php?rest_route=\/wp\/v2\/users\/1"}],"replies":[{"embeddable":true,"href":"http:\/\/tvalaire.com\/index.php?rest_route=%2Fwp%2Fv2%2Fcomments&post=254"}],"version-history":[{"count":2,"href":"http:\/\/tvalaire.com\/index.php?rest_route=\/wp\/v2\/posts\/254\/revisions"}],"predecessor-version":[{"id":262,"href":"http:\/\/tvalaire.com\/index.php?rest_route=\/wp\/v2\/posts\/254\/revisions\/262"}],"wp:featuredmedia":[{"embeddable":true,"href":"http:\/\/tvalaire.com\/index.php?rest_route=\/wp\/v2\/media\/255"}],"wp:attachment":[{"href":"http:\/\/tvalaire.com\/index.php?rest_route=%2Fwp%2Fv2%2Fmedia&parent=254"}],"wp:term":[{"taxonomy":"category","embeddable":true,"href":"http:\/\/tvalaire.com\/index.php?rest_route=%2Fwp%2Fv2%2Fcategories&post=254"},{"taxonomy":"post_tag","embeddable":true,"href":"http:\/\/tvalaire.com\/index.php?rest_route=%2Fwp%2Fv2%2Ftags&post=254"}],"curies":[{"name":"wp","href":"https:\/\/api.w.org\/{rel}","templated":true}]}}