{"id":2526,"date":"2017-08-29T09:22:56","date_gmt":"2017-08-29T14:22:56","guid":{"rendered":"http:\/\/tvalaire.com\/?p=2526"},"modified":"2017-08-29T09:22:56","modified_gmt":"2017-08-29T14:22:56","slug":"victor-vazquez-manifiesta-el-compromiso-con-la-educacion","status":"publish","type":"post","link":"http:\/\/tvalaire.com\/?p=2526","title":{"rendered":"V\u00cdCTOR V\u00c1ZQUEZ MANIFIESTA EL COMPROMISO CON LA EDUCACI\u00d3N"},"content":{"rendered":"<p>En este inicio de ciclo escolar 2017 \u2013 2018,Presidente Municipal V\u00edctor V\u00e1zquez desea \u00e9xito, tanto a alumnos como a los profesores, que sea un a\u00f1o de grandes \u00e9xitos, que se consolide en grades proyectos en favor de nuestra sociedad y tambi\u00e9n manifest\u00f3 el compromiso con la educaci\u00f3n, \u201cen esta administraci\u00f3n cuenten con aliados\u201d.<\/p>\n","protected":false},"excerpt":{"rendered":"<p>En este inicio de ciclo escolar 2017 \u2013 2018,Presidente Municipal V\u00edctor V\u00e1zquez desea \u00e9xito, tanto&#8230;<\/p>\n","protected":false},"author":1,"featured_media":2527,"comment_status":"open","ping_status":"open","sticky":false,"template":"","format":"standard","meta":{"jetpack_post_was_ever_published":false,"_jetpack_newsletter_access":"","_jetpack_dont_email_post_to_subs":false,"_jetpack_newsletter_tier_id":0,"_jetpack_memberships_contains_paywalled_content":false,"_jetpack_memberships_contains_paid_content":false,"footnotes":"","jetpack_publicize_message":"","jetpack_publicize_feature_enabled":true,"jetpack_social_post_already_shared":false,"jetpack_social_options":{"image_generator_settings":{"template":"highway","enabled":false},"version":2}},"categories":[4],"tags":[24],"class_list":["post-2526","post","type-post","status-publish","format-standard","has-post-thumbnail","hentry","category-puruandiro","tag-puruandiro"],"jetpack_publicize_connections":[],"jetpack_sharing_enabled":true,"featured_image_urls":{"full":["http:\/\/tvalaire.com\/wp-content\/uploads\/2017\/08\/inicio-del-ciclo-escolar.jpg",2048,1356,false],"thumbnail":["http:\/\/tvalaire.com\/wp-content\/uploads\/2017\/08\/inicio-del-ciclo-escolar-150x150.jpg",150,150,true],"medium":["http:\/\/tvalaire.com\/wp-content\/uploads\/2017\/08\/inicio-del-ciclo-escolar-300x199.jpg",300,199,true],"medium_large":["http:\/\/tvalaire.com\/wp-content\/uploads\/2017\/08\/inicio-del-ciclo-escolar-768x509.jpg",640,424,true],"large":["http:\/\/tvalaire.com\/wp-content\/uploads\/2017\/08\/inicio-del-ciclo-escolar-1024x678.jpg",640,424,true],"post-slider-thumb-size":["http:\/\/tvalaire.com\/wp-content\/uploads\/2017\/08\/inicio-del-ciclo-escolar.jpg",287,190,false],"post-category-slider-size":["http:\/\/tvalaire.com\/wp-content\/uploads\/2017\/08\/inicio-del-ciclo-escolar.jpg",330,218,false],"1536x1536":["http:\/\/tvalaire.com\/wp-content\/uploads\/2017\/08\/inicio-del-ciclo-escolar.jpg",1536,1017,false],"2048x2048":["http:\/\/tvalaire.com\/wp-content\/uploads\/2017\/08\/inicio-del-ciclo-escolar.jpg",2048,1356,false],"newsium-slider-full":["http:\/\/tvalaire.com\/wp-content\/uploads\/2017\/08\/inicio-del-ciclo-escolar.jpg",1276,845,false],"newsium-featured":["http:\/\/tvalaire.com\/wp-content\/uploads\/2017\/08\/inicio-del-ciclo-escolar.jpg",1024,678,false],"newsium-medium":["http:\/\/tvalaire.com\/wp-content\/uploads\/2017\/08\/inicio-del-ciclo-escolar.jpg",717,475,false]},"author_info":{"info":["tvalairenoti"]},"category_info":"<a href=\"http:\/\/tvalaire.com\/?cat=4\" rel=\"category\">Puru\u00e1ndiro<\/a>","tag_info":"Puru\u00e1ndiro","comment_count":"0","jetpack_featured_media_url":"http:\/\/tvalaire.com\/wp-content\/uploads\/2017\/08\/inicio-del-ciclo-escolar.jpg","_links":{"self":[{"href":"http:\/\/tvalaire.com\/index.php?rest_route=\/wp\/v2\/posts\/2526"}],"collection":[{"href":"http:\/\/tvalaire.com\/index.php?rest_route=\/wp\/v2\/posts"}],"about":[{"href":"http:\/\/tvalaire.com\/index.php?rest_route=\/wp\/v2\/types\/post"}],"author":[{"embeddable":true,"href":"http:\/\/tvalaire.com\/index.php?rest_route=\/wp\/v2\/users\/1"}],"replies":[{"embeddable":true,"href":"http:\/\/tvalaire.com\/index.php?rest_route=%2Fwp%2Fv2%2Fcomments&post=2526"}],"version-history":[{"count":1,"href":"http:\/\/tvalaire.com\/index.php?rest_route=\/wp\/v2\/posts\/2526\/revisions"}],"predecessor-version":[{"id":2528,"href":"http:\/\/tvalaire.com\/index.php?rest_route=\/wp\/v2\/posts\/2526\/revisions\/2528"}],"wp:featuredmedia":[{"embeddable":true,"href":"http:\/\/tvalaire.com\/index.php?rest_route=\/wp\/v2\/media\/2527"}],"wp:attachment":[{"href":"http:\/\/tvalaire.com\/index.php?rest_route=%2Fwp%2Fv2%2Fmedia&parent=2526"}],"wp:term":[{"taxonomy":"category","embeddable":true,"href":"http:\/\/tvalaire.com\/index.php?rest_route=%2Fwp%2Fv2%2Fcategories&post=2526"},{"taxonomy":"post_tag","embeddable":true,"href":"http:\/\/tvalaire.com\/index.php?rest_route=%2Fwp%2Fv2%2Ftags&post=2526"}],"curies":[{"name":"wp","href":"https:\/\/api.w.org\/{rel}","templated":true}]}}