{"id":251,"date":"2017-01-31T16:58:03","date_gmt":"2017-01-31T22:58:03","guid":{"rendered":"http:\/\/tvalaire.com\/?p=251"},"modified":"2017-01-31T16:58:03","modified_gmt":"2017-01-31T22:58:03","slug":"invitan-a-mujeres-a-realizar-su-mastografia","status":"publish","type":"post","link":"http:\/\/tvalaire.com\/?p=251","title":{"rendered":"INVITAN A MUJERES A REALIZAR SU MASTOGRAF\u00cdA"},"content":{"rendered":"<ul>\n<li class=\"x_m_7937210409071101975gmail-Textbody\"><b>\u00a0<\/b><b>Los estudios son gratuitos y a toda persona que as\u00ed lo solicite y cuente con seguro popular o no.<\/b><\/li>\n<\/ul>\n<p class=\"x_m_7937210409071101975gmail-Textbody\">La Secretar\u00eda de Salud a trav\u00e9s del Gobierno Municipal, hizo un llamado a todas las mujeres mayores de 45 a\u00f1os de edad para que acudan a la unidad m\u00f3vil que se encuentra ubicada en el <i>Jard\u00edn de los Enamorados<\/i> en donde contin\u00faan con los estudios de mastograf\u00eda, los cuales forman parte de la campa\u00f1a de prevenci\u00f3n y detecci\u00f3n oportuna de c\u00e1ncer de mama.<\/p>\n<p class=\"x_m_7937210409071101975gmail-Textbody\">El objetivo central de las autoridades tanto municipales como estatales, es prevenir esta enfermedad que se ha diseminado en la poblaci\u00f3n femenina, para que se detecte a tiempo y se pueda dar el seguimiento oportuno.<\/p>\n<p class=\"x_m_7937210409071101975gmail-Textbody\">Al respecto, el doctor Carlos Ulloa Molina, responsable del departamento de c\u00e1ncer cervicouterino y mamario de la Jurisdicci\u00f3n Sanitaria No. 6, inform\u00f3 que el estudio se aplicar\u00e1 a todas las mujeres independientemente de si tienen o no Seguro Popular u otra afiliaci\u00f3n.<\/p>\n<p class=\"x_m_7937210409071101975gmail-Textbody\">El \u00fanico requisito que piden es acudir aseadas, depiladas de las axilas, sin talco o desodorante y presentar copia de su credencial de elector. El registro se lleva a cabo directamente en el m\u00f3dulo m\u00f3vil en horario de las 08:00 a las 17:00 horas.<\/p>\n<p class=\"x_m_7937210409071101975gmail-Textbody\">Por lo que se invit\u00f3 a todas las mujeres a aprovechar la presencia de este m\u00f3dulo de atenci\u00f3n gratuita, ya que \u00fanicamente estar\u00e1n en la localidad hasta el viernes 3 de febrero.<\/p>\n<p class=\"x_m_7937210409071101975gmail-Textbody\">La meta que se ten\u00eda previsto atender es de 800 muestras al igual n\u00famero de mujeres, sin embargo se han contabilizado unas 250, de ah\u00ed que el Gobierno Municipal que preside el Juan Manuel Estrada Medina, hizo extensiva la invitaci\u00f3n a todas las personas interesadas en cuidar su salud para que aproveche esta oportunidad que se les brinda de forma gratuita.<\/p>\n","protected":false},"excerpt":{"rendered":"<p>\u00a0Los estudios son gratuitos y a toda persona que as\u00ed lo solicite y cuente con&#8230;<\/p>\n","protected":false},"author":1,"featured_media":252,"comment_status":"open","ping_status":"open","sticky":false,"template":"","format":"standard","meta":{"jetpack_post_was_ever_published":false,"_jetpack_newsletter_access":"","_jetpack_dont_email_post_to_subs":false,"_jetpack_newsletter_tier_id":0,"_jetpack_memberships_contains_paywalled_content":false,"_jetpack_memberships_contains_paid_content":false,"footnotes":"","jetpack_publicize_message":"","jetpack_publicize_feature_enabled":true,"jetpack_social_post_already_shared":false,"jetpack_social_options":{"image_generator_settings":{"template":"highway","enabled":false},"version":2}},"categories":[1],"tags":[],"class_list":["post-251","post","type-post","status-publish","format-standard","has-post-thumbnail","hentry","category-la-piedad"],"jetpack_publicize_connections":[],"jetpack_sharing_enabled":true,"featured_image_urls":{"full":["http:\/\/tvalaire.com\/wp-content\/uploads\/2017\/01\/1-1-1.jpg",952,573,false],"thumbnail":["http:\/\/tvalaire.com\/wp-content\/uploads\/2017\/01\/1-1-1-150x150.jpg",150,150,true],"medium":["http:\/\/tvalaire.com\/wp-content\/uploads\/2017\/01\/1-1-1-300x181.jpg",300,181,true],"medium_large":["http:\/\/tvalaire.com\/wp-content\/uploads\/2017\/01\/1-1-1-768x462.jpg",640,385,true],"large":["http:\/\/tvalaire.com\/wp-content\/uploads\/2017\/01\/1-1-1.jpg",640,385,false],"post-slider-thumb-size":["http:\/\/tvalaire.com\/wp-content\/uploads\/2017\/01\/1-1-1.jpg",316,190,false],"post-category-slider-size":["http:\/\/tvalaire.com\/wp-content\/uploads\/2017\/01\/1-1-1.jpg",330,199,false],"1536x1536":["http:\/\/tvalaire.com\/wp-content\/uploads\/2017\/01\/1-1-1.jpg",952,573,false],"2048x2048":["http:\/\/tvalaire.com\/wp-content\/uploads\/2017\/01\/1-1-1.jpg",952,573,false],"newsium-slider-full":["http:\/\/tvalaire.com\/wp-content\/uploads\/2017\/01\/1-1-1.jpg",952,573,false],"newsium-featured":["http:\/\/tvalaire.com\/wp-content\/uploads\/2017\/01\/1-1-1.jpg",952,573,false],"newsium-medium":["http:\/\/tvalaire.com\/wp-content\/uploads\/2017\/01\/1-1-1.jpg",720,433,false]},"author_info":{"info":["tvalairenoti"]},"category_info":"<a href=\"http:\/\/tvalaire.com\/?cat=1\" rel=\"category\">La Piedad<\/a>","tag_info":"La Piedad","comment_count":"0","jetpack_featured_media_url":"http:\/\/tvalaire.com\/wp-content\/uploads\/2017\/01\/1-1-1.jpg","_links":{"self":[{"href":"http:\/\/tvalaire.com\/index.php?rest_route=\/wp\/v2\/posts\/251"}],"collection":[{"href":"http:\/\/tvalaire.com\/index.php?rest_route=\/wp\/v2\/posts"}],"about":[{"href":"http:\/\/tvalaire.com\/index.php?rest_route=\/wp\/v2\/types\/post"}],"author":[{"embeddable":true,"href":"http:\/\/tvalaire.com\/index.php?rest_route=\/wp\/v2\/users\/1"}],"replies":[{"embeddable":true,"href":"http:\/\/tvalaire.com\/index.php?rest_route=%2Fwp%2Fv2%2Fcomments&post=251"}],"version-history":[{"count":1,"href":"http:\/\/tvalaire.com\/index.php?rest_route=\/wp\/v2\/posts\/251\/revisions"}],"predecessor-version":[{"id":253,"href":"http:\/\/tvalaire.com\/index.php?rest_route=\/wp\/v2\/posts\/251\/revisions\/253"}],"wp:featuredmedia":[{"embeddable":true,"href":"http:\/\/tvalaire.com\/index.php?rest_route=\/wp\/v2\/media\/252"}],"wp:attachment":[{"href":"http:\/\/tvalaire.com\/index.php?rest_route=%2Fwp%2Fv2%2Fmedia&parent=251"}],"wp:term":[{"taxonomy":"category","embeddable":true,"href":"http:\/\/tvalaire.com\/index.php?rest_route=%2Fwp%2Fv2%2Fcategories&post=251"},{"taxonomy":"post_tag","embeddable":true,"href":"http:\/\/tvalaire.com\/index.php?rest_route=%2Fwp%2Fv2%2Ftags&post=251"}],"curies":[{"name":"wp","href":"https:\/\/api.w.org\/{rel}","templated":true}]}}