{"id":2509,"date":"2017-08-29T09:20:23","date_gmt":"2017-08-29T14:20:23","guid":{"rendered":"http:\/\/tvalaire.com\/?p=2509"},"modified":"2017-08-29T09:20:23","modified_gmt":"2017-08-29T14:20:23","slug":"los-adultos-mayores-son-simbolo-de-estatus-prestigio-y-fuente-de-sabiduria-victor-vazquez","status":"publish","type":"post","link":"http:\/\/tvalaire.com\/?p=2509","title":{"rendered":"LOS ADULTOS MAYORES SON S\u00cdMBOLO DE ESTATUS, PRESTIGIO Y\u00a0FUENTE\u00a0DE SABIDUR\u00cdA: V\u00cdCTOR V\u00c1ZQUEZ"},"content":{"rendered":"<p>En el marco del d\u00eda 28 de agosto \u201cD\u00eda del Adulto Mayor\u201d, elPresidente Municipal V\u00edctor V\u00e1zquez reconoce a los adultos mayores del Municipio. Es por ello que enfatiz\u00f3\u201cen esta administraci\u00f3n que nos toc\u00f3ser su representante, estamos muy comprometidos con este sector tan importante como son ustedes\u201d.<\/p>\n<p>Adem\u00e1s les extern\u00f3 que \u201cquise aprovechar para felicitarlos y reconocer su gran labor, su gran aporte que han tenido en nuestra sociedad de nuestro Pa\u00eds, Estado y obviamente de\u00a0 nuestro Municipio\u201d.<\/p>\n<p>\u201cPara m\u00ed es muy importante hacerlo de manera personal, por todo lo que se ha logrado gracias a su trabajo y esfuerzo en esta vida, por parte de nosotros nuestro reconocimiento y decirles que estamos muy pendientes de ustedes, que hay diferentes programas y acciones que estamos trabajando directamente con ustedes\u201d Puntualiz\u00f3 V\u00edctor V\u00e1zquez.<\/p>\n<p>&nbsp;<\/p>\n<p><img loading=\"lazy\" decoding=\"async\" class=\"alignnone size-medium wp-image-2516\" src=\"http:\/\/tvalaire.com\/wp-content\/uploads\/2017\/08\/DIA-DEL-ADULTO-MAYOR-4-300x199.jpg\" alt=\"\" width=\"300\" height=\"199\" srcset=\"http:\/\/tvalaire.com\/wp-content\/uploads\/2017\/08\/DIA-DEL-ADULTO-MAYOR-4-300x199.jpg 300w, http:\/\/tvalaire.com\/wp-content\/uploads\/2017\/08\/DIA-DEL-ADULTO-MAYOR-4-768x509.jpg 768w, http:\/\/tvalaire.com\/wp-content\/uploads\/2017\/08\/DIA-DEL-ADULTO-MAYOR-4-1024x678.jpg 1024w, http:\/\/tvalaire.com\/wp-content\/uploads\/2017\/08\/DIA-DEL-ADULTO-MAYOR-4.jpg 2048w\" sizes=\"(max-width: 300px) 100vw, 300px\" \/><\/p>\n<p><img loading=\"lazy\" decoding=\"async\" class=\"alignnone size-medium wp-image-2515\" src=\"http:\/\/tvalaire.com\/wp-content\/uploads\/2017\/08\/DIA-DEL-ADULTO-MAYOR-3-300x199.jpg\" alt=\"\" width=\"300\" height=\"199\" srcset=\"http:\/\/tvalaire.com\/wp-content\/uploads\/2017\/08\/DIA-DEL-ADULTO-MAYOR-3-300x199.jpg 300w, http:\/\/tvalaire.com\/wp-content\/uploads\/2017\/08\/DIA-DEL-ADULTO-MAYOR-3-768x509.jpg 768w, http:\/\/tvalaire.com\/wp-content\/uploads\/2017\/08\/DIA-DEL-ADULTO-MAYOR-3-1024x678.jpg 1024w, http:\/\/tvalaire.com\/wp-content\/uploads\/2017\/08\/DIA-DEL-ADULTO-MAYOR-3.jpg 2048w\" sizes=\"(max-width: 300px) 100vw, 300px\" \/><\/p>\n<p><img loading=\"lazy\" decoding=\"async\" class=\"alignnone size-medium wp-image-2514\" src=\"http:\/\/tvalaire.com\/wp-content\/uploads\/2017\/08\/DIA-DEL-ADULTO-MAYOR-2-300x199.jpg\" alt=\"\" width=\"300\" height=\"199\" srcset=\"http:\/\/tvalaire.com\/wp-content\/uploads\/2017\/08\/DIA-DEL-ADULTO-MAYOR-2-300x199.jpg 300w, http:\/\/tvalaire.com\/wp-content\/uploads\/2017\/08\/DIA-DEL-ADULTO-MAYOR-2-768x509.jpg 768w, http:\/\/tvalaire.com\/wp-content\/uploads\/2017\/08\/DIA-DEL-ADULTO-MAYOR-2-1024x678.jpg 1024w, http:\/\/tvalaire.com\/wp-content\/uploads\/2017\/08\/DIA-DEL-ADULTO-MAYOR-2.jpg 2048w\" sizes=\"(max-width: 300px) 100vw, 300px\" \/><\/p>\n<p><img loading=\"lazy\" decoding=\"async\" class=\"alignnone size-medium wp-image-2513\" src=\"http:\/\/tvalaire.com\/wp-content\/uploads\/2017\/08\/DIA-DEL-ADULTO-MAYOR-1-300x199.jpg\" alt=\"\" width=\"300\" height=\"199\" srcset=\"http:\/\/tvalaire.com\/wp-content\/uploads\/2017\/08\/DIA-DEL-ADULTO-MAYOR-1-300x199.jpg 300w, http:\/\/tvalaire.com\/wp-content\/uploads\/2017\/08\/DIA-DEL-ADULTO-MAYOR-1-768x509.jpg 768w, http:\/\/tvalaire.com\/wp-content\/uploads\/2017\/08\/DIA-DEL-ADULTO-MAYOR-1-1024x678.jpg 1024w, http:\/\/tvalaire.com\/wp-content\/uploads\/2017\/08\/DIA-DEL-ADULTO-MAYOR-1.jpg 2048w\" sizes=\"(max-width: 300px) 100vw, 300px\" \/><\/p>\n<p><img loading=\"lazy\" decoding=\"async\" class=\"alignnone size-medium wp-image-2512\" src=\"http:\/\/tvalaire.com\/wp-content\/uploads\/2017\/08\/ADULTO-MAYOR-6-300x169.jpeg\" alt=\"\" width=\"300\" height=\"169\" srcset=\"http:\/\/tvalaire.com\/wp-content\/uploads\/2017\/08\/ADULTO-MAYOR-6-300x169.jpeg 300w, http:\/\/tvalaire.com\/wp-content\/uploads\/2017\/08\/ADULTO-MAYOR-6-768x432.jpeg 768w, http:\/\/tvalaire.com\/wp-content\/uploads\/2017\/08\/ADULTO-MAYOR-6-1024x576.jpeg 1024w, http:\/\/tvalaire.com\/wp-content\/uploads\/2017\/08\/ADULTO-MAYOR-6.jpeg 1040w\" sizes=\"(max-width: 300px) 100vw, 300px\" \/><\/p>\n<p><img loading=\"lazy\" decoding=\"async\" class=\"alignnone size-medium wp-image-2510\" src=\"http:\/\/tvalaire.com\/wp-content\/uploads\/2017\/08\/ADULTO-MAYOR-4-169x300.jpeg\" alt=\"\" width=\"169\" height=\"300\" srcset=\"http:\/\/tvalaire.com\/wp-content\/uploads\/2017\/08\/ADULTO-MAYOR-4-169x300.jpeg 169w, http:\/\/tvalaire.com\/wp-content\/uploads\/2017\/08\/ADULTO-MAYOR-4-576x1024.jpeg 576w, http:\/\/tvalaire.com\/wp-content\/uploads\/2017\/08\/ADULTO-MAYOR-4.jpeg 585w\" sizes=\"(max-width: 169px) 100vw, 169px\" \/><\/p>\n","protected":false},"excerpt":{"rendered":"<p>En el marco del d\u00eda 28 de agosto \u201cD\u00eda del Adulto Mayor\u201d, elPresidente Municipal V\u00edctor&#8230;<\/p>\n","protected":false},"author":1,"featured_media":2511,"comment_status":"open","ping_status":"open","sticky":false,"template":"","format":"standard","meta":{"jetpack_post_was_ever_published":false,"_jetpack_newsletter_access":"","_jetpack_dont_email_post_to_subs":false,"_jetpack_newsletter_tier_id":0,"_jetpack_memberships_contains_paywalled_content":false,"_jetpack_memberships_contains_paid_content":false,"footnotes":"","jetpack_publicize_message":"","jetpack_publicize_feature_enabled":true,"jetpack_social_post_already_shared":false,"jetpack_social_options":{"image_generator_settings":{"template":"highway","enabled":false},"version":2}},"categories":[4],"tags":[36,24],"class_list":["post-2509","post","type-post","status-publish","format-standard","has-post-thumbnail","hentry","category-puruandiro","tag-principales","tag-puruandiro"],"jetpack_publicize_connections":[],"jetpack_sharing_enabled":true,"featured_image_urls":{"full":["http:\/\/tvalaire.com\/wp-content\/uploads\/2017\/08\/ADULTO-MAYOR-5.jpeg",1040,585,false],"thumbnail":["http:\/\/tvalaire.com\/wp-content\/uploads\/2017\/08\/ADULTO-MAYOR-5-150x150.jpeg",150,150,true],"medium":["http:\/\/tvalaire.com\/wp-content\/uploads\/2017\/08\/ADULTO-MAYOR-5-300x169.jpeg",300,169,true],"medium_large":["http:\/\/tvalaire.com\/wp-content\/uploads\/2017\/08\/ADULTO-MAYOR-5-768x432.jpeg",640,360,true],"large":["http:\/\/tvalaire.com\/wp-content\/uploads\/2017\/08\/ADULTO-MAYOR-5-1024x576.jpeg",640,360,true],"post-slider-thumb-size":["http:\/\/tvalaire.com\/wp-content\/uploads\/2017\/08\/ADULTO-MAYOR-5.jpeg",330,186,false],"post-category-slider-size":["http:\/\/tvalaire.com\/wp-content\/uploads\/2017\/08\/ADULTO-MAYOR-5.jpeg",330,186,false],"1536x1536":["http:\/\/tvalaire.com\/wp-content\/uploads\/2017\/08\/ADULTO-MAYOR-5.jpeg",1040,585,false],"2048x2048":["http:\/\/tvalaire.com\/wp-content\/uploads\/2017\/08\/ADULTO-MAYOR-5.jpeg",1040,585,false],"newsium-slider-full":["http:\/\/tvalaire.com\/wp-content\/uploads\/2017\/08\/ADULTO-MAYOR-5.jpeg",1040,585,false],"newsium-featured":["http:\/\/tvalaire.com\/wp-content\/uploads\/2017\/08\/ADULTO-MAYOR-5.jpeg",1024,576,false],"newsium-medium":["http:\/\/tvalaire.com\/wp-content\/uploads\/2017\/08\/ADULTO-MAYOR-5.jpeg",720,405,false]},"author_info":{"info":["tvalairenoti"]},"category_info":"<a href=\"http:\/\/tvalaire.com\/?cat=4\" rel=\"category\">Puru\u00e1ndiro<\/a>","tag_info":"Puru\u00e1ndiro","comment_count":"0","jetpack_featured_media_url":"http:\/\/tvalaire.com\/wp-content\/uploads\/2017\/08\/ADULTO-MAYOR-5.jpeg","_links":{"self":[{"href":"http:\/\/tvalaire.com\/index.php?rest_route=\/wp\/v2\/posts\/2509"}],"collection":[{"href":"http:\/\/tvalaire.com\/index.php?rest_route=\/wp\/v2\/posts"}],"about":[{"href":"http:\/\/tvalaire.com\/index.php?rest_route=\/wp\/v2\/types\/post"}],"author":[{"embeddable":true,"href":"http:\/\/tvalaire.com\/index.php?rest_route=\/wp\/v2\/users\/1"}],"replies":[{"embeddable":true,"href":"http:\/\/tvalaire.com\/index.php?rest_route=%2Fwp%2Fv2%2Fcomments&post=2509"}],"version-history":[{"count":1,"href":"http:\/\/tvalaire.com\/index.php?rest_route=\/wp\/v2\/posts\/2509\/revisions"}],"predecessor-version":[{"id":2517,"href":"http:\/\/tvalaire.com\/index.php?rest_route=\/wp\/v2\/posts\/2509\/revisions\/2517"}],"wp:featuredmedia":[{"embeddable":true,"href":"http:\/\/tvalaire.com\/index.php?rest_route=\/wp\/v2\/media\/2511"}],"wp:attachment":[{"href":"http:\/\/tvalaire.com\/index.php?rest_route=%2Fwp%2Fv2%2Fmedia&parent=2509"}],"wp:term":[{"taxonomy":"category","embeddable":true,"href":"http:\/\/tvalaire.com\/index.php?rest_route=%2Fwp%2Fv2%2Fcategories&post=2509"},{"taxonomy":"post_tag","embeddable":true,"href":"http:\/\/tvalaire.com\/index.php?rest_route=%2Fwp%2Fv2%2Ftags&post=2509"}],"curies":[{"name":"wp","href":"https:\/\/api.w.org\/{rel}","templated":true}]}}