{"id":2491,"date":"2017-08-29T09:13:25","date_gmt":"2017-08-29T14:13:25","guid":{"rendered":"http:\/\/tvalaire.com\/?p=2491"},"modified":"2017-08-29T09:13:25","modified_gmt":"2017-08-29T14:13:25","slug":"festeja-gobierno-municipal-a-los-adultos-mayores-del-asilo-de-ancianos-jose-garciduenas","status":"publish","type":"post","link":"http:\/\/tvalaire.com\/?p=2491","title":{"rendered":"FESTEJA GOBIERNO MUNICIPAL A LOS ADULTOS MAYORES DEL ASILO DE ANCIANOS \u201cJOS\u00c9 GARCIDUE\u00d1AS\u201d"},"content":{"rendered":"<p>Con el objetivo de que los adultos mayores del Asilo de Ancianos \u201cJos\u00e9 Garcidue\u00f1as\u201d no pasaran desapercibido su d\u00eda, el Gobierno Municipal que encabeza V\u00edctor V\u00e1zquez\u00a0 festej\u00f3 con ellos este d\u00eda tan importante.<\/p>\n<p>\u201cQuisimos reconocer todo su esfuerzo que han dado en beneficio de su familia, sociedad y pa\u00eds, todo ese legado que han dejado es reconocerse porque todos y cada uno de ustedes son fuente de sabidur\u00eda, de grandes conocimientos, de experiencia y de bondad, por eso los felicitamos\u201d resalt\u00f3 la presidenta Honorifica del DIF Yolanda Ram\u00edrez Maga\u00f1a en representaci\u00f3n de su esposo Presidente\u00a0 Municipal V\u00edctor V\u00e1zquez.<\/p>\n<p>Asimismo mencion\u00f3\u00a0 que esta administraci\u00f3n est\u00e1 muy comprometida con este sector y que si hay una caracter\u00edstica que se ha tenido es estar cerca de su gente.<\/p>\n<p>&nbsp;<\/p>\n<p><img loading=\"lazy\" decoding=\"async\" class=\"alignnone size-medium wp-image-2494\" src=\"http:\/\/tvalaire.com\/wp-content\/uploads\/2017\/08\/DSC2772-199x300.jpg\" alt=\"\" width=\"199\" height=\"300\" srcset=\"http:\/\/tvalaire.com\/wp-content\/uploads\/2017\/08\/DSC2772-199x300.jpg 199w, http:\/\/tvalaire.com\/wp-content\/uploads\/2017\/08\/DSC2772-768x1160.jpg 768w, http:\/\/tvalaire.com\/wp-content\/uploads\/2017\/08\/DSC2772-678x1024.jpg 678w\" sizes=\"(max-width: 199px) 100vw, 199px\" \/><\/p>\n<p><img loading=\"lazy\" decoding=\"async\" class=\"alignnone size-medium wp-image-2492\" src=\"http:\/\/tvalaire.com\/wp-content\/uploads\/2017\/08\/DSC2730-300x199.jpg\" alt=\"\" width=\"300\" height=\"199\" srcset=\"http:\/\/tvalaire.com\/wp-content\/uploads\/2017\/08\/DSC2730-300x199.jpg 300w, http:\/\/tvalaire.com\/wp-content\/uploads\/2017\/08\/DSC2730-768x509.jpg 768w, http:\/\/tvalaire.com\/wp-content\/uploads\/2017\/08\/DSC2730-1024x678.jpg 1024w\" sizes=\"(max-width: 300px) 100vw, 300px\" \/><\/p>\n","protected":false},"excerpt":{"rendered":"<p>Con el objetivo de que los adultos mayores del Asilo de Ancianos \u201cJos\u00e9 Garcidue\u00f1as\u201d no&#8230;<\/p>\n","protected":false},"author":1,"featured_media":2493,"comment_status":"open","ping_status":"open","sticky":false,"template":"","format":"standard","meta":{"jetpack_post_was_ever_published":false,"_jetpack_newsletter_access":"","_jetpack_dont_email_post_to_subs":false,"_jetpack_newsletter_tier_id":0,"_jetpack_memberships_contains_paywalled_content":false,"_jetpack_memberships_contains_paid_content":false,"footnotes":"","jetpack_publicize_message":"","jetpack_publicize_feature_enabled":true,"jetpack_social_post_already_shared":false,"jetpack_social_options":{"image_generator_settings":{"template":"highway","enabled":false},"version":2}},"categories":[4],"tags":[36,24],"class_list":["post-2491","post","type-post","status-publish","format-standard","has-post-thumbnail","hentry","category-puruandiro","tag-principales","tag-puruandiro"],"jetpack_publicize_connections":[],"jetpack_sharing_enabled":true,"featured_image_urls":{"full":["http:\/\/tvalaire.com\/wp-content\/uploads\/2017\/08\/DSC2778.jpg",4928,3264,false],"thumbnail":["http:\/\/tvalaire.com\/wp-content\/uploads\/2017\/08\/DSC2778-150x150.jpg",150,150,true],"medium":["http:\/\/tvalaire.com\/wp-content\/uploads\/2017\/08\/DSC2778-300x199.jpg",300,199,true],"medium_large":["http:\/\/tvalaire.com\/wp-content\/uploads\/2017\/08\/DSC2778-768x509.jpg",640,424,true],"large":["http:\/\/tvalaire.com\/wp-content\/uploads\/2017\/08\/DSC2778-1024x678.jpg",640,424,true],"post-slider-thumb-size":["http:\/\/tvalaire.com\/wp-content\/uploads\/2017\/08\/DSC2778.jpg",287,190,false],"post-category-slider-size":["http:\/\/tvalaire.com\/wp-content\/uploads\/2017\/08\/DSC2778.jpg",330,219,false],"1536x1536":["http:\/\/tvalaire.com\/wp-content\/uploads\/2017\/08\/DSC2778.jpg",1536,1017,false],"2048x2048":["http:\/\/tvalaire.com\/wp-content\/uploads\/2017\/08\/DSC2778.jpg",2048,1356,false],"newsium-slider-full":["http:\/\/tvalaire.com\/wp-content\/uploads\/2017\/08\/DSC2778.jpg",1276,845,false],"newsium-featured":["http:\/\/tvalaire.com\/wp-content\/uploads\/2017\/08\/DSC2778.jpg",1024,678,false],"newsium-medium":["http:\/\/tvalaire.com\/wp-content\/uploads\/2017\/08\/DSC2778.jpg",717,475,false]},"author_info":{"info":["tvalairenoti"]},"category_info":"<a href=\"http:\/\/tvalaire.com\/?cat=4\" rel=\"category\">Puru\u00e1ndiro<\/a>","tag_info":"Puru\u00e1ndiro","comment_count":"0","jetpack_featured_media_url":"http:\/\/tvalaire.com\/wp-content\/uploads\/2017\/08\/DSC2778.jpg","_links":{"self":[{"href":"http:\/\/tvalaire.com\/index.php?rest_route=\/wp\/v2\/posts\/2491"}],"collection":[{"href":"http:\/\/tvalaire.com\/index.php?rest_route=\/wp\/v2\/posts"}],"about":[{"href":"http:\/\/tvalaire.com\/index.php?rest_route=\/wp\/v2\/types\/post"}],"author":[{"embeddable":true,"href":"http:\/\/tvalaire.com\/index.php?rest_route=\/wp\/v2\/users\/1"}],"replies":[{"embeddable":true,"href":"http:\/\/tvalaire.com\/index.php?rest_route=%2Fwp%2Fv2%2Fcomments&post=2491"}],"version-history":[{"count":1,"href":"http:\/\/tvalaire.com\/index.php?rest_route=\/wp\/v2\/posts\/2491\/revisions"}],"predecessor-version":[{"id":2495,"href":"http:\/\/tvalaire.com\/index.php?rest_route=\/wp\/v2\/posts\/2491\/revisions\/2495"}],"wp:featuredmedia":[{"embeddable":true,"href":"http:\/\/tvalaire.com\/index.php?rest_route=\/wp\/v2\/media\/2493"}],"wp:attachment":[{"href":"http:\/\/tvalaire.com\/index.php?rest_route=%2Fwp%2Fv2%2Fmedia&parent=2491"}],"wp:term":[{"taxonomy":"category","embeddable":true,"href":"http:\/\/tvalaire.com\/index.php?rest_route=%2Fwp%2Fv2%2Fcategories&post=2491"},{"taxonomy":"post_tag","embeddable":true,"href":"http:\/\/tvalaire.com\/index.php?rest_route=%2Fwp%2Fv2%2Ftags&post=2491"}],"curies":[{"name":"wp","href":"https:\/\/api.w.org\/{rel}","templated":true}]}}