{"id":2466,"date":"2017-08-24T08:51:53","date_gmt":"2017-08-24T13:51:53","guid":{"rendered":"http:\/\/tvalaire.com\/?p=2466"},"modified":"2017-08-24T08:51:53","modified_gmt":"2017-08-24T13:51:53","slug":"aplican-campana-de-regularizacion-del-estado-civil-de-las-personas-y-aclaraciones-de-actas","status":"publish","type":"post","link":"http:\/\/tvalaire.com\/?p=2466","title":{"rendered":"APLICAN CAMPA\u00d1A DE REGULARIZACI\u00d3N DEL ESTADO CIVIL DE LAS PERSONAS Y ACLARACIONES DE ACTAS"},"content":{"rendered":"<p class=\"xmsonormal\" style=\"text-align: center; background: white;\" align=\"center\">\n<p class=\"xmsonormal\" style=\"text-align: center; background: white; font-variant-ligatures: normal; font-variant-caps: normal; orphans: 2; widows: 2; -webkit-text-stroke-width: 0px; text-decoration-style: initial; text-decoration-color: initial; word-spacing: 0px;\" align=\"center\"><b><span style=\"font-size: 8.5pt; font-family: 'Arial','sans-serif'; color: #212121;\">\u00a0<\/span><\/b><span style=\"font-size: 8.5pt; font-family: 'Arial','sans-serif'; color: #212121;\">\u00a0<\/span><\/p>\n<p class=\"xmsonormal\" style=\"text-align: justify; background: white; font-variant-ligatures: normal; font-variant-caps: normal; orphans: 2; widows: 2; -webkit-text-stroke-width: 0px; text-decoration-style: initial; text-decoration-color: initial; word-spacing: 0px;\"><span style=\"font-size: 8.5pt; font-family: 'Arial','sans-serif'; color: #212121;\">Unas 185 familias piedadenses se beneficiaron con la aplicaci\u00f3n de la Campa\u00f1a de Regularizaci\u00f3n del Estado Civil de las Personas, realizaron aclaraciones de errores ortogr\u00e1ficos de actas de nacimiento y 40 parejas se unieron en matrimonio comunitario.<\/span><\/p>\n<p class=\"xmsonormal\" style=\"text-align: justify; background: white; font-variant-ligatures: normal; font-variant-caps: normal; orphans: 2; widows: 2; -webkit-text-stroke-width: 0px; text-decoration-style: initial; text-decoration-color: initial; word-spacing: 0px;\"><span style=\"font-size: 8.5pt; font-family: 'Arial','sans-serif'; color: #212121;\">\u00a0El acto masivo se llev\u00f3 a cabo en las instalaciones de la Isla de Seguridad o Mercado Mixto a trav\u00e9s de una campa\u00f1a que realiza el Gobierno estatal a trav\u00e9s de la direcci\u00f3n del Registro Civil.<\/span><\/p>\n<p class=\"xmsonormal\" style=\"text-align: justify; background: white;\"><span style=\"font-size: 8.5pt; font-family: 'Arial','sans-serif'; color: #212121;\">\u00a0En esta campa\u00f1a se entregaron 65 registros extempor\u00e1neos al igual n\u00famero de personas entre ellas dos se\u00f1oras de m\u00e1s de 80 a\u00f1os de edad; se entregaron 80 aclaraciones en actas de nacimiento en las que se corrigieron errores mecanogr\u00e1ficos o de dedo y ortogr\u00e1ficos, adem\u00e1s de realizar 40\u00a0 matrimonios por lo civil.<\/span><\/p>\n<p class=\"xmsonormal\" style=\"text-align: justify; background: white; font-variant-ligatures: normal; font-variant-caps: normal; orphans: 2; widows: 2; -webkit-text-stroke-width: 0px; text-decoration-style: initial; text-decoration-color: initial; word-spacing: 0px;\"><span style=\"font-size: 8.5pt; font-family: 'Arial','sans-serif'; color: #212121;\">\u00a0Durante el acto hubo varias intervenciones en la primera de ellas, el Secretario del Ayuntamiento a nombre del Alcalde Juan Manuel Estrada Medina, reconoci\u00f3 la labor que se realiza a trav\u00e9s de esta campa\u00f1a que brinda identidad a los michoacanos y reiter\u00f3 el compromiso del Gobierno Municipal para brindar servicios que requieran para el garantizar este derecho.<\/span><\/p>\n<p class=\"xmsonormal\" style=\"text-align: justify; background: white; font-variant-ligatures: normal; font-variant-caps: normal; orphans: 2; widows: 2; -webkit-text-stroke-width: 0px; text-decoration-style: initial; text-decoration-color: initial; word-spacing: 0px;\"><span style=\"font-size: 8.5pt; font-family: 'Arial','sans-serif'; color: #212121;\">\u00a0Hugo Alberto Gama director del registro civil, resalt\u00f3 que el establecer este tipo de campa\u00f1as de registros extempor\u00e1neos, correcci\u00f3n de datos y matrimonios comunitarios, se realiza con la intenci\u00f3n de garantizar los derechos a la educaci\u00f3n, la seguridad social, la salud y el acceso a los programas sociales que otorgan los gobiernos en sus tres niveles y se comprometi\u00f3 junto con los asistentes a que a partir de ahora, ning\u00fan ni\u00f1o que nazca en este municipio se quede sin su registro civil.<\/span><\/p>\n<p class=\"xmsonormal\" style=\"text-align: justify; background: white; font-variant-ligatures: normal; font-variant-caps: normal; orphans: 2; widows: 2; -webkit-text-stroke-width: 0px; text-decoration-style: initial; text-decoration-color: initial; word-spacing: 0px;\"><span style=\"font-size: 8.5pt; font-family: 'Arial','sans-serif'; color: #212121;\">\u00a0Cuauht\u00e9moc Reyes dio lectura de los derechos y obligaciones de los casados, as\u00ed como dar a conocer la ep\u00edstola de Melchor Ocampo, que provee el respeto y la fidelidad de los c\u00f3nyuges.<\/span><\/p>\n<p class=\"xmsonormal\" style=\"text-align: justify; background: white; font-variant-ligatures: normal; font-variant-caps: normal; orphans: 2; widows: 2; -webkit-text-stroke-width: 0px; text-decoration-style: initial; text-decoration-color: initial; word-spacing: 0px;\"><span style=\"font-size: 8.5pt; font-family: 'Arial','sans-serif'; color: #212121;\">El cierre de la campa\u00f1a la realiz\u00f3 el Subsecretario de Gobierno, Armando Hurtado quien reiter\u00f3 la disponibilidad de Gobierno del Estado para disponer de todos los recursos con la finalidad de dar identidad a los michoacanos.<\/span><\/p>\n<p class=\"xmsonormal\" style=\"text-align: justify; background: white; font-variant-ligatures: normal; font-variant-caps: normal; orphans: 2; widows: 2; -webkit-text-stroke-width: 0px; text-decoration-style: initial; text-decoration-color: initial; word-spacing: 0px;\"><span style=\"font-size: 8.5pt; font-family: 'Arial','sans-serif'; color: #212121;\">\u00a0En la apertura de la campa\u00f1a se cont\u00f3 con la presencia del Subsecretario de Gobierno, Armando Hurtado Ar\u00e9valo; Daniel V\u00e1zquez Zavala, Secretario del Ayuntamiento; el director estatal del registro civil, Hugo Alberto Gama Corla; Ver\u00f3nica Arroyo, directora del registro p\u00fablico de la propiedad; Milt\u00f3n Arturo Silva, jefe de la unidad del servicio estatal del empleo y Carlos Cuauht\u00e9moc Reyes jefe de la unidad del registro civil en la ciudad.<\/span><\/p>\n","protected":false},"excerpt":{"rendered":"<p>\u00a0\u00a0 Unas 185 familias piedadenses se beneficiaron con la aplicaci\u00f3n de la Campa\u00f1a de Regularizaci\u00f3n&#8230;<\/p>\n","protected":false},"author":1,"featured_media":2468,"comment_status":"open","ping_status":"open","sticky":false,"template":"","format":"standard","meta":{"jetpack_post_was_ever_published":false,"_jetpack_newsletter_access":"","_jetpack_dont_email_post_to_subs":false,"_jetpack_newsletter_tier_id":0,"_jetpack_memberships_contains_paywalled_content":false,"_jetpack_memberships_contains_paid_content":false,"footnotes":"","jetpack_publicize_message":"","jetpack_publicize_feature_enabled":true,"jetpack_social_post_already_shared":false,"jetpack_social_options":{"image_generator_settings":{"template":"highway","enabled":false},"version":2}},"categories":[1],"tags":[15,36],"class_list":["post-2466","post","type-post","status-publish","format-standard","has-post-thumbnail","hentry","category-la-piedad","tag-la-piedad","tag-principales"],"jetpack_publicize_connections":[],"jetpack_sharing_enabled":true,"featured_image_urls":{"full":["http:\/\/tvalaire.com\/wp-content\/uploads\/2017\/08\/APLICAN-CAMPA\u00d1A-DE-REGULARIZACI\u00d3N-DEL-ESTADO-CIVIL-DE-LAS-PERSONAS-Y-ACLARACIONES-DE-ACTAS3.jpg",1024,683,false],"thumbnail":["http:\/\/tvalaire.com\/wp-content\/uploads\/2017\/08\/APLICAN-CAMPA\u00d1A-DE-REGULARIZACI\u00d3N-DEL-ESTADO-CIVIL-DE-LAS-PERSONAS-Y-ACLARACIONES-DE-ACTAS3-150x150.jpg",150,150,true],"medium":["http:\/\/tvalaire.com\/wp-content\/uploads\/2017\/08\/APLICAN-CAMPA\u00d1A-DE-REGULARIZACI\u00d3N-DEL-ESTADO-CIVIL-DE-LAS-PERSONAS-Y-ACLARACIONES-DE-ACTAS3-300x200.jpg",300,200,true],"medium_large":["http:\/\/tvalaire.com\/wp-content\/uploads\/2017\/08\/APLICAN-CAMPA\u00d1A-DE-REGULARIZACI\u00d3N-DEL-ESTADO-CIVIL-DE-LAS-PERSONAS-Y-ACLARACIONES-DE-ACTAS3-768x512.jpg",640,427,true],"large":["http:\/\/tvalaire.com\/wp-content\/uploads\/2017\/08\/APLICAN-CAMPA\u00d1A-DE-REGULARIZACI\u00d3N-DEL-ESTADO-CIVIL-DE-LAS-PERSONAS-Y-ACLARACIONES-DE-ACTAS3-1024x683.jpg",640,427,true],"post-slider-thumb-size":["http:\/\/tvalaire.com\/wp-content\/uploads\/2017\/08\/APLICAN-CAMPA\u00d1A-DE-REGULARIZACI\u00d3N-DEL-ESTADO-CIVIL-DE-LAS-PERSONAS-Y-ACLARACIONES-DE-ACTAS3.jpg",285,190,false],"post-category-slider-size":["http:\/\/tvalaire.com\/wp-content\/uploads\/2017\/08\/APLICAN-CAMPA\u00d1A-DE-REGULARIZACI\u00d3N-DEL-ESTADO-CIVIL-DE-LAS-PERSONAS-Y-ACLARACIONES-DE-ACTAS3.jpg",330,220,false],"1536x1536":["http:\/\/tvalaire.com\/wp-content\/uploads\/2017\/08\/APLICAN-CAMPA\u00d1A-DE-REGULARIZACI\u00d3N-DEL-ESTADO-CIVIL-DE-LAS-PERSONAS-Y-ACLARACIONES-DE-ACTAS3.jpg",1024,683,false],"2048x2048":["http:\/\/tvalaire.com\/wp-content\/uploads\/2017\/08\/APLICAN-CAMPA\u00d1A-DE-REGULARIZACI\u00d3N-DEL-ESTADO-CIVIL-DE-LAS-PERSONAS-Y-ACLARACIONES-DE-ACTAS3.jpg",1024,683,false],"newsium-slider-full":["http:\/\/tvalaire.com\/wp-content\/uploads\/2017\/08\/APLICAN-CAMPA\u00d1A-DE-REGULARIZACI\u00d3N-DEL-ESTADO-CIVIL-DE-LAS-PERSONAS-Y-ACLARACIONES-DE-ACTAS3.jpg",1024,683,false],"newsium-featured":["http:\/\/tvalaire.com\/wp-content\/uploads\/2017\/08\/APLICAN-CAMPA\u00d1A-DE-REGULARIZACI\u00d3N-DEL-ESTADO-CIVIL-DE-LAS-PERSONAS-Y-ACLARACIONES-DE-ACTAS3.jpg",1024,683,false],"newsium-medium":["http:\/\/tvalaire.com\/wp-content\/uploads\/2017\/08\/APLICAN-CAMPA\u00d1A-DE-REGULARIZACI\u00d3N-DEL-ESTADO-CIVIL-DE-LAS-PERSONAS-Y-ACLARACIONES-DE-ACTAS3.jpg",712,475,false]},"author_info":{"info":["tvalairenoti"]},"category_info":"<a href=\"http:\/\/tvalaire.com\/?cat=1\" rel=\"category\">La Piedad<\/a>","tag_info":"La Piedad","comment_count":"0","jetpack_featured_media_url":"http:\/\/tvalaire.com\/wp-content\/uploads\/2017\/08\/APLICAN-CAMPA\u00d1A-DE-REGULARIZACI\u00d3N-DEL-ESTADO-CIVIL-DE-LAS-PERSONAS-Y-ACLARACIONES-DE-ACTAS3.jpg","_links":{"self":[{"href":"http:\/\/tvalaire.com\/index.php?rest_route=\/wp\/v2\/posts\/2466"}],"collection":[{"href":"http:\/\/tvalaire.com\/index.php?rest_route=\/wp\/v2\/posts"}],"about":[{"href":"http:\/\/tvalaire.com\/index.php?rest_route=\/wp\/v2\/types\/post"}],"author":[{"embeddable":true,"href":"http:\/\/tvalaire.com\/index.php?rest_route=\/wp\/v2\/users\/1"}],"replies":[{"embeddable":true,"href":"http:\/\/tvalaire.com\/index.php?rest_route=%2Fwp%2Fv2%2Fcomments&post=2466"}],"version-history":[{"count":1,"href":"http:\/\/tvalaire.com\/index.php?rest_route=\/wp\/v2\/posts\/2466\/revisions"}],"predecessor-version":[{"id":2469,"href":"http:\/\/tvalaire.com\/index.php?rest_route=\/wp\/v2\/posts\/2466\/revisions\/2469"}],"wp:featuredmedia":[{"embeddable":true,"href":"http:\/\/tvalaire.com\/index.php?rest_route=\/wp\/v2\/media\/2468"}],"wp:attachment":[{"href":"http:\/\/tvalaire.com\/index.php?rest_route=%2Fwp%2Fv2%2Fmedia&parent=2466"}],"wp:term":[{"taxonomy":"category","embeddable":true,"href":"http:\/\/tvalaire.com\/index.php?rest_route=%2Fwp%2Fv2%2Fcategories&post=2466"},{"taxonomy":"post_tag","embeddable":true,"href":"http:\/\/tvalaire.com\/index.php?rest_route=%2Fwp%2Fv2%2Ftags&post=2466"}],"curies":[{"name":"wp","href":"https:\/\/api.w.org\/{rel}","templated":true}]}}