{"id":2454,"date":"2017-08-22T09:06:52","date_gmt":"2017-08-22T14:06:52","guid":{"rendered":"http:\/\/tvalaire.com\/?p=2454"},"modified":"2017-08-22T09:06:52","modified_gmt":"2017-08-22T14:06:52","slug":"inicio-el-ciclo-escolar-2017-2018-casi-32-mil-alumnos-se-reincorporaron-a-sus-actividades","status":"publish","type":"post","link":"http:\/\/tvalaire.com\/?p=2454","title":{"rendered":"INICIO EL CICLO ESCOLAR 2017-2018; CASI 32 MIL ALUMNOS SE REINCORPORARON A SUS ACTIVIDADES"},"content":{"rendered":"<p class=\"xmsonormal\" style=\"text-align: justify; background: white; font-variant-ligatures: normal; font-variant-caps: normal; orphans: 2; widows: 2; -webkit-text-stroke-width: 0px; text-decoration-style: initial; text-decoration-color: initial; word-spacing: 0px;\"><span style=\"font-size: 11.5pt; font-family: 'Arial','sans-serif'; color: #212121;\">\u00a0<\/span><\/p>\n<p class=\"xmsonormal\" style=\"text-align: justify; background: white; font-variant-ligatures: normal; font-variant-caps: normal; orphans: 2; widows: 2; -webkit-text-stroke-width: 0px; text-decoration-style: initial; text-decoration-color: initial; word-spacing: 0px;\"><span style=\"font-size: 11.5pt; font-family: 'Arial','sans-serif'; color: #212121;\">El Presidente Municipal, Juan Manuel Estrada Medina, pidi\u00f3 a los alumnos, padres de familia, maestros y autoridades, hacer un frente com\u00fan en pro de la educaci\u00f3n, con la finalidad de alcanzar los objetivos que se tienen trazados para el ciclo escolar que dio inicio.<\/span><\/p>\n<p class=\"xmsonormal\" style=\"text-align: justify; background: white; font-variant-ligatures: normal; font-variant-caps: normal; orphans: 2; widows: 2; -webkit-text-stroke-width: 0px; text-decoration-style: initial; text-decoration-color: initial; word-spacing: 0px;\"><span style=\"font-size: 11.5pt; font-family: 'Arial','sans-serif'; color: #212121;\">\u00a0Por su parte, expuso que como Gobierno seguir\u00e1 impulsando la dignificaci\u00f3n de la educaci\u00f3n, mediante el apoyo constante a este sector al que en este \u00faltimo a\u00f1o se invirtieron 33 millones de pesos tanto en el sector urbano y rural, para la rehabilitaci\u00f3n de las escuelas.<\/span><\/p>\n<p class=\"xmsonormal\" style=\"text-align: justify; background: white; font-variant-ligatures: normal; font-variant-caps: normal; orphans: 2; widows: 2; -webkit-text-stroke-width: 0px; text-decoration-style: initial; text-decoration-color: initial; word-spacing: 0px;\"><span style=\"font-size: 11.5pt; font-family: 'Arial','sans-serif'; color: #212121;\">\u00a0Este a\u00f1o, indic\u00f3 que buscar\u00e1n incluir 15 escuelas m\u00e1s para el trabajo de mejoramiento y continuar\u00e1n con la mec\u00e1nica de incrementar los recursos al sector educativo, en el que tan solo en el rubro de becas pasaron de 7.8 a 10.3 millones de pesos este a\u00f1o y anunci\u00f3 que analiza la posibilidad de incrementar estos apoyos durante el reci\u00e9n ciclo escolar.<\/span><\/p>\n<p class=\"xmsonormal\" style=\"text-align: justify; background: white; font-variant-ligatures: normal; font-variant-caps: normal; orphans: 2; widows: 2; -webkit-text-stroke-width: 0px; text-decoration-style: initial; text-decoration-color: initial; word-spacing: 0px;\"><span style=\"font-size: 11.5pt; font-family: 'Arial','sans-serif'; color: #212121;\">\u00a0Coment\u00f3 que a pesar de las voces que cuestionan el actuar del gobierno, \u00e9l se mantiene firme en las gestiones ante las diversas instancias con el fin de traer m\u00e1s beneficios y dar resultados a la poblaci\u00f3n. As\u00ed mismo el Alcalde augur\u00f3 \u00e9xito en este ciclo escolar, en donde se pueda formar de manera integral a la ni\u00f1ez para ofrecer una mejor ciudad, estado y pa\u00eds.<\/span><\/p>\n<p class=\"xmsonormal\" style=\"text-align: justify; background: white; font-variant-ligatures: normal; font-variant-caps: normal; orphans: 2; widows: 2; -webkit-text-stroke-width: 0px; text-decoration-style: initial; text-decoration-color: initial; word-spacing: 0px;\"><span style=\"font-size: 11.5pt; font-family: 'Arial','sans-serif'; color: #212121;\">\u00a0El acto inaugural de este nuevo ciclo escolar se llev\u00f3 a cabo en la Plaza Principal, en el que tambi\u00e9n se cont\u00f3 con la presencia de Juan Cabrera Ayala director del CONALEP quien asisti\u00f3 en representaci\u00f3n del Gobernador del Estado; Mar\u00eda Julieta Estrada Barrera, directora de servicios regionales; Daniel V\u00e1zquez Zavala, Secretario del Ayuntamiento; Melchor Ochoa en representaci\u00f3n del jefe de la Jurisdicci\u00f3n Sanitaria No. 6, pues se aprovech\u00f3 el acto para iniciar de manera formal al Segunda Semana de Lucha contra el dengue, zika y chikungunya, tambi\u00e9n estuvieron presentes jefes de los sectores educativos de nivel primaria y secundaria, as\u00ed como regidores del Ayuntamiento y el director de Educaci\u00f3n.<\/span><\/p>\n<p class=\"xmsonormal\" style=\"text-align: justify; background: white; font-variant-ligatures: normal; font-variant-caps: normal; orphans: 2; widows: 2; -webkit-text-stroke-width: 0px; text-decoration-style: initial; text-decoration-color: initial; word-spacing: 0px;\"><span style=\"font-size: 11.5pt; font-family: 'Arial','sans-serif'; color: #212121;\">\u00a0Juan Cabrera Ayala inform\u00f3 que de manera simult\u00e1nea arranc\u00f3 el ciclo escolar 2017-2018 en los 113 municipios en donde se reincorporaron cerca de un mill\u00f3n 400 alumnos de educaci\u00f3n b\u00e1sica en Michoac\u00e1n en las casi 11 mil escuelas, as\u00ed como la entrega de m\u00e1s de 6 millones de libros de texto gratuito para los m\u00e1s de un mill\u00f3n de alumnos de educaci\u00f3n b\u00e1sica.<\/span><\/p>\n<p class=\"xmsonormal\" style=\"text-align: justify; background: white; font-variant-ligatures: normal; font-variant-caps: normal; orphans: 2; widows: 2; -webkit-text-stroke-width: 0px; text-decoration-style: initial; text-decoration-color: initial; word-spacing: 0px;\"><span style=\"font-size: 11.5pt; font-family: 'Arial','sans-serif'; color: #212121;\">\u00a0Por su parte el titular de la oficina de Educaci\u00f3n expres\u00f3 que el pasado ciclo escolar dej\u00f3 buenos resultados, pues el \u00edndice de terminaci\u00f3n en las escuelas de La Piedad fue de un 70 a un 90%, contrario a los datos que a nivel nacional se manejan en donde el \u00edndice de deserci\u00f3n anda sobre el 50% en las escuelas, lo cual significa que anualmente abandonan la escuela 800 mil alumnos.<\/span><\/p>\n<p class=\"xmsonormal\" style=\"text-align: justify; background: white; font-variant-ligatures: normal; font-variant-caps: normal; orphans: 2; widows: 2; -webkit-text-stroke-width: 0px; text-decoration-style: initial; text-decoration-color: initial; word-spacing: 0px;\"><span style=\"font-size: 11.5pt; font-family: 'Arial','sans-serif'; color: #212121;\">\u00a0Durante el acto, autoridades municipales y educativas entregaron de manera simb\u00f3lica los paquetes de libros de texto gratuitos a alumnos de la escuela primaria Jos\u00e9 Mar\u00eda Cavadas que estaban ah\u00ed presentes.<\/span><\/p>\n","protected":false},"excerpt":{"rendered":"<p>\u00a0 El Presidente Municipal, Juan Manuel Estrada Medina, pidi\u00f3 a los alumnos, padres de familia,&#8230;<\/p>\n","protected":false},"author":1,"featured_media":2455,"comment_status":"open","ping_status":"open","sticky":false,"template":"","format":"standard","meta":{"jetpack_post_was_ever_published":false,"_jetpack_newsletter_access":"","_jetpack_dont_email_post_to_subs":false,"_jetpack_newsletter_tier_id":0,"_jetpack_memberships_contains_paywalled_content":false,"_jetpack_memberships_contains_paid_content":false,"footnotes":"","jetpack_publicize_message":"","jetpack_publicize_feature_enabled":true,"jetpack_social_post_already_shared":false,"jetpack_social_options":{"image_generator_settings":{"template":"highway","enabled":false},"version":2}},"categories":[1],"tags":[15,36],"class_list":["post-2454","post","type-post","status-publish","format-standard","has-post-thumbnail","hentry","category-la-piedad","tag-la-piedad","tag-principales"],"jetpack_publicize_connections":[],"jetpack_sharing_enabled":true,"featured_image_urls":{"full":["http:\/\/tvalaire.com\/wp-content\/uploads\/2017\/08\/INICIO-EL-CICLO-ESCOLAR-2017-2018-CASI-32-MIL-ALUMNOS-SE-REINCORPORARON-A-SUS-ACTIVIDADES2.jpg",1024,683,false],"thumbnail":["http:\/\/tvalaire.com\/wp-content\/uploads\/2017\/08\/INICIO-EL-CICLO-ESCOLAR-2017-2018-CASI-32-MIL-ALUMNOS-SE-REINCORPORARON-A-SUS-ACTIVIDADES2-150x150.jpg",150,150,true],"medium":["http:\/\/tvalaire.com\/wp-content\/uploads\/2017\/08\/INICIO-EL-CICLO-ESCOLAR-2017-2018-CASI-32-MIL-ALUMNOS-SE-REINCORPORARON-A-SUS-ACTIVIDADES2-300x200.jpg",300,200,true],"medium_large":["http:\/\/tvalaire.com\/wp-content\/uploads\/2017\/08\/INICIO-EL-CICLO-ESCOLAR-2017-2018-CASI-32-MIL-ALUMNOS-SE-REINCORPORARON-A-SUS-ACTIVIDADES2-768x512.jpg",640,427,true],"large":["http:\/\/tvalaire.com\/wp-content\/uploads\/2017\/08\/INICIO-EL-CICLO-ESCOLAR-2017-2018-CASI-32-MIL-ALUMNOS-SE-REINCORPORARON-A-SUS-ACTIVIDADES2-1024x683.jpg",640,427,true],"post-slider-thumb-size":["http:\/\/tvalaire.com\/wp-content\/uploads\/2017\/08\/INICIO-EL-CICLO-ESCOLAR-2017-2018-CASI-32-MIL-ALUMNOS-SE-REINCORPORARON-A-SUS-ACTIVIDADES2.jpg",285,190,false],"post-category-slider-size":["http:\/\/tvalaire.com\/wp-content\/uploads\/2017\/08\/INICIO-EL-CICLO-ESCOLAR-2017-2018-CASI-32-MIL-ALUMNOS-SE-REINCORPORARON-A-SUS-ACTIVIDADES2.jpg",330,220,false],"1536x1536":["http:\/\/tvalaire.com\/wp-content\/uploads\/2017\/08\/INICIO-EL-CICLO-ESCOLAR-2017-2018-CASI-32-MIL-ALUMNOS-SE-REINCORPORARON-A-SUS-ACTIVIDADES2.jpg",1024,683,false],"2048x2048":["http:\/\/tvalaire.com\/wp-content\/uploads\/2017\/08\/INICIO-EL-CICLO-ESCOLAR-2017-2018-CASI-32-MIL-ALUMNOS-SE-REINCORPORARON-A-SUS-ACTIVIDADES2.jpg",1024,683,false],"newsium-slider-full":["http:\/\/tvalaire.com\/wp-content\/uploads\/2017\/08\/INICIO-EL-CICLO-ESCOLAR-2017-2018-CASI-32-MIL-ALUMNOS-SE-REINCORPORARON-A-SUS-ACTIVIDADES2.jpg",1024,683,false],"newsium-featured":["http:\/\/tvalaire.com\/wp-content\/uploads\/2017\/08\/INICIO-EL-CICLO-ESCOLAR-2017-2018-CASI-32-MIL-ALUMNOS-SE-REINCORPORARON-A-SUS-ACTIVIDADES2.jpg",1024,683,false],"newsium-medium":["http:\/\/tvalaire.com\/wp-content\/uploads\/2017\/08\/INICIO-EL-CICLO-ESCOLAR-2017-2018-CASI-32-MIL-ALUMNOS-SE-REINCORPORARON-A-SUS-ACTIVIDADES2.jpg",712,475,false]},"author_info":{"info":["tvalairenoti"]},"category_info":"<a href=\"http:\/\/tvalaire.com\/?cat=1\" rel=\"category\">La Piedad<\/a>","tag_info":"La Piedad","comment_count":"0","jetpack_featured_media_url":"http:\/\/tvalaire.com\/wp-content\/uploads\/2017\/08\/INICIO-EL-CICLO-ESCOLAR-2017-2018-CASI-32-MIL-ALUMNOS-SE-REINCORPORARON-A-SUS-ACTIVIDADES2.jpg","_links":{"self":[{"href":"http:\/\/tvalaire.com\/index.php?rest_route=\/wp\/v2\/posts\/2454"}],"collection":[{"href":"http:\/\/tvalaire.com\/index.php?rest_route=\/wp\/v2\/posts"}],"about":[{"href":"http:\/\/tvalaire.com\/index.php?rest_route=\/wp\/v2\/types\/post"}],"author":[{"embeddable":true,"href":"http:\/\/tvalaire.com\/index.php?rest_route=\/wp\/v2\/users\/1"}],"replies":[{"embeddable":true,"href":"http:\/\/tvalaire.com\/index.php?rest_route=%2Fwp%2Fv2%2Fcomments&post=2454"}],"version-history":[{"count":1,"href":"http:\/\/tvalaire.com\/index.php?rest_route=\/wp\/v2\/posts\/2454\/revisions"}],"predecessor-version":[{"id":2456,"href":"http:\/\/tvalaire.com\/index.php?rest_route=\/wp\/v2\/posts\/2454\/revisions\/2456"}],"wp:featuredmedia":[{"embeddable":true,"href":"http:\/\/tvalaire.com\/index.php?rest_route=\/wp\/v2\/media\/2455"}],"wp:attachment":[{"href":"http:\/\/tvalaire.com\/index.php?rest_route=%2Fwp%2Fv2%2Fmedia&parent=2454"}],"wp:term":[{"taxonomy":"category","embeddable":true,"href":"http:\/\/tvalaire.com\/index.php?rest_route=%2Fwp%2Fv2%2Fcategories&post=2454"},{"taxonomy":"post_tag","embeddable":true,"href":"http:\/\/tvalaire.com\/index.php?rest_route=%2Fwp%2Fv2%2Ftags&post=2454"}],"curies":[{"name":"wp","href":"https:\/\/api.w.org\/{rel}","templated":true}]}}