{"id":2451,"date":"2017-08-22T09:05:43","date_gmt":"2017-08-22T14:05:43","guid":{"rendered":"http:\/\/tvalaire.com\/?p=2451"},"modified":"2017-08-22T09:05:43","modified_gmt":"2017-08-22T14:05:43","slug":"beneficia-dif-la-piedad-a-mas-de-220-personas-con-operaciones-de-cataratas","status":"publish","type":"post","link":"http:\/\/tvalaire.com\/?p=2451","title":{"rendered":"BENEFICIA DIF LA PIEDAD A M\u00c1S DE 220 PERSONAS CON OPERACIONES DE CATARATAS"},"content":{"rendered":"<p class=\"xmsonormal\" style=\"margin-left: 283.2pt; text-align: justify; background: white; font-variant-ligatures: normal; font-variant-caps: normal; orphans: 2; widows: 2; -webkit-text-stroke-width: 0px; text-decoration-style: initial; text-decoration-color: initial; word-spacing: 0px;\">\n<p class=\"xmsonormal\" style=\"text-align: justify; background: white; font-variant-ligatures: normal; font-variant-caps: normal; orphans: 2; widows: 2; -webkit-text-stroke-width: 0px; text-decoration-style: initial; text-decoration-color: initial; word-spacing: 0px;\"><span style=\"font-family: 'Arial','sans-serif'; color: #212121;\">Con el prop\u00f3sito de servir a la ciudadan\u00eda el Sistema para el Desarrollo Integral de la Familia (DIF), ha realizado 12 campa\u00f1as de operaciones de cataratas beneficiando a 220 personas de La Piedad como tambi\u00e9n de otros municipios aleda\u00f1os. Todo esto se ha podido lograr gracias a las alianzas que se han realizado con la fundaci\u00f3n de Cin\u00e9polis y Sala Uno.<\/span><\/p>\n<p class=\"xmsonormal\" style=\"text-align: justify; background: white; font-variant-ligatures: normal; font-variant-caps: normal; orphans: 2; widows: 2; -webkit-text-stroke-width: 0px; text-decoration-style: initial; text-decoration-color: initial; word-spacing: 0px;\"><span style=\"font-family: 'Arial','sans-serif'; color: #212121;\">La presidenta del DIF Ma. Socorro Le\u00f3n, coment\u00f3 que el trabajo que se ha hecho con la fundaci\u00f3n ha sido a la buena disposici\u00f3n de los directivos de la instituci\u00f3n y al seguimiento que se le ha dado a esta fusi\u00f3n de colaboraci\u00f3n en beneficio de las personas que requieren de este tipo de operaciones y que gracias a ello les han cambiado la vida.<\/span><\/p>\n<p class=\"xmsonormal\" style=\"text-align: justify; background: white; font-variant-ligatures: normal; font-variant-caps: normal; orphans: 2; widows: 2; -webkit-text-stroke-width: 0px; text-decoration-style: initial; text-decoration-color: initial; word-spacing: 0px;\"><span style=\"font-family: 'Arial','sans-serif'; color: #212121;\">\u201cPor a\u00f1o hemos realizado 6 campa\u00f1as, aproximadamente cada dos meses estamos llevando a personas beneficiadas a la Ciudad de M\u00e9xico que es donde se les pr\u00e1ctica la operaci\u00f3n en grupos de 15 personas hacia delante\u201d, expres\u00f3 Socorro Le\u00f3n.<\/span><\/p>\n<p class=\"xmsonormal\" style=\"text-align: justify; background: white; font-variant-ligatures: normal; font-variant-caps: normal; orphans: 2; widows: 2; -webkit-text-stroke-width: 0px; text-decoration-style: initial; text-decoration-color: initial; word-spacing: 0px;\"><span style=\"font-family: 'Arial','sans-serif'; color: #212121;\">A\u00f1adi\u00f3 que la semana pasada del 14 al 16 de agosto estuvo un grupo de personas en CDMX para que fueran atendidos quir\u00fargicamente donde a ocho se les opero por primera vez, dos fueron de operaci\u00f3n por segunda ocasi\u00f3n, cuatro de cirug\u00edas de Senior Plus (Catarata con mayor densidad operada por un Sub-Especialista), una de cirug\u00eda de retina y otra sesi\u00f3n de l\u00e1ser, dando un total de 16 personas, expres\u00f3 la presidenta del DIF.<\/span><\/p>\n<p class=\"xmsonormal\" style=\"text-align: justify; background: white; font-variant-ligatures: normal; font-variant-caps: normal; orphans: 2; widows: 2; -webkit-text-stroke-width: 0px; text-decoration-style: initial; text-decoration-color: initial; word-spacing: 0px;\"><span style=\"font-family: 'Arial','sans-serif'; color: #212121;\">Puntualiz\u00f3 que ahorita \u00a0est\u00e1 abierta la convocatoria para armar los expedientes del grupo que se llevar\u00e1 en el mes de octubre para que sean operados y que nada m\u00e1s est\u00e1n en espera de que la Fundaci\u00f3n de Cin\u00e9polis y Sala Uno les confirme la fecha, pero ya el DIF est\u00e1 haciendo los trabajos previos donde el beneficiado tiene que acudir al DIF al \u00e1rea de campa\u00f1as o atenci\u00f3n m\u00e9dica para que lleven su examen oftalm\u00f3logo, realicen su examen preoperatorios y valoraci\u00f3n Cardiol\u00f3gica \u00a0o bien marcar al n\u00famero 5-22-01-22 para mayores informes.<\/span><\/p>\n","protected":false},"excerpt":{"rendered":"<p>Con el prop\u00f3sito de servir a la ciudadan\u00eda el Sistema para el Desarrollo Integral de&#8230;<\/p>\n","protected":false},"author":1,"featured_media":2452,"comment_status":"open","ping_status":"open","sticky":false,"template":"","format":"standard","meta":{"jetpack_post_was_ever_published":false,"_jetpack_newsletter_access":"","_jetpack_dont_email_post_to_subs":false,"_jetpack_newsletter_tier_id":0,"_jetpack_memberships_contains_paywalled_content":false,"_jetpack_memberships_contains_paid_content":false,"footnotes":"","jetpack_publicize_message":"","jetpack_publicize_feature_enabled":true,"jetpack_social_post_already_shared":false,"jetpack_social_options":{"image_generator_settings":{"template":"highway","enabled":false},"version":2}},"categories":[1],"tags":[15,36],"class_list":["post-2451","post","type-post","status-publish","format-standard","has-post-thumbnail","hentry","category-la-piedad","tag-la-piedad","tag-principales"],"jetpack_publicize_connections":[],"jetpack_sharing_enabled":true,"featured_image_urls":{"full":["http:\/\/tvalaire.com\/wp-content\/uploads\/2017\/08\/BENEFICIA-DIF-LA-PIEDAD-A-M\u00c1S-DE-220-PERSONAS-CON-OPERACIONES-DE-CATARATAS.jpg",1024,768,false],"thumbnail":["http:\/\/tvalaire.com\/wp-content\/uploads\/2017\/08\/BENEFICIA-DIF-LA-PIEDAD-A-M\u00c1S-DE-220-PERSONAS-CON-OPERACIONES-DE-CATARATAS-150x150.jpg",150,150,true],"medium":["http:\/\/tvalaire.com\/wp-content\/uploads\/2017\/08\/BENEFICIA-DIF-LA-PIEDAD-A-M\u00c1S-DE-220-PERSONAS-CON-OPERACIONES-DE-CATARATAS-300x225.jpg",300,225,true],"medium_large":["http:\/\/tvalaire.com\/wp-content\/uploads\/2017\/08\/BENEFICIA-DIF-LA-PIEDAD-A-M\u00c1S-DE-220-PERSONAS-CON-OPERACIONES-DE-CATARATAS-768x576.jpg",640,480,true],"large":["http:\/\/tvalaire.com\/wp-content\/uploads\/2017\/08\/BENEFICIA-DIF-LA-PIEDAD-A-M\u00c1S-DE-220-PERSONAS-CON-OPERACIONES-DE-CATARATAS-1024x768.jpg",640,480,true],"post-slider-thumb-size":["http:\/\/tvalaire.com\/wp-content\/uploads\/2017\/08\/BENEFICIA-DIF-LA-PIEDAD-A-M\u00c1S-DE-220-PERSONAS-CON-OPERACIONES-DE-CATARATAS.jpg",253,190,false],"post-category-slider-size":["http:\/\/tvalaire.com\/wp-content\/uploads\/2017\/08\/BENEFICIA-DIF-LA-PIEDAD-A-M\u00c1S-DE-220-PERSONAS-CON-OPERACIONES-DE-CATARATAS.jpg",330,248,false],"1536x1536":["http:\/\/tvalaire.com\/wp-content\/uploads\/2017\/08\/BENEFICIA-DIF-LA-PIEDAD-A-M\u00c1S-DE-220-PERSONAS-CON-OPERACIONES-DE-CATARATAS.jpg",1024,768,false],"2048x2048":["http:\/\/tvalaire.com\/wp-content\/uploads\/2017\/08\/BENEFICIA-DIF-LA-PIEDAD-A-M\u00c1S-DE-220-PERSONAS-CON-OPERACIONES-DE-CATARATAS.jpg",1024,768,false],"newsium-slider-full":["http:\/\/tvalaire.com\/wp-content\/uploads\/2017\/08\/BENEFICIA-DIF-LA-PIEDAD-A-M\u00c1S-DE-220-PERSONAS-CON-OPERACIONES-DE-CATARATAS.jpg",1024,768,false],"newsium-featured":["http:\/\/tvalaire.com\/wp-content\/uploads\/2017\/08\/BENEFICIA-DIF-LA-PIEDAD-A-M\u00c1S-DE-220-PERSONAS-CON-OPERACIONES-DE-CATARATAS.jpg",1024,768,false],"newsium-medium":["http:\/\/tvalaire.com\/wp-content\/uploads\/2017\/08\/BENEFICIA-DIF-LA-PIEDAD-A-M\u00c1S-DE-220-PERSONAS-CON-OPERACIONES-DE-CATARATAS.jpg",633,475,false]},"author_info":{"info":["tvalairenoti"]},"category_info":"<a href=\"http:\/\/tvalaire.com\/?cat=1\" rel=\"category\">La Piedad<\/a>","tag_info":"La Piedad","comment_count":"0","jetpack_featured_media_url":"http:\/\/tvalaire.com\/wp-content\/uploads\/2017\/08\/BENEFICIA-DIF-LA-PIEDAD-A-M\u00c1S-DE-220-PERSONAS-CON-OPERACIONES-DE-CATARATAS.jpg","_links":{"self":[{"href":"http:\/\/tvalaire.com\/index.php?rest_route=\/wp\/v2\/posts\/2451"}],"collection":[{"href":"http:\/\/tvalaire.com\/index.php?rest_route=\/wp\/v2\/posts"}],"about":[{"href":"http:\/\/tvalaire.com\/index.php?rest_route=\/wp\/v2\/types\/post"}],"author":[{"embeddable":true,"href":"http:\/\/tvalaire.com\/index.php?rest_route=\/wp\/v2\/users\/1"}],"replies":[{"embeddable":true,"href":"http:\/\/tvalaire.com\/index.php?rest_route=%2Fwp%2Fv2%2Fcomments&post=2451"}],"version-history":[{"count":2,"href":"http:\/\/tvalaire.com\/index.php?rest_route=\/wp\/v2\/posts\/2451\/revisions"}],"predecessor-version":[{"id":2563,"href":"http:\/\/tvalaire.com\/index.php?rest_route=\/wp\/v2\/posts\/2451\/revisions\/2563"}],"wp:featuredmedia":[{"embeddable":true,"href":"http:\/\/tvalaire.com\/index.php?rest_route=\/wp\/v2\/media\/2452"}],"wp:attachment":[{"href":"http:\/\/tvalaire.com\/index.php?rest_route=%2Fwp%2Fv2%2Fmedia&parent=2451"}],"wp:term":[{"taxonomy":"category","embeddable":true,"href":"http:\/\/tvalaire.com\/index.php?rest_route=%2Fwp%2Fv2%2Fcategories&post=2451"},{"taxonomy":"post_tag","embeddable":true,"href":"http:\/\/tvalaire.com\/index.php?rest_route=%2Fwp%2Fv2%2Ftags&post=2451"}],"curies":[{"name":"wp","href":"https:\/\/api.w.org\/{rel}","templated":true}]}}