{"id":2448,"date":"2017-08-18T09:46:08","date_gmt":"2017-08-18T14:46:08","guid":{"rendered":"http:\/\/tvalaire.com\/?p=2448"},"modified":"2017-08-18T09:46:08","modified_gmt":"2017-08-18T14:46:08","slug":"reconocera-ayuntamiento-trayectoria-de-35-maestros-que-seran-jubilados","status":"publish","type":"post","link":"http:\/\/tvalaire.com\/?p=2448","title":{"rendered":"RECONOCER\u00c1 AYUNTAMIENTO TRAYECTORIA DE 35 MAESTROS QUE SER\u00c1N JUBILADOS"},"content":{"rendered":"<p>&nbsp;<\/p>\n<p>Por primera vez, el Gobierno Municipal de La Piedad reconocer\u00e1 la trayectoria de 35 maestros de todos los niveles educativos que van a ser jubilados por m\u00e1s de 30 a\u00f1os de servicio a favor de la educaci\u00f3n.<\/p>\n<p>&nbsp;<\/p>\n<p>La entrega de los reconocimientos se llevar\u00e1 a cabo este pr\u00f3ximo s\u00e1bado 19 de agosto e iniciar\u00e1 con una celebraci\u00f3n eucar\u00edstica que se realizar\u00e1 al medio d\u00eda en agradecimiento por toda una vida dedicada a la educaci\u00f3n de la ni\u00f1ez y la juventud.<\/p>\n<p>&nbsp;<\/p>\n<p>Posteriormente se realizar\u00e1 el acto protocolario que ser\u00e1 a las 14:00 horas en la Universidad del Valle de Atemajac (UNIVA), en donde autoridades municipales otorgar\u00e1n las distinciones a los reci\u00e9n jubilados.<\/p>\n<p>&nbsp;<\/p>\n<p>Al t\u00e9rmino del evento, se desarrollar\u00e1 un acto en donde se proceder\u00e1 a quemar de manera simb\u00f3lica los t\u00edtulos profesionales de los docentes jubilados, en se\u00f1al del t\u00e9rmino de un periodo que dur\u00f3 m\u00e1s de 30 a\u00f1os durante los cuales dedicaron su vida a la ense\u00f1anza de la ni\u00f1ez y la juventud piedadense y marcar\u00e1 el inicio de un nuevo periodo en el que ahora brindar\u00e1n su experiencia para apoyar en las labores a favor de la comunidad.<\/p>\n<p>&nbsp;<\/p>\n","protected":false},"excerpt":{"rendered":"<p>&nbsp; Por primera vez, el Gobierno Municipal de La Piedad reconocer\u00e1 la trayectoria de 35&#8230;<\/p>\n","protected":false},"author":1,"featured_media":2449,"comment_status":"open","ping_status":"open","sticky":false,"template":"","format":"standard","meta":{"jetpack_post_was_ever_published":false,"_jetpack_newsletter_access":"","_jetpack_dont_email_post_to_subs":false,"_jetpack_newsletter_tier_id":0,"_jetpack_memberships_contains_paywalled_content":false,"_jetpack_memberships_contains_paid_content":false,"footnotes":"","jetpack_publicize_message":"","jetpack_publicize_feature_enabled":true,"jetpack_social_post_already_shared":false,"jetpack_social_options":{"image_generator_settings":{"template":"highway","enabled":false},"version":2}},"categories":[1],"tags":[15,36],"class_list":["post-2448","post","type-post","status-publish","format-standard","has-post-thumbnail","hentry","category-la-piedad","tag-la-piedad","tag-principales"],"jetpack_publicize_connections":[],"jetpack_sharing_enabled":true,"featured_image_urls":{"full":["http:\/\/tvalaire.com\/wp-content\/uploads\/2017\/08\/RECONOCER\u00c1-AYUNTAMIENTO-TRAYECTORIA-DE-35-MAESTROS-QUE-SER\u00c1N-JUBILADOS.jpg",1100,733,false],"thumbnail":["http:\/\/tvalaire.com\/wp-content\/uploads\/2017\/08\/RECONOCER\u00c1-AYUNTAMIENTO-TRAYECTORIA-DE-35-MAESTROS-QUE-SER\u00c1N-JUBILADOS-150x150.jpg",150,150,true],"medium":["http:\/\/tvalaire.com\/wp-content\/uploads\/2017\/08\/RECONOCER\u00c1-AYUNTAMIENTO-TRAYECTORIA-DE-35-MAESTROS-QUE-SER\u00c1N-JUBILADOS-300x200.jpg",300,200,true],"medium_large":["http:\/\/tvalaire.com\/wp-content\/uploads\/2017\/08\/RECONOCER\u00c1-AYUNTAMIENTO-TRAYECTORIA-DE-35-MAESTROS-QUE-SER\u00c1N-JUBILADOS-768x512.jpg",640,427,true],"large":["http:\/\/tvalaire.com\/wp-content\/uploads\/2017\/08\/RECONOCER\u00c1-AYUNTAMIENTO-TRAYECTORIA-DE-35-MAESTROS-QUE-SER\u00c1N-JUBILADOS-1024x682.jpg",640,426,true],"post-slider-thumb-size":["http:\/\/tvalaire.com\/wp-content\/uploads\/2017\/08\/RECONOCER\u00c1-AYUNTAMIENTO-TRAYECTORIA-DE-35-MAESTROS-QUE-SER\u00c1N-JUBILADOS.jpg",285,190,false],"post-category-slider-size":["http:\/\/tvalaire.com\/wp-content\/uploads\/2017\/08\/RECONOCER\u00c1-AYUNTAMIENTO-TRAYECTORIA-DE-35-MAESTROS-QUE-SER\u00c1N-JUBILADOS.jpg",330,220,false],"1536x1536":["http:\/\/tvalaire.com\/wp-content\/uploads\/2017\/08\/RECONOCER\u00c1-AYUNTAMIENTO-TRAYECTORIA-DE-35-MAESTROS-QUE-SER\u00c1N-JUBILADOS.jpg",1100,733,false],"2048x2048":["http:\/\/tvalaire.com\/wp-content\/uploads\/2017\/08\/RECONOCER\u00c1-AYUNTAMIENTO-TRAYECTORIA-DE-35-MAESTROS-QUE-SER\u00c1N-JUBILADOS.jpg",1100,733,false],"newsium-slider-full":["http:\/\/tvalaire.com\/wp-content\/uploads\/2017\/08\/RECONOCER\u00c1-AYUNTAMIENTO-TRAYECTORIA-DE-35-MAESTROS-QUE-SER\u00c1N-JUBILADOS.jpg",1100,733,false],"newsium-featured":["http:\/\/tvalaire.com\/wp-content\/uploads\/2017\/08\/RECONOCER\u00c1-AYUNTAMIENTO-TRAYECTORIA-DE-35-MAESTROS-QUE-SER\u00c1N-JUBILADOS.jpg",1024,682,false],"newsium-medium":["http:\/\/tvalaire.com\/wp-content\/uploads\/2017\/08\/RECONOCER\u00c1-AYUNTAMIENTO-TRAYECTORIA-DE-35-MAESTROS-QUE-SER\u00c1N-JUBILADOS.jpg",713,475,false]},"author_info":{"info":["tvalairenoti"]},"category_info":"<a href=\"http:\/\/tvalaire.com\/?cat=1\" rel=\"category\">La Piedad<\/a>","tag_info":"La Piedad","comment_count":"0","jetpack_featured_media_url":"http:\/\/tvalaire.com\/wp-content\/uploads\/2017\/08\/RECONOCER\u00c1-AYUNTAMIENTO-TRAYECTORIA-DE-35-MAESTROS-QUE-SER\u00c1N-JUBILADOS.jpg","_links":{"self":[{"href":"http:\/\/tvalaire.com\/index.php?rest_route=\/wp\/v2\/posts\/2448"}],"collection":[{"href":"http:\/\/tvalaire.com\/index.php?rest_route=\/wp\/v2\/posts"}],"about":[{"href":"http:\/\/tvalaire.com\/index.php?rest_route=\/wp\/v2\/types\/post"}],"author":[{"embeddable":true,"href":"http:\/\/tvalaire.com\/index.php?rest_route=\/wp\/v2\/users\/1"}],"replies":[{"embeddable":true,"href":"http:\/\/tvalaire.com\/index.php?rest_route=%2Fwp%2Fv2%2Fcomments&post=2448"}],"version-history":[{"count":1,"href":"http:\/\/tvalaire.com\/index.php?rest_route=\/wp\/v2\/posts\/2448\/revisions"}],"predecessor-version":[{"id":2450,"href":"http:\/\/tvalaire.com\/index.php?rest_route=\/wp\/v2\/posts\/2448\/revisions\/2450"}],"wp:featuredmedia":[{"embeddable":true,"href":"http:\/\/tvalaire.com\/index.php?rest_route=\/wp\/v2\/media\/2449"}],"wp:attachment":[{"href":"http:\/\/tvalaire.com\/index.php?rest_route=%2Fwp%2Fv2%2Fmedia&parent=2448"}],"wp:term":[{"taxonomy":"category","embeddable":true,"href":"http:\/\/tvalaire.com\/index.php?rest_route=%2Fwp%2Fv2%2Fcategories&post=2448"},{"taxonomy":"post_tag","embeddable":true,"href":"http:\/\/tvalaire.com\/index.php?rest_route=%2Fwp%2Fv2%2Ftags&post=2448"}],"curies":[{"name":"wp","href":"https:\/\/api.w.org\/{rel}","templated":true}]}}