{"id":2428,"date":"2017-08-17T10:01:48","date_gmt":"2017-08-17T15:01:48","guid":{"rendered":"http:\/\/tvalaire.com\/?p=2428"},"modified":"2017-08-17T10:01:48","modified_gmt":"2017-08-17T15:01:48","slug":"se-trabaja-en-la-rehabilitacion-de-espacios-deportivos","status":"publish","type":"post","link":"http:\/\/tvalaire.com\/?p=2428","title":{"rendered":"SE TRABAJA EN LA REHABILITACI\u00d3N DE ESPACIOS DEPORTIVOS"},"content":{"rendered":"<p class=\"xmsonormal\" style=\"text-align: justify; background: white; font-variant-ligatures: normal; font-variant-caps: normal; orphans: 2; widows: 2; -webkit-text-stroke-width: 0px; text-decoration-style: initial; text-decoration-color: initial; word-spacing: 0px;\"><span style=\"font-family: 'Arial','sans-serif'; color: #212121;\">Con el objetivo de mantener en \u00f3ptimas condiciones los espacios deportivos de este municipio y en atenci\u00f3n a lo encomendado por el Alcalde Juan Manuel Estrada Medina, de promover el deporte y la activaci\u00f3n f\u00edsica entre la sociedad, se ha comenzado a rehabilitar la cancha de f\u00fatbol de la unidad \u201cHumberto Romero P\u00e9rez\u201d.<\/span><\/p>\n<p class=\"xmsonormal\" style=\"text-align: justify; background: white; font-variant-ligatures: normal; font-variant-caps: normal; orphans: 2; widows: 2; -webkit-text-stroke-width: 0px; text-decoration-style: initial; text-decoration-color: initial; word-spacing: 0px;\"><span style=\"font-family: 'Arial','sans-serif'; color: #212121;\">Las mejoras obedecen a que debido al uso constante que hacen los deportistas de dicho espacio, algunas zonas de la cancha ya no ten\u00edan pasto por lo que se emprendieron las acciones necesarias por parte de la Direcci\u00f3n de Deportes para resarcir los da\u00f1os.<\/span><\/p>\n<p class=\"xmsonormal\" style=\"text-align: justify; background: white; font-variant-ligatures: normal; font-variant-caps: normal; orphans: 2; widows: 2; -webkit-text-stroke-width: 0px; text-decoration-style: initial; text-decoration-color: initial; word-spacing: 0px;\"><span style=\"font-family: 'Arial','sans-serif'; color: #212121;\">Dichas acciones se iniciaron este martes por parte del personal del Gobierno Municipal encargado de dar mantenimiento a las unidades deportivas, en el lugar a mejorar se realiz\u00f3 la limpieza del terreno y el aplanado necesario para poder colocar el pasto nuevo.<\/span><\/p>\n<p class=\"xmsonormal\" style=\"text-align: justify; background: white; font-variant-ligatures: normal; font-variant-caps: normal; orphans: 2; widows: 2; -webkit-text-stroke-width: 0px; text-decoration-style: initial; text-decoration-color: initial; word-spacing: 0px;\"><span style=\"font-family: 'Arial','sans-serif'; color: #212121;\">Se espera que estas acciones est\u00e9n finalizadas en tres semanas aproximadamente debido que el pasto necesita un tiempo espec\u00edfico para poder adaptarse al nuevo suelo.<\/span><\/p>\n<p class=\"xmsonormal\" style=\"text-align: justify; background: white; font-variant-ligatures: normal; font-variant-caps: normal; orphans: 2; widows: 2; -webkit-text-stroke-width: 0px; text-decoration-style: initial; text-decoration-color: initial; word-spacing: 0px;\"><span style=\"font-family: 'Arial','sans-serif'; color: #212121;\">De igual manera se invita a la poblaci\u00f3n en general que suele acudir a esta unidad a realizar su activaci\u00f3n f\u00edsica para que colabore y respete el \u00e1rea que se est\u00e1 mejorando, as\u00ed mismo que sigan las indicaciones de los encargados de esta zona para que se pueda tener un resultado \u00f3ptimo para su propio beneficio y posteriormente puedan disfrutar de dicho espacio.\u00a0<\/span><\/p>\n","protected":false},"excerpt":{"rendered":"<p>Con el objetivo de mantener en \u00f3ptimas condiciones los espacios deportivos de este municipio y&#8230;<\/p>\n","protected":false},"author":1,"featured_media":2425,"comment_status":"open","ping_status":"open","sticky":false,"template":"","format":"standard","meta":{"jetpack_post_was_ever_published":false,"_jetpack_newsletter_access":"","_jetpack_dont_email_post_to_subs":false,"_jetpack_newsletter_tier_id":0,"_jetpack_memberships_contains_paywalled_content":false,"_jetpack_memberships_contains_paid_content":false,"footnotes":"","jetpack_publicize_message":"","jetpack_publicize_feature_enabled":true,"jetpack_social_post_already_shared":false,"jetpack_social_options":{"image_generator_settings":{"template":"highway","enabled":false},"version":2}},"categories":[1],"tags":[15,36],"class_list":["post-2428","post","type-post","status-publish","format-standard","has-post-thumbnail","hentry","category-la-piedad","tag-la-piedad","tag-principales"],"jetpack_publicize_connections":[],"jetpack_sharing_enabled":true,"featured_image_urls":{"full":["http:\/\/tvalaire.com\/wp-content\/uploads\/2017\/08\/SE-TRABAJA-EN-LA-REHABILITACI\u00d3N-DE-ESPACIOS-DEPORTIVOS.jpg",1024,684,false],"thumbnail":["http:\/\/tvalaire.com\/wp-content\/uploads\/2017\/08\/SE-TRABAJA-EN-LA-REHABILITACI\u00d3N-DE-ESPACIOS-DEPORTIVOS-150x150.jpg",150,150,true],"medium":["http:\/\/tvalaire.com\/wp-content\/uploads\/2017\/08\/SE-TRABAJA-EN-LA-REHABILITACI\u00d3N-DE-ESPACIOS-DEPORTIVOS-300x200.jpg",300,200,true],"medium_large":["http:\/\/tvalaire.com\/wp-content\/uploads\/2017\/08\/SE-TRABAJA-EN-LA-REHABILITACI\u00d3N-DE-ESPACIOS-DEPORTIVOS-768x513.jpg",640,428,true],"large":["http:\/\/tvalaire.com\/wp-content\/uploads\/2017\/08\/SE-TRABAJA-EN-LA-REHABILITACI\u00d3N-DE-ESPACIOS-DEPORTIVOS-1024x684.jpg",640,428,true],"post-slider-thumb-size":["http:\/\/tvalaire.com\/wp-content\/uploads\/2017\/08\/SE-TRABAJA-EN-LA-REHABILITACI\u00d3N-DE-ESPACIOS-DEPORTIVOS.jpg",284,190,false],"post-category-slider-size":["http:\/\/tvalaire.com\/wp-content\/uploads\/2017\/08\/SE-TRABAJA-EN-LA-REHABILITACI\u00d3N-DE-ESPACIOS-DEPORTIVOS.jpg",330,220,false],"1536x1536":["http:\/\/tvalaire.com\/wp-content\/uploads\/2017\/08\/SE-TRABAJA-EN-LA-REHABILITACI\u00d3N-DE-ESPACIOS-DEPORTIVOS.jpg",1024,684,false],"2048x2048":["http:\/\/tvalaire.com\/wp-content\/uploads\/2017\/08\/SE-TRABAJA-EN-LA-REHABILITACI\u00d3N-DE-ESPACIOS-DEPORTIVOS.jpg",1024,684,false],"newsium-slider-full":["http:\/\/tvalaire.com\/wp-content\/uploads\/2017\/08\/SE-TRABAJA-EN-LA-REHABILITACI\u00d3N-DE-ESPACIOS-DEPORTIVOS.jpg",1024,684,false],"newsium-featured":["http:\/\/tvalaire.com\/wp-content\/uploads\/2017\/08\/SE-TRABAJA-EN-LA-REHABILITACI\u00d3N-DE-ESPACIOS-DEPORTIVOS.jpg",1024,684,false],"newsium-medium":["http:\/\/tvalaire.com\/wp-content\/uploads\/2017\/08\/SE-TRABAJA-EN-LA-REHABILITACI\u00d3N-DE-ESPACIOS-DEPORTIVOS.jpg",711,475,false]},"author_info":{"info":["tvalairenoti"]},"category_info":"<a href=\"http:\/\/tvalaire.com\/?cat=1\" rel=\"category\">La Piedad<\/a>","tag_info":"La Piedad","comment_count":"0","jetpack_featured_media_url":"http:\/\/tvalaire.com\/wp-content\/uploads\/2017\/08\/SE-TRABAJA-EN-LA-REHABILITACI\u00d3N-DE-ESPACIOS-DEPORTIVOS.jpg","_links":{"self":[{"href":"http:\/\/tvalaire.com\/index.php?rest_route=\/wp\/v2\/posts\/2428"}],"collection":[{"href":"http:\/\/tvalaire.com\/index.php?rest_route=\/wp\/v2\/posts"}],"about":[{"href":"http:\/\/tvalaire.com\/index.php?rest_route=\/wp\/v2\/types\/post"}],"author":[{"embeddable":true,"href":"http:\/\/tvalaire.com\/index.php?rest_route=\/wp\/v2\/users\/1"}],"replies":[{"embeddable":true,"href":"http:\/\/tvalaire.com\/index.php?rest_route=%2Fwp%2Fv2%2Fcomments&post=2428"}],"version-history":[{"count":1,"href":"http:\/\/tvalaire.com\/index.php?rest_route=\/wp\/v2\/posts\/2428\/revisions"}],"predecessor-version":[{"id":2429,"href":"http:\/\/tvalaire.com\/index.php?rest_route=\/wp\/v2\/posts\/2428\/revisions\/2429"}],"wp:featuredmedia":[{"embeddable":true,"href":"http:\/\/tvalaire.com\/index.php?rest_route=\/wp\/v2\/media\/2425"}],"wp:attachment":[{"href":"http:\/\/tvalaire.com\/index.php?rest_route=%2Fwp%2Fv2%2Fmedia&parent=2428"}],"wp:term":[{"taxonomy":"category","embeddable":true,"href":"http:\/\/tvalaire.com\/index.php?rest_route=%2Fwp%2Fv2%2Fcategories&post=2428"},{"taxonomy":"post_tag","embeddable":true,"href":"http:\/\/tvalaire.com\/index.php?rest_route=%2Fwp%2Fv2%2Ftags&post=2428"}],"curies":[{"name":"wp","href":"https:\/\/api.w.org\/{rel}","templated":true}]}}