{"id":2422,"date":"2017-08-17T10:01:07","date_gmt":"2017-08-17T15:01:07","guid":{"rendered":"http:\/\/tvalaire.com\/?p=2422"},"modified":"2017-08-17T10:01:07","modified_gmt":"2017-08-17T15:01:07","slug":"se-puso-en-marcha-una-ruta-dominical-para-la-recoleccion-de-basura","status":"publish","type":"post","link":"http:\/\/tvalaire.com\/?p=2422","title":{"rendered":"SE PUSO EN MARCHA UNA RUTA DOMINICAL PARA LA RECOLECCI\u00d3N DE BASURA"},"content":{"rendered":"<p class=\"xmsonormal\" style=\"text-align: center; background: white; font-variant-ligatures: normal; font-variant-caps: normal; orphans: 2; widows: 2; -webkit-text-stroke-width: 0px; text-decoration-style: initial; text-decoration-color: initial; word-spacing: 0px;\" align=\"center\"><span style=\"font-size: 11.5pt; font-family: 'Arial','sans-serif'; color: #212121;\">\u00a0<\/span><\/p>\n<p class=\"xmsonormal\" style=\"text-align: justify; background: white; font-variant-ligatures: normal; font-variant-caps: normal; orphans: 2; widows: 2; -webkit-text-stroke-width: 0px; text-decoration-style: initial; text-decoration-color: initial; word-spacing: 0px;\"><span style=\"font-size: 11.5pt; font-family: 'Arial','sans-serif'; color: #212121;\">Con el fin de ofrecer un mejor servicio a la poblaci\u00f3n y generar una buena imagen, adem\u00e1s de dar buen uso a la inversi\u00f3n de los nuevos camiones recolectores la direcci\u00f3n de Servicios P\u00fablicos, puso en marcha un servicio especial de recolecci\u00f3n de basura los domingos, los cuales cubren dos rutas; la primera de ellas es Infonavit-FOVISSSTE y la segunda es la del fraccionamiento Pe\u00f1a-Ciudad del Sol.<\/span><\/p>\n<p class=\"xmsonormal\" style=\"text-align: justify; background: white; font-variant-ligatures: normal; font-variant-caps: normal; orphans: 2; widows: 2; -webkit-text-stroke-width: 0px; text-decoration-style: initial; text-decoration-color: initial; word-spacing: 0px;\"><span style=\"font-size: 11.5pt; font-family: 'Arial','sans-serif'; color: #212121;\">\u00a0La implementaci\u00f3n de este servicio especial se dio a ra\u00edz de que se realizara un an\u00e1lisis en todas las rutas, y que cada vez el servicio sea m\u00e1s eficiente dando mejorar atenci\u00f3n en los diferentes puntos de la ciudad, los cuales son los de mayor concentraci\u00f3n de desechos.<\/span><\/p>\n<p class=\"xmsonormal\" style=\"text-align: justify; background: white; font-variant-ligatures: normal; font-variant-caps: normal; orphans: 2; widows: 2; -webkit-text-stroke-width: 0px; text-decoration-style: initial; text-decoration-color: initial; word-spacing: 0px;\"><span style=\"font-size: 11.5pt; font-family: 'Arial','sans-serif'; color: #212121;\">\u00a0La puesta en marcha de estas dos nuevas rutas se realiza como ya se mencion\u00f3 con el apoyo de las unidades nuevas reci\u00e9n adquiridas por la Administraci\u00f3n Municipal, quien dentro de las primeras instrucciones se pidi\u00f3 optimizar y mejorar el servicio de recolecci\u00f3n.<\/span><\/p>\n<p class=\"xmsonormal\" style=\"text-align: justify; background: white; font-variant-ligatures: normal; font-variant-caps: normal; orphans: 2; widows: 2; -webkit-text-stroke-width: 0px; text-decoration-style: initial; text-decoration-color: initial; word-spacing: 0px;\"><span style=\"font-size: 11.5pt; font-family: 'Arial','sans-serif'; color: #212121;\">\u00a0Gracias a la facilidad que ello ha provocado se pudo proporcionar este servicio especial y ahora sigue en an\u00e1lisis la puesta en marcha del servicio nocturno, que fue otro de las premisas dadas por el Alcalde al personal de Servicios P\u00fablicos.<\/span><\/p>\n<p class=\"xmsonormal\" style=\"text-align: justify; background: white; font-variant-ligatures: normal; font-variant-caps: normal; orphans: 2; widows: 2; -webkit-text-stroke-width: 0px; text-decoration-style: initial; text-decoration-color: initial; word-spacing: 0px;\"><span style=\"font-size: 11.5pt; font-family: 'Arial','sans-serif'; color: #212121;\">\u00a0En esta dependencia adem\u00e1s de poner en marcha estas rutas dominicales, tambi\u00e9n se llev\u00f3 a cabo la reubicaci\u00f3n de 70 contenedores que se encontraban en zonas conflictivas en lugares estrat\u00e9gicos para beneficio de los habitantes de diversos puntos de la ciudad.<\/span><\/p>\n<p class=\"xmsonormal\" style=\"text-align: justify; background: white; font-variant-ligatures: normal; font-variant-caps: normal; orphans: 2; widows: 2; -webkit-text-stroke-width: 0px; text-decoration-style: initial; text-decoration-color: initial; word-spacing: 0px;\"><span style=\"font-size: 11.5pt; font-family: 'Arial','sans-serif'; color: #212121;\">\u00a0Con el af\u00e1n de brindar un mejor servicio de limpia en la ciudad, tambi\u00e9n se solicita a la poblaci\u00f3n en general su colaboraci\u00f3n con el buen uso de los contenedores as\u00ed como no tirar basura en la calle, recordando que La Piedad Limpia depende de Todos, Hagamos Nuestra Parte.<\/span><\/p>\n","protected":false},"excerpt":{"rendered":"<p>\u00a0 Con el fin de ofrecer un mejor servicio a la poblaci\u00f3n y generar una&#8230;<\/p>\n","protected":false},"author":1,"featured_media":2424,"comment_status":"open","ping_status":"open","sticky":false,"template":"","format":"standard","meta":{"jetpack_post_was_ever_published":false,"_jetpack_newsletter_access":"","_jetpack_dont_email_post_to_subs":false,"_jetpack_newsletter_tier_id":0,"_jetpack_memberships_contains_paywalled_content":false,"_jetpack_memberships_contains_paid_content":false,"footnotes":"","jetpack_publicize_message":"","jetpack_publicize_feature_enabled":true,"jetpack_social_post_already_shared":false,"jetpack_social_options":{"image_generator_settings":{"template":"highway","enabled":false},"version":2}},"categories":[1],"tags":[15,36],"class_list":["post-2422","post","type-post","status-publish","format-standard","has-post-thumbnail","hentry","category-la-piedad","tag-la-piedad","tag-principales"],"jetpack_publicize_connections":[],"jetpack_sharing_enabled":true,"featured_image_urls":{"full":["http:\/\/tvalaire.com\/wp-content\/uploads\/2017\/08\/SE-PUSO-EN-MARCHA-UNA-RUTA-DOMINICAL-PARA-LA-RECOLECCI\u00d3N-DE-BASURA.jpg",1024,768,false],"thumbnail":["http:\/\/tvalaire.com\/wp-content\/uploads\/2017\/08\/SE-PUSO-EN-MARCHA-UNA-RUTA-DOMINICAL-PARA-LA-RECOLECCI\u00d3N-DE-BASURA-150x150.jpg",150,150,true],"medium":["http:\/\/tvalaire.com\/wp-content\/uploads\/2017\/08\/SE-PUSO-EN-MARCHA-UNA-RUTA-DOMINICAL-PARA-LA-RECOLECCI\u00d3N-DE-BASURA-300x225.jpg",300,225,true],"medium_large":["http:\/\/tvalaire.com\/wp-content\/uploads\/2017\/08\/SE-PUSO-EN-MARCHA-UNA-RUTA-DOMINICAL-PARA-LA-RECOLECCI\u00d3N-DE-BASURA-768x576.jpg",640,480,true],"large":["http:\/\/tvalaire.com\/wp-content\/uploads\/2017\/08\/SE-PUSO-EN-MARCHA-UNA-RUTA-DOMINICAL-PARA-LA-RECOLECCI\u00d3N-DE-BASURA-1024x768.jpg",640,480,true],"post-slider-thumb-size":["http:\/\/tvalaire.com\/wp-content\/uploads\/2017\/08\/SE-PUSO-EN-MARCHA-UNA-RUTA-DOMINICAL-PARA-LA-RECOLECCI\u00d3N-DE-BASURA.jpg",253,190,false],"post-category-slider-size":["http:\/\/tvalaire.com\/wp-content\/uploads\/2017\/08\/SE-PUSO-EN-MARCHA-UNA-RUTA-DOMINICAL-PARA-LA-RECOLECCI\u00d3N-DE-BASURA.jpg",330,248,false],"1536x1536":["http:\/\/tvalaire.com\/wp-content\/uploads\/2017\/08\/SE-PUSO-EN-MARCHA-UNA-RUTA-DOMINICAL-PARA-LA-RECOLECCI\u00d3N-DE-BASURA.jpg",1024,768,false],"2048x2048":["http:\/\/tvalaire.com\/wp-content\/uploads\/2017\/08\/SE-PUSO-EN-MARCHA-UNA-RUTA-DOMINICAL-PARA-LA-RECOLECCI\u00d3N-DE-BASURA.jpg",1024,768,false],"newsium-slider-full":["http:\/\/tvalaire.com\/wp-content\/uploads\/2017\/08\/SE-PUSO-EN-MARCHA-UNA-RUTA-DOMINICAL-PARA-LA-RECOLECCI\u00d3N-DE-BASURA.jpg",1024,768,false],"newsium-featured":["http:\/\/tvalaire.com\/wp-content\/uploads\/2017\/08\/SE-PUSO-EN-MARCHA-UNA-RUTA-DOMINICAL-PARA-LA-RECOLECCI\u00d3N-DE-BASURA.jpg",1024,768,false],"newsium-medium":["http:\/\/tvalaire.com\/wp-content\/uploads\/2017\/08\/SE-PUSO-EN-MARCHA-UNA-RUTA-DOMINICAL-PARA-LA-RECOLECCI\u00d3N-DE-BASURA.jpg",633,475,false]},"author_info":{"info":["tvalairenoti"]},"category_info":"<a href=\"http:\/\/tvalaire.com\/?cat=1\" rel=\"category\">La Piedad<\/a>","tag_info":"La Piedad","comment_count":"0","jetpack_featured_media_url":"http:\/\/tvalaire.com\/wp-content\/uploads\/2017\/08\/SE-PUSO-EN-MARCHA-UNA-RUTA-DOMINICAL-PARA-LA-RECOLECCI\u00d3N-DE-BASURA.jpg","_links":{"self":[{"href":"http:\/\/tvalaire.com\/index.php?rest_route=\/wp\/v2\/posts\/2422"}],"collection":[{"href":"http:\/\/tvalaire.com\/index.php?rest_route=\/wp\/v2\/posts"}],"about":[{"href":"http:\/\/tvalaire.com\/index.php?rest_route=\/wp\/v2\/types\/post"}],"author":[{"embeddable":true,"href":"http:\/\/tvalaire.com\/index.php?rest_route=\/wp\/v2\/users\/1"}],"replies":[{"embeddable":true,"href":"http:\/\/tvalaire.com\/index.php?rest_route=%2Fwp%2Fv2%2Fcomments&post=2422"}],"version-history":[{"count":1,"href":"http:\/\/tvalaire.com\/index.php?rest_route=\/wp\/v2\/posts\/2422\/revisions"}],"predecessor-version":[{"id":2427,"href":"http:\/\/tvalaire.com\/index.php?rest_route=\/wp\/v2\/posts\/2422\/revisions\/2427"}],"wp:featuredmedia":[{"embeddable":true,"href":"http:\/\/tvalaire.com\/index.php?rest_route=\/wp\/v2\/media\/2424"}],"wp:attachment":[{"href":"http:\/\/tvalaire.com\/index.php?rest_route=%2Fwp%2Fv2%2Fmedia&parent=2422"}],"wp:term":[{"taxonomy":"category","embeddable":true,"href":"http:\/\/tvalaire.com\/index.php?rest_route=%2Fwp%2Fv2%2Fcategories&post=2422"},{"taxonomy":"post_tag","embeddable":true,"href":"http:\/\/tvalaire.com\/index.php?rest_route=%2Fwp%2Fv2%2Ftags&post=2422"}],"curies":[{"name":"wp","href":"https:\/\/api.w.org\/{rel}","templated":true}]}}