{"id":2410,"date":"2017-08-15T10:26:12","date_gmt":"2017-08-15T15:26:12","guid":{"rendered":"http:\/\/tvalaire.com\/?p=2410"},"modified":"2017-08-15T10:26:12","modified_gmt":"2017-08-15T15:26:12","slug":"se-brinda-asesoria-psicologica-gratuita-en-centros-comunitarios-de-la-ciudad","status":"publish","type":"post","link":"http:\/\/tvalaire.com\/?p=2410","title":{"rendered":"SE BRINDA ASESOR\u00cdA PSICOL\u00d3GICA GRATUITA EN CENTROS COMUNITARIOS DE LA CIUDAD"},"content":{"rendered":"<p>En busca de continuar regenerando el tejido social en el municipio se han logrado ampliar los espacios de ayuda a la poblaci\u00f3n en materia de salud, enfocado a las colonias m\u00e1s necesitadas del municipio.<\/p>\n<p>Por esto, se brindan terapias psicol\u00f3gicas en los Centros Comunitarios del municipio de manera completamente gratuita por parte de la Psic\u00f3loga Jennifer Salda\u00f1a Luna, qui\u00e9n estar\u00e1 apoyando a ni\u00f1os, j\u00f3venes y adultos una vez a la semana en cada uno de estos espacios.<\/p>\n<p>Para quienes tengan la intenci\u00f3n de obtener el servicio que se ha puesto en marcha, los horarios que se han establecido en los diferentes Centros Comunitarios son: Los lunes de 4 a 8 de la noche en la Vasco de Quiroga; martes en el mismo horario en el espacio del Fraccionamiento Delta; mi\u00e9rcoles de 3 a 7 en la colonia M\u00e9xico; los d\u00edas jueves de 4 a 8 en el lugar ubicado en la Santa Fe; y el viernes de 3 a 7 la atenci\u00f3n se ofrece en la colonia Laureles.<\/p>\n<p>Con esto se busca atender a m\u00e1s de 50 piedadenses semanalmente y para agendar una cita solo es necesario acercarse al Centro Comunitario m\u00e1s cercano en los horarios y d\u00edas ya mencionados para hacer uso de este servicio.<\/p>\n<p>&nbsp;<\/p>\n","protected":false},"excerpt":{"rendered":"<p>En busca de continuar regenerando el tejido social en el municipio se han logrado ampliar&#8230;<\/p>\n","protected":false},"author":1,"featured_media":2411,"comment_status":"open","ping_status":"open","sticky":false,"template":"","format":"standard","meta":{"jetpack_post_was_ever_published":false,"_jetpack_newsletter_access":"","_jetpack_dont_email_post_to_subs":false,"_jetpack_newsletter_tier_id":0,"_jetpack_memberships_contains_paywalled_content":false,"_jetpack_memberships_contains_paid_content":false,"footnotes":"","jetpack_publicize_message":"","jetpack_publicize_feature_enabled":true,"jetpack_social_post_already_shared":false,"jetpack_social_options":{"image_generator_settings":{"template":"highway","enabled":false},"version":2}},"categories":[1],"tags":[15,36],"class_list":["post-2410","post","type-post","status-publish","format-standard","has-post-thumbnail","hentry","category-la-piedad","tag-la-piedad","tag-principales"],"jetpack_publicize_connections":[],"jetpack_sharing_enabled":true,"featured_image_urls":{"full":["http:\/\/tvalaire.com\/wp-content\/uploads\/2017\/08\/SE-BRINDA-ASESOR\u00cdA-PSICOL\u00d3GICA-GRATUITA-EN-CENTROS-COMUNITARIOS-DE-LA-CIUDAD2.jpg",1920,1080,false],"thumbnail":["http:\/\/tvalaire.com\/wp-content\/uploads\/2017\/08\/SE-BRINDA-ASESOR\u00cdA-PSICOL\u00d3GICA-GRATUITA-EN-CENTROS-COMUNITARIOS-DE-LA-CIUDAD2-150x150.jpg",150,150,true],"medium":["http:\/\/tvalaire.com\/wp-content\/uploads\/2017\/08\/SE-BRINDA-ASESOR\u00cdA-PSICOL\u00d3GICA-GRATUITA-EN-CENTROS-COMUNITARIOS-DE-LA-CIUDAD2-300x169.jpg",300,169,true],"medium_large":["http:\/\/tvalaire.com\/wp-content\/uploads\/2017\/08\/SE-BRINDA-ASESOR\u00cdA-PSICOL\u00d3GICA-GRATUITA-EN-CENTROS-COMUNITARIOS-DE-LA-CIUDAD2-768x432.jpg",640,360,true],"large":["http:\/\/tvalaire.com\/wp-content\/uploads\/2017\/08\/SE-BRINDA-ASESOR\u00cdA-PSICOL\u00d3GICA-GRATUITA-EN-CENTROS-COMUNITARIOS-DE-LA-CIUDAD2-1024x576.jpg",640,360,true],"post-slider-thumb-size":["http:\/\/tvalaire.com\/wp-content\/uploads\/2017\/08\/SE-BRINDA-ASESOR\u00cdA-PSICOL\u00d3GICA-GRATUITA-EN-CENTROS-COMUNITARIOS-DE-LA-CIUDAD2.jpg",330,186,false],"post-category-slider-size":["http:\/\/tvalaire.com\/wp-content\/uploads\/2017\/08\/SE-BRINDA-ASESOR\u00cdA-PSICOL\u00d3GICA-GRATUITA-EN-CENTROS-COMUNITARIOS-DE-LA-CIUDAD2.jpg",330,186,false],"1536x1536":["http:\/\/tvalaire.com\/wp-content\/uploads\/2017\/08\/SE-BRINDA-ASESOR\u00cdA-PSICOL\u00d3GICA-GRATUITA-EN-CENTROS-COMUNITARIOS-DE-LA-CIUDAD2.jpg",1536,864,false],"2048x2048":["http:\/\/tvalaire.com\/wp-content\/uploads\/2017\/08\/SE-BRINDA-ASESOR\u00cdA-PSICOL\u00d3GICA-GRATUITA-EN-CENTROS-COMUNITARIOS-DE-LA-CIUDAD2.jpg",1920,1080,false],"newsium-slider-full":["http:\/\/tvalaire.com\/wp-content\/uploads\/2017\/08\/SE-BRINDA-ASESOR\u00cdA-PSICOL\u00d3GICA-GRATUITA-EN-CENTROS-COMUNITARIOS-DE-LA-CIUDAD2.jpg",1280,720,false],"newsium-featured":["http:\/\/tvalaire.com\/wp-content\/uploads\/2017\/08\/SE-BRINDA-ASESOR\u00cdA-PSICOL\u00d3GICA-GRATUITA-EN-CENTROS-COMUNITARIOS-DE-LA-CIUDAD2.jpg",1024,576,false],"newsium-medium":["http:\/\/tvalaire.com\/wp-content\/uploads\/2017\/08\/SE-BRINDA-ASESOR\u00cdA-PSICOL\u00d3GICA-GRATUITA-EN-CENTROS-COMUNITARIOS-DE-LA-CIUDAD2.jpg",720,405,false]},"author_info":{"info":["tvalairenoti"]},"category_info":"<a href=\"http:\/\/tvalaire.com\/?cat=1\" rel=\"category\">La Piedad<\/a>","tag_info":"La Piedad","comment_count":"0","jetpack_featured_media_url":"http:\/\/tvalaire.com\/wp-content\/uploads\/2017\/08\/SE-BRINDA-ASESOR\u00cdA-PSICOL\u00d3GICA-GRATUITA-EN-CENTROS-COMUNITARIOS-DE-LA-CIUDAD2.jpg","_links":{"self":[{"href":"http:\/\/tvalaire.com\/index.php?rest_route=\/wp\/v2\/posts\/2410"}],"collection":[{"href":"http:\/\/tvalaire.com\/index.php?rest_route=\/wp\/v2\/posts"}],"about":[{"href":"http:\/\/tvalaire.com\/index.php?rest_route=\/wp\/v2\/types\/post"}],"author":[{"embeddable":true,"href":"http:\/\/tvalaire.com\/index.php?rest_route=\/wp\/v2\/users\/1"}],"replies":[{"embeddable":true,"href":"http:\/\/tvalaire.com\/index.php?rest_route=%2Fwp%2Fv2%2Fcomments&post=2410"}],"version-history":[{"count":1,"href":"http:\/\/tvalaire.com\/index.php?rest_route=\/wp\/v2\/posts\/2410\/revisions"}],"predecessor-version":[{"id":2412,"href":"http:\/\/tvalaire.com\/index.php?rest_route=\/wp\/v2\/posts\/2410\/revisions\/2412"}],"wp:featuredmedia":[{"embeddable":true,"href":"http:\/\/tvalaire.com\/index.php?rest_route=\/wp\/v2\/media\/2411"}],"wp:attachment":[{"href":"http:\/\/tvalaire.com\/index.php?rest_route=%2Fwp%2Fv2%2Fmedia&parent=2410"}],"wp:term":[{"taxonomy":"category","embeddable":true,"href":"http:\/\/tvalaire.com\/index.php?rest_route=%2Fwp%2Fv2%2Fcategories&post=2410"},{"taxonomy":"post_tag","embeddable":true,"href":"http:\/\/tvalaire.com\/index.php?rest_route=%2Fwp%2Fv2%2Ftags&post=2410"}],"curies":[{"name":"wp","href":"https:\/\/api.w.org\/{rel}","templated":true}]}}