{"id":2387,"date":"2017-08-10T09:30:19","date_gmt":"2017-08-10T14:30:19","guid":{"rendered":"http:\/\/tvalaire.com\/?p=2387"},"modified":"2017-08-10T09:30:19","modified_gmt":"2017-08-10T14:30:19","slug":"semana-cultural-y-deportiva-por-xxxiii-aniversario-del-sem-la-piedad","status":"publish","type":"post","link":"http:\/\/tvalaire.com\/?p=2387","title":{"rendered":"SEMANA CULTURAL Y DEPORTIVA POR XXXIII ANIVERSARIO DEL SEM LA PIEDAD"},"content":{"rendered":"<p class=\"xmsonormal\" style=\"text-align: justify; background: white; font-variant-ligatures: normal; font-variant-caps: normal; orphans: 2; widows: 2; -webkit-text-stroke-width: 0px; text-decoration-style: initial; text-decoration-color: initial; word-spacing: 0px;\">\n<p class=\"xmsonormal\" style=\"text-align: justify; background: white; font-variant-ligatures: normal; font-variant-caps: normal; orphans: 2; widows: 2; -webkit-text-stroke-width: 0px; text-decoration-style: initial; text-decoration-color: initial; word-spacing: 0px;\"><span style=\"font-size: 11.5pt; font-family: 'Arial','sans-serif'; color: #212121;\">Por primera vez en la historia, el Gobierno local en colaboraci\u00f3n y apoyo con el Sindicato de Empleados Municipales (SEM), lleva a cabo la Primera Semana Cultural y Deportiva para festejar el XXXIII Aniversario de la fundaci\u00f3n del sindicato en La Piedad.<\/span><\/p>\n<p class=\"xmsonormal\" style=\"text-align: justify; background: white; font-variant-ligatures: normal; font-variant-caps: normal; orphans: 2; widows: 2; -webkit-text-stroke-width: 0px; text-decoration-style: initial; text-decoration-color: initial; word-spacing: 0px;\"><span style=\"font-size: 11.5pt; font-family: 'Arial','sans-serif'; color: #212121;\">\u00a0El acto inaugural fue realizado en la Plaza Principal a la cual asisti\u00f3 Daniel V\u00e1zquez Zavala en representaci\u00f3n del Alcalde Juan Manuel Estrada Medina; el S\u00edndico Nicol\u00e1s Hermosillo Garc\u00eda y el dirigente del SEM, Ricardo Garc\u00eda C\u00e1zares, as\u00ed como los integrantes del gremio y representantes de la mesa directiva.<\/span><\/p>\n<p class=\"xmsonormal\" style=\"text-align: justify; background: white; font-variant-ligatures: normal; font-variant-caps: normal; orphans: 2; widows: 2; -webkit-text-stroke-width: 0px; text-decoration-style: initial; text-decoration-color: initial; word-spacing: 0px;\"><span style=\"font-size: 11.5pt; font-family: 'Arial','sans-serif'; color: #212121;\">\u00a0Durante esta semana se tienen establecidos una serie de actividades que iniciaron este\u00a0 martes 8 de agosto D\u00eda del Empleado Municipal, con un festival cultural en el Teatro del Pueblo donde se cont\u00f3 con la presencia del grupo de danza Karhantani y la cantante, Clara Michelle Torres.<\/span><\/p>\n<p class=\"xmsonormal\" style=\"text-align: justify; background: white; font-variant-ligatures: normal; font-variant-caps: normal; orphans: 2; widows: 2; -webkit-text-stroke-width: 0px; text-decoration-style: initial; text-decoration-color: initial; word-spacing: 0px;\"><span style=\"font-size: 11.5pt; font-family: 'Arial','sans-serif'; color: #212121;\">\u00a0Daniel V\u00e1zquez Zavala a nombre del Alcalde, felicit\u00f3 a los trabajadores y coment\u00f3 que si bien todos tienen una experiencia en cada una de sus \u00e1reas, ya sea agradable o exitosa, otros alcaldes no pensaron como Juan Manuel Estrada Medina con quien se ha establecido una estrecha comunicaci\u00f3n, la cual es indispensable para sentar las bases, establecer acuerdos y compromisos que redunden en mejores beneficios.<\/span><\/p>\n<p class=\"xmsonormal\" style=\"text-align: justify; background: white; font-variant-ligatures: normal; font-variant-caps: normal; orphans: 2; widows: 2; -webkit-text-stroke-width: 0px; text-decoration-style: initial; text-decoration-color: initial; word-spacing: 0px;\"><span style=\"font-size: 11.5pt; font-family: 'Arial','sans-serif'; color: #212121;\">\u00a0Resalt\u00f3 que el Ayuntamiento por s\u00ed solo no puede, requiere pues del apoyo, entusiasmo y dedicaci\u00f3n de los trabajadores. En este sentido, reconoci\u00f3 a los iniciadores del sindicato como a Jos\u00e9 Garc\u00eda, por fortalecer las acciones y beneficios que hoy disfrutan los trabajadores.<\/span><\/p>\n<p class=\"xmsonormal\" style=\"text-align: justify; background: white; font-variant-ligatures: normal; font-variant-caps: normal; orphans: 2; widows: 2; -webkit-text-stroke-width: 0px; text-decoration-style: initial; text-decoration-color: initial; word-spacing: 0px;\"><span style=\"font-size: 11.5pt; font-family: 'Arial','sans-serif'; color: #212121;\">\u00a0Ricardo Garc\u00eda dirigente de los empleados municipales dijo que por primera ocasi\u00f3n realizan esta Semana Cultural y Deportiva, luego de 33 a\u00f1os de haberse formado el sindicato en La Piedad, el cual comenz\u00f3 con un promedio de 100 trabajadores de las \u00e1reas de parques, jardines y barrido manual y a la fecha son casi 600 los empleados que est\u00e1n adheridos a \u00e9l.<\/span><\/p>\n<p class=\"xmsonormal\" style=\"text-align: justify; background: white; font-variant-ligatures: normal; font-variant-caps: normal; orphans: 2; widows: 2; -webkit-text-stroke-width: 0px; text-decoration-style: initial; text-decoration-color: initial; word-spacing: 0px;\"><span style=\"font-size: 11.5pt; font-family: 'Arial','sans-serif'; color: #212121;\">\u00a0Agradeci\u00f3 al Alcalde Estrada Medina por los beneficios obtenidos y por ver siempre en beneficio de la clase trabajadora, pues con \u00e9l ya se firmaron las escrituras de los terrenos que previamente les otorg\u00f3 el Municipio y ahora se integran como una gran familia para laborar en beneficio de la poblaci\u00f3n. Despu\u00e9s del acto inaugural de la Semana Cultural y Deportiva, se dio paso a la presentaci\u00f3n del grupo de danza Karhantani, seguido de la cantante Clara Michelle Morales Torres.<\/span><\/p>\n<p class=\"xmsonormal\" style=\"text-align: justify; background: white; font-variant-ligatures: normal; font-variant-caps: normal; orphans: 2; widows: 2; -webkit-text-stroke-width: 0px; text-decoration-style: initial; text-decoration-color: initial; word-spacing: 0px;\"><span style=\"font-size: 11.5pt; font-family: 'Arial','sans-serif'; color: #212121;\">\u00a0De acuerdo al programa establecido, se desarrollar\u00e1 un festival deportivo a partir de las 18:00 horas en el Teatro del Pueblo el jueves 10 en donde se presentar\u00e1n grupos de fitness Olimpia y danza a\u00e9rea Top Gym. El s\u00e1bado 12 de agosto se realizar\u00e1 la carrera, caminata familia que arranca a las 08:30 horas de la fuente Bicentenario para recorrer las calles Hidalgo y bulevar Adolfo L\u00f3pez Mateos hasta el parque L\u00e1zaro C\u00e1rdenas mejor conocido como La Placa y de regreso a la Plaza Principal. Las actividades cerrar\u00e1n las actividades de aniversario el 18 de agosto a las 11:00 horas en la parroquia del Se\u00f1or de La Piedad; el acto c\u00edvico se realizar\u00e1 a las 12:30 en el auditorio de la UNIVA.<\/span><\/p>\n","protected":false},"excerpt":{"rendered":"<p>Por primera vez en la historia, el Gobierno local en colaboraci\u00f3n y apoyo con el&#8230;<\/p>\n","protected":false},"author":1,"featured_media":2385,"comment_status":"open","ping_status":"open","sticky":false,"template":"","format":"standard","meta":{"jetpack_post_was_ever_published":false,"_jetpack_newsletter_access":"","_jetpack_dont_email_post_to_subs":false,"_jetpack_newsletter_tier_id":0,"_jetpack_memberships_contains_paywalled_content":false,"_jetpack_memberships_contains_paid_content":false,"footnotes":"","jetpack_publicize_message":"","jetpack_publicize_feature_enabled":true,"jetpack_social_post_already_shared":false,"jetpack_social_options":{"image_generator_settings":{"template":"highway","enabled":false},"version":2}},"categories":[1],"tags":[15,36],"class_list":["post-2387","post","type-post","status-publish","format-standard","has-post-thumbnail","hentry","category-la-piedad","tag-la-piedad","tag-principales"],"jetpack_publicize_connections":[],"jetpack_sharing_enabled":true,"featured_image_urls":{"full":["http:\/\/tvalaire.com\/wp-content\/uploads\/2017\/08\/SEMANA-CULTURAL-Y-DEPORTIVA-POR-XXXIII-ANIVERSARIO-DEL-SEM-LA-PIEDAD4.jpg",1024,684,false],"thumbnail":["http:\/\/tvalaire.com\/wp-content\/uploads\/2017\/08\/SEMANA-CULTURAL-Y-DEPORTIVA-POR-XXXIII-ANIVERSARIO-DEL-SEM-LA-PIEDAD4-150x150.jpg",150,150,true],"medium":["http:\/\/tvalaire.com\/wp-content\/uploads\/2017\/08\/SEMANA-CULTURAL-Y-DEPORTIVA-POR-XXXIII-ANIVERSARIO-DEL-SEM-LA-PIEDAD4-300x200.jpg",300,200,true],"medium_large":["http:\/\/tvalaire.com\/wp-content\/uploads\/2017\/08\/SEMANA-CULTURAL-Y-DEPORTIVA-POR-XXXIII-ANIVERSARIO-DEL-SEM-LA-PIEDAD4-768x513.jpg",640,428,true],"large":["http:\/\/tvalaire.com\/wp-content\/uploads\/2017\/08\/SEMANA-CULTURAL-Y-DEPORTIVA-POR-XXXIII-ANIVERSARIO-DEL-SEM-LA-PIEDAD4-1024x684.jpg",640,428,true],"post-slider-thumb-size":["http:\/\/tvalaire.com\/wp-content\/uploads\/2017\/08\/SEMANA-CULTURAL-Y-DEPORTIVA-POR-XXXIII-ANIVERSARIO-DEL-SEM-LA-PIEDAD4.jpg",284,190,false],"post-category-slider-size":["http:\/\/tvalaire.com\/wp-content\/uploads\/2017\/08\/SEMANA-CULTURAL-Y-DEPORTIVA-POR-XXXIII-ANIVERSARIO-DEL-SEM-LA-PIEDAD4.jpg",330,220,false],"1536x1536":["http:\/\/tvalaire.com\/wp-content\/uploads\/2017\/08\/SEMANA-CULTURAL-Y-DEPORTIVA-POR-XXXIII-ANIVERSARIO-DEL-SEM-LA-PIEDAD4.jpg",1024,684,false],"2048x2048":["http:\/\/tvalaire.com\/wp-content\/uploads\/2017\/08\/SEMANA-CULTURAL-Y-DEPORTIVA-POR-XXXIII-ANIVERSARIO-DEL-SEM-LA-PIEDAD4.jpg",1024,684,false],"newsium-slider-full":["http:\/\/tvalaire.com\/wp-content\/uploads\/2017\/08\/SEMANA-CULTURAL-Y-DEPORTIVA-POR-XXXIII-ANIVERSARIO-DEL-SEM-LA-PIEDAD4.jpg",1024,684,false],"newsium-featured":["http:\/\/tvalaire.com\/wp-content\/uploads\/2017\/08\/SEMANA-CULTURAL-Y-DEPORTIVA-POR-XXXIII-ANIVERSARIO-DEL-SEM-LA-PIEDAD4.jpg",1024,684,false],"newsium-medium":["http:\/\/tvalaire.com\/wp-content\/uploads\/2017\/08\/SEMANA-CULTURAL-Y-DEPORTIVA-POR-XXXIII-ANIVERSARIO-DEL-SEM-LA-PIEDAD4.jpg",711,475,false]},"author_info":{"info":["tvalairenoti"]},"category_info":"<a href=\"http:\/\/tvalaire.com\/?cat=1\" rel=\"category\">La Piedad<\/a>","tag_info":"La Piedad","comment_count":"0","jetpack_featured_media_url":"http:\/\/tvalaire.com\/wp-content\/uploads\/2017\/08\/SEMANA-CULTURAL-Y-DEPORTIVA-POR-XXXIII-ANIVERSARIO-DEL-SEM-LA-PIEDAD4.jpg","_links":{"self":[{"href":"http:\/\/tvalaire.com\/index.php?rest_route=\/wp\/v2\/posts\/2387"}],"collection":[{"href":"http:\/\/tvalaire.com\/index.php?rest_route=\/wp\/v2\/posts"}],"about":[{"href":"http:\/\/tvalaire.com\/index.php?rest_route=\/wp\/v2\/types\/post"}],"author":[{"embeddable":true,"href":"http:\/\/tvalaire.com\/index.php?rest_route=\/wp\/v2\/users\/1"}],"replies":[{"embeddable":true,"href":"http:\/\/tvalaire.com\/index.php?rest_route=%2Fwp%2Fv2%2Fcomments&post=2387"}],"version-history":[{"count":1,"href":"http:\/\/tvalaire.com\/index.php?rest_route=\/wp\/v2\/posts\/2387\/revisions"}],"predecessor-version":[{"id":2388,"href":"http:\/\/tvalaire.com\/index.php?rest_route=\/wp\/v2\/posts\/2387\/revisions\/2388"}],"wp:featuredmedia":[{"embeddable":true,"href":"http:\/\/tvalaire.com\/index.php?rest_route=\/wp\/v2\/media\/2385"}],"wp:attachment":[{"href":"http:\/\/tvalaire.com\/index.php?rest_route=%2Fwp%2Fv2%2Fmedia&parent=2387"}],"wp:term":[{"taxonomy":"category","embeddable":true,"href":"http:\/\/tvalaire.com\/index.php?rest_route=%2Fwp%2Fv2%2Fcategories&post=2387"},{"taxonomy":"post_tag","embeddable":true,"href":"http:\/\/tvalaire.com\/index.php?rest_route=%2Fwp%2Fv2%2Ftags&post=2387"}],"curies":[{"name":"wp","href":"https:\/\/api.w.org\/{rel}","templated":true}]}}