{"id":2371,"date":"2017-08-09T10:46:44","date_gmt":"2017-08-09T15:46:44","guid":{"rendered":"http:\/\/tvalaire.com\/?p=2371"},"modified":"2017-08-09T10:46:44","modified_gmt":"2017-08-09T15:46:44","slug":"2371","status":"publish","type":"post","link":"http:\/\/tvalaire.com\/?p=2371","title":{"rendered":""},"content":{"rendered":"<p class=\"xgmail-standard\" style=\"text-align: justify; background: white; font-variant-ligatures: normal; font-variant-caps: normal; orphans: 2; widows: 2; -webkit-text-stroke-width: 0px; text-decoration-style: initial; text-decoration-color: initial; word-spacing: 0px;\"><span style=\"font-size: 11.5pt; font-family: 'Arial','sans-serif'; color: #212121;\">El Sistema de Agua Potable Alcantarillado y Saneamiento (SAPAS), elabora ya un proyecto para la reposici\u00f3n y renovaci\u00f3n de la tuber\u00eda de agua potable del primer cuadro de la ciudad, la cual presenta fallas y fugas internas producto del desgaste de las mismas.<\/span><\/p>\n<p class=\"xgmail-standard\" style=\"text-align: justify; background: white; font-variant-ligatures: normal; font-variant-caps: normal; orphans: 2; widows: 2; -webkit-text-stroke-width: 0px; text-decoration-style: initial; text-decoration-color: initial; word-spacing: 0px;\"><span style=\"font-size: 11.5pt; font-family: 'Arial','sans-serif'; color: #212121;\">\u00a0Esto mismo fue lo que ocasion\u00f3 que la semana pasada, se presentara una fuga de agua en una de las l\u00edneas principales de conducci\u00f3n que abastece a una gran parte de la zona centro de esta ciudad.<\/span><\/p>\n<p class=\"xgmail-standard\" style=\"text-align: justify; background: white; font-variant-ligatures: normal; font-variant-caps: normal; orphans: 2; widows: 2; -webkit-text-stroke-width: 0px; text-decoration-style: initial; text-decoration-color: initial; word-spacing: 0px;\"><span style=\"font-size: 11.5pt; font-family: 'Arial','sans-serif'; color: #212121;\">\u00a0El da\u00f1o se origin\u00f3 en la tuber\u00eda principal que mide 10 pulgadas y que producto del desgaste y la presi\u00f3n del agua, provoc\u00f3 dos fugas en la calle Plazuela Cavadas entre Ju\u00e1rez y Mariano Jim\u00e9nez las cuales ya fueron reparadas.<\/span><\/p>\n<p class=\"xgmail-standard\" style=\"text-align: justify; background: white; font-variant-ligatures: normal; font-variant-caps: normal; orphans: 2; widows: 2; -webkit-text-stroke-width: 0px; text-decoration-style: initial; text-decoration-color: initial; word-spacing: 0px;\"><span style=\"font-size: 11.5pt; font-family: 'Arial','sans-serif'; color: #212121;\">\u00a0A decir del director del organismo operador del SAPAS, la falla fue producto del mal estado en que se encontraba la tuber\u00eda, la cual data de aproximadamente 50 a\u00f1os, por lo que el desgaste del empaque y lo da\u00f1ado de la misma, aunado a la presi\u00f3n que existe en la red fueron los causantes de la fuga.<\/span><\/p>\n<p class=\"xgmail-standard\" style=\"text-align: justify; background: white; font-variant-ligatures: normal; font-variant-caps: normal; orphans: 2; widows: 2; -webkit-text-stroke-width: 0px; text-decoration-style: initial; text-decoration-color: initial; word-spacing: 0px;\"><span style=\"font-size: 11.5pt; font-family: 'Arial','sans-serif'; color: #212121;\">\u00a0Rubio Olivares inform\u00f3 que inmediatamente despu\u00e9s de detectar la falla, personal del organismo operador se dirigieron a realizar los trabajos de reparaci\u00f3n correspondientes, para el restablecimiento del servicio, el cual qued\u00f3 terminado.<\/span><\/p>\n<p class=\"xgmail-standard\" style=\"text-align: justify; background: white; font-variant-ligatures: normal; font-variant-caps: normal; orphans: 2; widows: 2; -webkit-text-stroke-width: 0px; text-decoration-style: initial; text-decoration-color: initial; word-spacing: 0px;\"><span style=\"font-size: 11.5pt; font-family: 'Arial','sans-serif'; color: #212121;\">\u00a0Sin embargo, debido a esta experiencia ya se trabaja en la elaboraci\u00f3n de un proyecto, para la sustituci\u00f3n de la red de agua potable y drenaje de la zona centro de la ciudad, ya que en t\u00e9rminos generales por la antig\u00fcedad de la misma, es muy susceptible a presentar fugas de este tipo.<\/span><\/p>\n<p class=\"xgmail-standard\" style=\"text-align: justify; background: white; font-variant-ligatures: normal; font-variant-caps: normal; orphans: 2; widows: 2; -webkit-text-stroke-width: 0px; text-decoration-style: initial; text-decoration-color: initial; word-spacing: 0px;\"><span style=\"font-size: 11.5pt; font-family: 'Arial','sans-serif'; color: #212121;\">\u00a0Mencion\u00f3 que de hecho, ya existen algunos tramos o calles en donde ya se realiz\u00f3 la renovaci\u00f3n de la tuber\u00eda por los mismos problemas, tal es el caso de Guerrero, Madero, Sim\u00f3n Bol\u00edvar y Arteaga, pero faltan m\u00e1s, las cuales se har\u00e1n por etapas, debido a que son inversiones considerables y las m\u00e1s urgentes son Madero, Ocampo y Matamoros.<\/span><\/p>\n<p class=\"xgmail-standard\" style=\"text-align: justify; background: white; font-variant-ligatures: normal; font-variant-caps: normal; orphans: 2; widows: 2; -webkit-text-stroke-width: 0px; text-decoration-style: initial; text-decoration-color: initial; word-spacing: 0px;\"><span style=\"font-size: 11.5pt; font-family: 'Arial','sans-serif'; color: #212121;\">\u00a0<\/span><\/p>\n","protected":false},"excerpt":{"rendered":"<p>El Sistema de Agua Potable Alcantarillado y Saneamiento (SAPAS), elabora ya un proyecto para la&#8230;<\/p>\n","protected":false},"author":1,"featured_media":2366,"comment_status":"open","ping_status":"open","sticky":false,"template":"","format":"standard","meta":{"jetpack_post_was_ever_published":false,"_jetpack_newsletter_access":"","_jetpack_dont_email_post_to_subs":false,"_jetpack_newsletter_tier_id":0,"_jetpack_memberships_contains_paywalled_content":false,"_jetpack_memberships_contains_paid_content":false,"footnotes":"","jetpack_publicize_message":"","jetpack_publicize_feature_enabled":true,"jetpack_social_post_already_shared":false,"jetpack_social_options":{"image_generator_settings":{"template":"highway","enabled":false},"version":2}},"categories":[1],"tags":[15,36],"class_list":["post-2371","post","type-post","status-publish","format-standard","has-post-thumbnail","hentry","category-la-piedad","tag-la-piedad","tag-principales"],"jetpack_publicize_connections":[],"jetpack_sharing_enabled":true,"featured_image_urls":{"full":["http:\/\/tvalaire.com\/wp-content\/uploads\/2017\/08\/CONCLUYEN-TRABAJOS-DE-REHABILITACI\u00d3N-EN-LA-L\u00cdNEA-PRINCIPAL-DE-AGUA-POTABLE-DE-LA-ZONA-CENTRO.jpg",1024,1074,false],"thumbnail":["http:\/\/tvalaire.com\/wp-content\/uploads\/2017\/08\/CONCLUYEN-TRABAJOS-DE-REHABILITACI\u00d3N-EN-LA-L\u00cdNEA-PRINCIPAL-DE-AGUA-POTABLE-DE-LA-ZONA-CENTRO-150x150.jpg",150,150,true],"medium":["http:\/\/tvalaire.com\/wp-content\/uploads\/2017\/08\/CONCLUYEN-TRABAJOS-DE-REHABILITACI\u00d3N-EN-LA-L\u00cdNEA-PRINCIPAL-DE-AGUA-POTABLE-DE-LA-ZONA-CENTRO-286x300.jpg",286,300,true],"medium_large":["http:\/\/tvalaire.com\/wp-content\/uploads\/2017\/08\/CONCLUYEN-TRABAJOS-DE-REHABILITACI\u00d3N-EN-LA-L\u00cdNEA-PRINCIPAL-DE-AGUA-POTABLE-DE-LA-ZONA-CENTRO-768x806.jpg",640,672,true],"large":["http:\/\/tvalaire.com\/wp-content\/uploads\/2017\/08\/CONCLUYEN-TRABAJOS-DE-REHABILITACI\u00d3N-EN-LA-L\u00cdNEA-PRINCIPAL-DE-AGUA-POTABLE-DE-LA-ZONA-CENTRO-976x1024.jpg",640,671,true],"post-slider-thumb-size":["http:\/\/tvalaire.com\/wp-content\/uploads\/2017\/08\/CONCLUYEN-TRABAJOS-DE-REHABILITACI\u00d3N-EN-LA-L\u00cdNEA-PRINCIPAL-DE-AGUA-POTABLE-DE-LA-ZONA-CENTRO.jpg",181,190,false],"post-category-slider-size":["http:\/\/tvalaire.com\/wp-content\/uploads\/2017\/08\/CONCLUYEN-TRABAJOS-DE-REHABILITACI\u00d3N-EN-LA-L\u00cdNEA-PRINCIPAL-DE-AGUA-POTABLE-DE-LA-ZONA-CENTRO.jpg",330,346,false],"1536x1536":["http:\/\/tvalaire.com\/wp-content\/uploads\/2017\/08\/CONCLUYEN-TRABAJOS-DE-REHABILITACI\u00d3N-EN-LA-L\u00cdNEA-PRINCIPAL-DE-AGUA-POTABLE-DE-LA-ZONA-CENTRO.jpg",1024,1074,false],"2048x2048":["http:\/\/tvalaire.com\/wp-content\/uploads\/2017\/08\/CONCLUYEN-TRABAJOS-DE-REHABILITACI\u00d3N-EN-LA-L\u00cdNEA-PRINCIPAL-DE-AGUA-POTABLE-DE-LA-ZONA-CENTRO.jpg",1024,1074,false],"newsium-slider-full":["http:\/\/tvalaire.com\/wp-content\/uploads\/2017\/08\/CONCLUYEN-TRABAJOS-DE-REHABILITACI\u00d3N-EN-LA-L\u00cdNEA-PRINCIPAL-DE-AGUA-POTABLE-DE-LA-ZONA-CENTRO.jpg",806,845,false],"newsium-featured":["http:\/\/tvalaire.com\/wp-content\/uploads\/2017\/08\/CONCLUYEN-TRABAJOS-DE-REHABILITACI\u00d3N-EN-LA-L\u00cdNEA-PRINCIPAL-DE-AGUA-POTABLE-DE-LA-ZONA-CENTRO.jpg",1024,1074,false],"newsium-medium":["http:\/\/tvalaire.com\/wp-content\/uploads\/2017\/08\/CONCLUYEN-TRABAJOS-DE-REHABILITACI\u00d3N-EN-LA-L\u00cdNEA-PRINCIPAL-DE-AGUA-POTABLE-DE-LA-ZONA-CENTRO.jpg",453,475,false]},"author_info":{"info":["tvalairenoti"]},"category_info":"<a href=\"http:\/\/tvalaire.com\/?cat=1\" rel=\"category\">La Piedad<\/a>","tag_info":"La Piedad","comment_count":"0","jetpack_featured_media_url":"http:\/\/tvalaire.com\/wp-content\/uploads\/2017\/08\/CONCLUYEN-TRABAJOS-DE-REHABILITACI\u00d3N-EN-LA-L\u00cdNEA-PRINCIPAL-DE-AGUA-POTABLE-DE-LA-ZONA-CENTRO.jpg","_links":{"self":[{"href":"http:\/\/tvalaire.com\/index.php?rest_route=\/wp\/v2\/posts\/2371"}],"collection":[{"href":"http:\/\/tvalaire.com\/index.php?rest_route=\/wp\/v2\/posts"}],"about":[{"href":"http:\/\/tvalaire.com\/index.php?rest_route=\/wp\/v2\/types\/post"}],"author":[{"embeddable":true,"href":"http:\/\/tvalaire.com\/index.php?rest_route=\/wp\/v2\/users\/1"}],"replies":[{"embeddable":true,"href":"http:\/\/tvalaire.com\/index.php?rest_route=%2Fwp%2Fv2%2Fcomments&post=2371"}],"version-history":[{"count":1,"href":"http:\/\/tvalaire.com\/index.php?rest_route=\/wp\/v2\/posts\/2371\/revisions"}],"predecessor-version":[{"id":2372,"href":"http:\/\/tvalaire.com\/index.php?rest_route=\/wp\/v2\/posts\/2371\/revisions\/2372"}],"wp:featuredmedia":[{"embeddable":true,"href":"http:\/\/tvalaire.com\/index.php?rest_route=\/wp\/v2\/media\/2366"}],"wp:attachment":[{"href":"http:\/\/tvalaire.com\/index.php?rest_route=%2Fwp%2Fv2%2Fmedia&parent=2371"}],"wp:term":[{"taxonomy":"category","embeddable":true,"href":"http:\/\/tvalaire.com\/index.php?rest_route=%2Fwp%2Fv2%2Fcategories&post=2371"},{"taxonomy":"post_tag","embeddable":true,"href":"http:\/\/tvalaire.com\/index.php?rest_route=%2Fwp%2Fv2%2Ftags&post=2371"}],"curies":[{"name":"wp","href":"https:\/\/api.w.org\/{rel}","templated":true}]}}