{"id":2369,"date":"2017-08-09T10:46:11","date_gmt":"2017-08-09T15:46:11","guid":{"rendered":"http:\/\/tvalaire.com\/?p=2369"},"modified":"2017-08-09T10:46:11","modified_gmt":"2017-08-09T15:46:11","slug":"abandera-municipio-a-joven-del-club-rotario-que-va-a-polonia-como-embajador-de-paz-y-buena-voluntad","status":"publish","type":"post","link":"http:\/\/tvalaire.com\/?p=2369","title":{"rendered":"ABANDERA MUNICIPIO A JOVEN DEL CLUB ROTARIO QUE VA A POLONIA COMO EMBAJADOR DE PAZ Y BUENA VOLUNTAD"},"content":{"rendered":"<p class=\"xmsonormal\" style=\"text-align: justify; background: white; font-variant-ligatures: normal; font-variant-caps: normal; orphans: 2; widows: 2; -webkit-text-stroke-width: 0px; text-decoration-style: initial; text-decoration-color: initial; word-spacing: 0px;\"><span style=\"font-size: 11.5pt; font-family: 'Arial','sans-serif'; color: #212121;\">El Gobierno Municipal abander\u00f3 al joven Alfonso Mart\u00ednez Garc\u00eda, quien viajar\u00e1 a Polinia como Embajador de paz y buena voluntad por parte del Club Rotario La Piedad.<\/span><\/p>\n<p class=\"xmsonormal\" style=\"text-align: justify; background: white; font-variant-ligatures: normal; font-variant-caps: normal; orphans: 2; widows: 2; -webkit-text-stroke-width: 0px; text-decoration-style: initial; text-decoration-color: initial; word-spacing: 0px;\"><span style=\"font-size: 11.5pt; font-family: 'Arial','sans-serif'; color: #212121;\">\u00a0La ceremonia de abanderamiento se llev\u00f3 a cabo en la sala de prensa de UNIVA, en donde se cont\u00f3 con la presencia del dirigente del Club Rotario La Piedad, Alejandro Tinoco \u00c1lvarez, integrantes de la agrupaci\u00f3n social y el S\u00edndico, a nombre del Alcalde Juan Manuel Estrada Medina.<\/span><\/p>\n<p class=\"xmsonormal\" style=\"text-align: justify; background: white; font-variant-ligatures: normal; font-variant-caps: normal; orphans: 2; widows: 2; -webkit-text-stroke-width: 0px; text-decoration-style: initial; text-decoration-color: initial; word-spacing: 0px;\"><span style=\"font-size: 11.5pt; font-family: 'Arial','sans-serif'; color: #212121;\">\u00a0La participaci\u00f3n del joven Alfonso Mart\u00ednez Garc\u00eda, en Europa Central, forma parte del hermanamiento que tiene el Club Rotario con varios pa\u00edses del mundo. En esta ocasi\u00f3n, el joven piedadense ir\u00e1 a Wroclaw Polonia para participar en las labores sociales que realizan los rotarios y estudiar\u00e1 el segundo grado de Preparatoria.<\/span><\/p>\n<p class=\"xmsonormal\" style=\"text-align: justify; background: white; font-variant-ligatures: normal; font-variant-caps: normal; orphans: 2; widows: 2; -webkit-text-stroke-width: 0px; text-decoration-style: initial; text-decoration-color: initial; word-spacing: 0px;\"><span style=\"font-size: 11.5pt; font-family: 'Arial','sans-serif'; color: #212121;\">\u00a0A su vez, un joven de Polonia viajar\u00e1 a Brasil y el 15 de agosto el Club Rotario de La Piedad recibir\u00e1 a un joven de Brasil que estar\u00e1 con una familia local y cursar\u00e1 sus estudios en el CBTIS 84.<\/span><\/p>\n<p class=\"xmsonormal\" style=\"text-align: justify; background: white; font-variant-ligatures: normal; font-variant-caps: normal; orphans: 2; widows: 2; -webkit-text-stroke-width: 0px; text-decoration-style: initial; text-decoration-color: initial; word-spacing: 0px;\"><span style=\"font-size: 11.5pt; font-family: 'Arial','sans-serif'; color: #212121;\">\u00a0Durante este periodo, los j\u00f3venes apoyar\u00e1n en labores sociales que realiza el Club Rotario adem\u00e1s de participar en el establecimiento de un intercambio cultural y conocimiento de una nueva lengua, as\u00ed como la retroalimentaci\u00f3n educativa.<\/span><\/p>\n","protected":false},"excerpt":{"rendered":"<p>El Gobierno Municipal abander\u00f3 al joven Alfonso Mart\u00ednez Garc\u00eda, quien viajar\u00e1 a Polinia como Embajador&#8230;<\/p>\n","protected":false},"author":1,"featured_media":2365,"comment_status":"open","ping_status":"open","sticky":false,"template":"","format":"standard","meta":{"jetpack_post_was_ever_published":false,"_jetpack_newsletter_access":"","_jetpack_dont_email_post_to_subs":false,"_jetpack_newsletter_tier_id":0,"_jetpack_memberships_contains_paywalled_content":false,"_jetpack_memberships_contains_paid_content":false,"footnotes":"","jetpack_publicize_message":"","jetpack_publicize_feature_enabled":true,"jetpack_social_post_already_shared":false,"jetpack_social_options":{"image_generator_settings":{"template":"highway","enabled":false},"version":2}},"categories":[1],"tags":[15,36],"class_list":["post-2369","post","type-post","status-publish","format-standard","has-post-thumbnail","hentry","category-la-piedad","tag-la-piedad","tag-principales"],"jetpack_publicize_connections":[],"jetpack_sharing_enabled":true,"featured_image_urls":{"full":["http:\/\/tvalaire.com\/wp-content\/uploads\/2017\/08\/ABANDERA-MUNICIPIO-A-JOVEN-DEL-CLUB-ROTARIO-QUE-VA-A-POLONIA-COMO-EMBAJADOR-DE-PAZ-Y-BUENA-VOLUNTAD.jpg",1280,960,false],"thumbnail":["http:\/\/tvalaire.com\/wp-content\/uploads\/2017\/08\/ABANDERA-MUNICIPIO-A-JOVEN-DEL-CLUB-ROTARIO-QUE-VA-A-POLONIA-COMO-EMBAJADOR-DE-PAZ-Y-BUENA-VOLUNTAD-150x150.jpg",150,150,true],"medium":["http:\/\/tvalaire.com\/wp-content\/uploads\/2017\/08\/ABANDERA-MUNICIPIO-A-JOVEN-DEL-CLUB-ROTARIO-QUE-VA-A-POLONIA-COMO-EMBAJADOR-DE-PAZ-Y-BUENA-VOLUNTAD-300x225.jpg",300,225,true],"medium_large":["http:\/\/tvalaire.com\/wp-content\/uploads\/2017\/08\/ABANDERA-MUNICIPIO-A-JOVEN-DEL-CLUB-ROTARIO-QUE-VA-A-POLONIA-COMO-EMBAJADOR-DE-PAZ-Y-BUENA-VOLUNTAD-768x576.jpg",640,480,true],"large":["http:\/\/tvalaire.com\/wp-content\/uploads\/2017\/08\/ABANDERA-MUNICIPIO-A-JOVEN-DEL-CLUB-ROTARIO-QUE-VA-A-POLONIA-COMO-EMBAJADOR-DE-PAZ-Y-BUENA-VOLUNTAD-1024x768.jpg",640,480,true],"post-slider-thumb-size":["http:\/\/tvalaire.com\/wp-content\/uploads\/2017\/08\/ABANDERA-MUNICIPIO-A-JOVEN-DEL-CLUB-ROTARIO-QUE-VA-A-POLONIA-COMO-EMBAJADOR-DE-PAZ-Y-BUENA-VOLUNTAD.jpg",253,190,false],"post-category-slider-size":["http:\/\/tvalaire.com\/wp-content\/uploads\/2017\/08\/ABANDERA-MUNICIPIO-A-JOVEN-DEL-CLUB-ROTARIO-QUE-VA-A-POLONIA-COMO-EMBAJADOR-DE-PAZ-Y-BUENA-VOLUNTAD.jpg",330,248,false],"1536x1536":["http:\/\/tvalaire.com\/wp-content\/uploads\/2017\/08\/ABANDERA-MUNICIPIO-A-JOVEN-DEL-CLUB-ROTARIO-QUE-VA-A-POLONIA-COMO-EMBAJADOR-DE-PAZ-Y-BUENA-VOLUNTAD.jpg",1280,960,false],"2048x2048":["http:\/\/tvalaire.com\/wp-content\/uploads\/2017\/08\/ABANDERA-MUNICIPIO-A-JOVEN-DEL-CLUB-ROTARIO-QUE-VA-A-POLONIA-COMO-EMBAJADOR-DE-PAZ-Y-BUENA-VOLUNTAD.jpg",1280,960,false],"newsium-slider-full":["http:\/\/tvalaire.com\/wp-content\/uploads\/2017\/08\/ABANDERA-MUNICIPIO-A-JOVEN-DEL-CLUB-ROTARIO-QUE-VA-A-POLONIA-COMO-EMBAJADOR-DE-PAZ-Y-BUENA-VOLUNTAD.jpg",1127,845,false],"newsium-featured":["http:\/\/tvalaire.com\/wp-content\/uploads\/2017\/08\/ABANDERA-MUNICIPIO-A-JOVEN-DEL-CLUB-ROTARIO-QUE-VA-A-POLONIA-COMO-EMBAJADOR-DE-PAZ-Y-BUENA-VOLUNTAD.jpg",1024,768,false],"newsium-medium":["http:\/\/tvalaire.com\/wp-content\/uploads\/2017\/08\/ABANDERA-MUNICIPIO-A-JOVEN-DEL-CLUB-ROTARIO-QUE-VA-A-POLONIA-COMO-EMBAJADOR-DE-PAZ-Y-BUENA-VOLUNTAD.jpg",633,475,false]},"author_info":{"info":["tvalairenoti"]},"category_info":"<a href=\"http:\/\/tvalaire.com\/?cat=1\" rel=\"category\">La Piedad<\/a>","tag_info":"La Piedad","comment_count":"0","jetpack_featured_media_url":"http:\/\/tvalaire.com\/wp-content\/uploads\/2017\/08\/ABANDERA-MUNICIPIO-A-JOVEN-DEL-CLUB-ROTARIO-QUE-VA-A-POLONIA-COMO-EMBAJADOR-DE-PAZ-Y-BUENA-VOLUNTAD.jpg","_links":{"self":[{"href":"http:\/\/tvalaire.com\/index.php?rest_route=\/wp\/v2\/posts\/2369"}],"collection":[{"href":"http:\/\/tvalaire.com\/index.php?rest_route=\/wp\/v2\/posts"}],"about":[{"href":"http:\/\/tvalaire.com\/index.php?rest_route=\/wp\/v2\/types\/post"}],"author":[{"embeddable":true,"href":"http:\/\/tvalaire.com\/index.php?rest_route=\/wp\/v2\/users\/1"}],"replies":[{"embeddable":true,"href":"http:\/\/tvalaire.com\/index.php?rest_route=%2Fwp%2Fv2%2Fcomments&post=2369"}],"version-history":[{"count":1,"href":"http:\/\/tvalaire.com\/index.php?rest_route=\/wp\/v2\/posts\/2369\/revisions"}],"predecessor-version":[{"id":2370,"href":"http:\/\/tvalaire.com\/index.php?rest_route=\/wp\/v2\/posts\/2369\/revisions\/2370"}],"wp:featuredmedia":[{"embeddable":true,"href":"http:\/\/tvalaire.com\/index.php?rest_route=\/wp\/v2\/media\/2365"}],"wp:attachment":[{"href":"http:\/\/tvalaire.com\/index.php?rest_route=%2Fwp%2Fv2%2Fmedia&parent=2369"}],"wp:term":[{"taxonomy":"category","embeddable":true,"href":"http:\/\/tvalaire.com\/index.php?rest_route=%2Fwp%2Fv2%2Fcategories&post=2369"},{"taxonomy":"post_tag","embeddable":true,"href":"http:\/\/tvalaire.com\/index.php?rest_route=%2Fwp%2Fv2%2Ftags&post=2369"}],"curies":[{"name":"wp","href":"https:\/\/api.w.org\/{rel}","templated":true}]}}