{"id":2362,"date":"2017-08-08T09:23:39","date_gmt":"2017-08-08T14:23:39","guid":{"rendered":"http:\/\/tvalaire.com\/?p=2362"},"modified":"2017-08-08T09:23:39","modified_gmt":"2017-08-08T14:23:39","slug":"fstse-y-univa-la-piedad-firman-convenio-de-adhesion","status":"publish","type":"post","link":"http:\/\/tvalaire.com\/?p=2362","title":{"rendered":"FSTSE Y UNIVA LA PIEDAD FIRMAN CONVENIO DE ADHESI\u00d3N"},"content":{"rendered":"<p class=\"xmsonormal\" style=\"text-align: center; background: white;\" align=\"center\">\n<p class=\"xmsonormal\" style=\"text-align: justify; background: white; font-variant-ligatures: normal; font-variant-caps: normal; orphans: 2; widows: 2; -webkit-text-stroke-width: 0px; text-decoration-style: initial; text-decoration-color: initial; word-spacing: 0px;\"><span style=\"font-size: 11.5pt; font-family: 'Arial','sans-serif'; color: #212121;\">El Alcalde Juan Manuel Estrada Medina, firm\u00f3 como testigo de honor dentro del convenio que estableci\u00f3 la Federaci\u00f3n de Sindicatos de Trabajadores al Servicio del Estado (FSTSE) y la Universidad del Valle de Atemajac (UNIVA), que se unen para colaborar por el desarrollo de una ciudadan\u00eda m\u00e1s preparada, con el fin de dejar un mejor futuro para las pr\u00f3ximas generaciones.<\/span><\/p>\n<p class=\"xmsonormal\" style=\"text-align: justify; background: white; font-variant-ligatures: normal; font-variant-caps: normal; orphans: 2; widows: 2; -webkit-text-stroke-width: 0px; text-decoration-style: initial; text-decoration-color: initial; word-spacing: 0px;\"><span style=\"font-size: 11.5pt; font-family: 'Arial','sans-serif'; color: #212121;\">\u00a0Por tanto, la Universidad del Valle de Atemajac, abre la brecha para que los 2 mil 900 trabajadores federales y sus familias, puedan tener acceso al programa de admisi\u00f3n gratuita a este plantel a partir del mes de septiembre y para que sus hijos puedan obtener ayudas a trav\u00e9s del programa de becas.<\/span><\/p>\n<p class=\"xmsonormal\" style=\"text-align: justify; background: white; font-variant-ligatures: normal; font-variant-caps: normal; orphans: 2; widows: 2; -webkit-text-stroke-width: 0px; text-decoration-style: initial; text-decoration-color: initial; word-spacing: 0px;\"><span style=\"font-size: 11.5pt; font-family: 'Arial','sans-serif'; color: #212121;\">\u00a0La firma de convenio se llev\u00f3 a cabo al medio d\u00eda en el Centro Cultural Piedadense en un acto encabezado por el Alcalde Estrada Medina; Iv\u00e1n Abdiel Rizo T\u00e9llez representante del FSTSE y la directora de UNIVA.<\/span><\/p>\n<p class=\"xmsonormal\" style=\"text-align: justify; background: white; font-variant-ligatures: normal; font-variant-caps: normal; orphans: 2; widows: 2; -webkit-text-stroke-width: 0px; text-decoration-style: initial; text-decoration-color: initial; word-spacing: 0px;\"><span style=\"font-size: 11.5pt; font-family: 'Arial','sans-serif'; color: #212121;\">\u00a0Natalia Salinas en su intervenci\u00f3n, explic\u00f3 que la participaci\u00f3n de esta instituci\u00f3n de educaci\u00f3n superior se debe a la contribuci\u00f3n del mejoramiento de las competencias laborales, sobre todo ahora que es del dominio p\u00fablico la noticia de que M\u00e9xico se encuentra en una crisis de talento.<\/span><\/p>\n<p class=\"xmsonormal\" style=\"text-align: justify; background: white; font-variant-ligatures: normal; font-variant-caps: normal; orphans: 2; widows: 2; -webkit-text-stroke-width: 0px; text-decoration-style: initial; text-decoration-color: initial; word-spacing: 0px;\"><span style=\"font-size: 11.5pt; font-family: 'Arial','sans-serif'; color: #212121;\">\u00a0Situaci\u00f3n de la cual, dijo que todos debemos ser conscientes y buscar la forma de contribuir para el mejoramiento de la sociedad, pues no es tiempo de quejarse sino de apoyar, ya que en la actualidad \u00fanicamente el 16% de los colaboradores del sector tanto p\u00fablico como privado tiene educaci\u00f3n superior a diferencia de pa\u00edses que son competidores en donde m\u00e1s del 50% cuenta con educaci\u00f3n superior.<\/span><\/p>\n<p class=\"xmsonormal\" style=\"text-align: justify; background: white; font-variant-ligatures: normal; font-variant-caps: normal; orphans: 2; widows: 2; -webkit-text-stroke-width: 0px; text-decoration-style: initial; text-decoration-color: initial; word-spacing: 0px;\"><span style=\"font-size: 11.5pt; font-family: 'Arial','sans-serif'; color: #212121;\">\u00a0Destac\u00f3 que la crisis en la que est\u00e1 inmersa el pa\u00eds, lo pone en desventaja en este rubro, m\u00e1s cuando las cifras determinan que el nivel superior de los mexicanos es de tercero de Secundaria y en Michoac\u00e1n es del segundo Secundaria, de ah\u00ed que se deba aspirar a una mayor educaci\u00f3n.<\/span><\/p>\n<p class=\"xmsonormal\" style=\"text-align: justify; background: white; font-variant-ligatures: normal; font-variant-caps: normal; orphans: 2; widows: 2; -webkit-text-stroke-width: 0px; text-decoration-style: initial; text-decoration-color: initial; word-spacing: 0px;\"><span style=\"font-size: 11.5pt; font-family: 'Arial','sans-serif'; color: #212121;\">\u00a0Por lo que invit\u00f3 a todos a integrarse como sociedad, para incrementar el nivel educativo e ingresen no s\u00f3lo a la UNIVA sino a la instituci\u00f3n que cada uno determine, que es como lo hacen saber a los estudiantes en los 6 mil test de orientaci\u00f3n que aplica la instituci\u00f3n por a\u00f1o.<\/span><\/p>\n<p class=\"xmsonormal\" style=\"text-align: justify; background: white; font-variant-ligatures: normal; font-variant-caps: normal; orphans: 2; widows: 2; -webkit-text-stroke-width: 0px; text-decoration-style: initial; text-decoration-color: initial; word-spacing: 0px;\"><span style=\"font-size: 11.5pt; font-family: 'Arial','sans-serif'; color: #212121;\">\u00a0La crisis de talento es tal, que en el sector gobierno el 20% de los diputados tiene preparatoria el 80% no, por tanto, c\u00f3mo se puede esperar a emanar verdaderas propuestas de desarrollo eso sin demeritar a aquellos que cuenten con aptitudes emp\u00edricas para aprender.<\/span><\/p>\n","protected":false},"excerpt":{"rendered":"<p>El Alcalde Juan Manuel Estrada Medina, firm\u00f3 como testigo de honor dentro del convenio que&#8230;<\/p>\n","protected":false},"author":1,"featured_media":2359,"comment_status":"open","ping_status":"open","sticky":false,"template":"","format":"standard","meta":{"jetpack_post_was_ever_published":false,"_jetpack_newsletter_access":"","_jetpack_dont_email_post_to_subs":false,"_jetpack_newsletter_tier_id":0,"_jetpack_memberships_contains_paywalled_content":false,"_jetpack_memberships_contains_paid_content":false,"footnotes":"","jetpack_publicize_message":"","jetpack_publicize_feature_enabled":true,"jetpack_social_post_already_shared":false,"jetpack_social_options":{"image_generator_settings":{"template":"highway","enabled":false},"version":2}},"categories":[1],"tags":[15,36],"class_list":["post-2362","post","type-post","status-publish","format-standard","has-post-thumbnail","hentry","category-la-piedad","tag-la-piedad","tag-principales"],"jetpack_publicize_connections":[],"jetpack_sharing_enabled":true,"featured_image_urls":{"full":["http:\/\/tvalaire.com\/wp-content\/uploads\/2017\/08\/FSTSE-Y-UNIVA-LA-PIEDAD-FIRMAN-CONVENIO-DE-ADHESI\u00d3N.jpg",1024,683,false],"thumbnail":["http:\/\/tvalaire.com\/wp-content\/uploads\/2017\/08\/FSTSE-Y-UNIVA-LA-PIEDAD-FIRMAN-CONVENIO-DE-ADHESI\u00d3N-150x150.jpg",150,150,true],"medium":["http:\/\/tvalaire.com\/wp-content\/uploads\/2017\/08\/FSTSE-Y-UNIVA-LA-PIEDAD-FIRMAN-CONVENIO-DE-ADHESI\u00d3N-300x200.jpg",300,200,true],"medium_large":["http:\/\/tvalaire.com\/wp-content\/uploads\/2017\/08\/FSTSE-Y-UNIVA-LA-PIEDAD-FIRMAN-CONVENIO-DE-ADHESI\u00d3N-768x512.jpg",640,427,true],"large":["http:\/\/tvalaire.com\/wp-content\/uploads\/2017\/08\/FSTSE-Y-UNIVA-LA-PIEDAD-FIRMAN-CONVENIO-DE-ADHESI\u00d3N-1024x683.jpg",640,427,true],"post-slider-thumb-size":["http:\/\/tvalaire.com\/wp-content\/uploads\/2017\/08\/FSTSE-Y-UNIVA-LA-PIEDAD-FIRMAN-CONVENIO-DE-ADHESI\u00d3N.jpg",285,190,false],"post-category-slider-size":["http:\/\/tvalaire.com\/wp-content\/uploads\/2017\/08\/FSTSE-Y-UNIVA-LA-PIEDAD-FIRMAN-CONVENIO-DE-ADHESI\u00d3N.jpg",330,220,false],"1536x1536":["http:\/\/tvalaire.com\/wp-content\/uploads\/2017\/08\/FSTSE-Y-UNIVA-LA-PIEDAD-FIRMAN-CONVENIO-DE-ADHESI\u00d3N.jpg",1024,683,false],"2048x2048":["http:\/\/tvalaire.com\/wp-content\/uploads\/2017\/08\/FSTSE-Y-UNIVA-LA-PIEDAD-FIRMAN-CONVENIO-DE-ADHESI\u00d3N.jpg",1024,683,false],"newsium-slider-full":["http:\/\/tvalaire.com\/wp-content\/uploads\/2017\/08\/FSTSE-Y-UNIVA-LA-PIEDAD-FIRMAN-CONVENIO-DE-ADHESI\u00d3N.jpg",1024,683,false],"newsium-featured":["http:\/\/tvalaire.com\/wp-content\/uploads\/2017\/08\/FSTSE-Y-UNIVA-LA-PIEDAD-FIRMAN-CONVENIO-DE-ADHESI\u00d3N.jpg",1024,683,false],"newsium-medium":["http:\/\/tvalaire.com\/wp-content\/uploads\/2017\/08\/FSTSE-Y-UNIVA-LA-PIEDAD-FIRMAN-CONVENIO-DE-ADHESI\u00d3N.jpg",712,475,false]},"author_info":{"info":["tvalairenoti"]},"category_info":"<a href=\"http:\/\/tvalaire.com\/?cat=1\" rel=\"category\">La Piedad<\/a>","tag_info":"La Piedad","comment_count":"0","jetpack_featured_media_url":"http:\/\/tvalaire.com\/wp-content\/uploads\/2017\/08\/FSTSE-Y-UNIVA-LA-PIEDAD-FIRMAN-CONVENIO-DE-ADHESI\u00d3N.jpg","_links":{"self":[{"href":"http:\/\/tvalaire.com\/index.php?rest_route=\/wp\/v2\/posts\/2362"}],"collection":[{"href":"http:\/\/tvalaire.com\/index.php?rest_route=\/wp\/v2\/posts"}],"about":[{"href":"http:\/\/tvalaire.com\/index.php?rest_route=\/wp\/v2\/types\/post"}],"author":[{"embeddable":true,"href":"http:\/\/tvalaire.com\/index.php?rest_route=\/wp\/v2\/users\/1"}],"replies":[{"embeddable":true,"href":"http:\/\/tvalaire.com\/index.php?rest_route=%2Fwp%2Fv2%2Fcomments&post=2362"}],"version-history":[{"count":1,"href":"http:\/\/tvalaire.com\/index.php?rest_route=\/wp\/v2\/posts\/2362\/revisions"}],"predecessor-version":[{"id":2363,"href":"http:\/\/tvalaire.com\/index.php?rest_route=\/wp\/v2\/posts\/2362\/revisions\/2363"}],"wp:featuredmedia":[{"embeddable":true,"href":"http:\/\/tvalaire.com\/index.php?rest_route=\/wp\/v2\/media\/2359"}],"wp:attachment":[{"href":"http:\/\/tvalaire.com\/index.php?rest_route=%2Fwp%2Fv2%2Fmedia&parent=2362"}],"wp:term":[{"taxonomy":"category","embeddable":true,"href":"http:\/\/tvalaire.com\/index.php?rest_route=%2Fwp%2Fv2%2Fcategories&post=2362"},{"taxonomy":"post_tag","embeddable":true,"href":"http:\/\/tvalaire.com\/index.php?rest_route=%2Fwp%2Fv2%2Ftags&post=2362"}],"curies":[{"name":"wp","href":"https:\/\/api.w.org\/{rel}","templated":true}]}}