{"id":2346,"date":"2017-08-02T09:43:15","date_gmt":"2017-08-02T14:43:15","guid":{"rendered":"http:\/\/tvalaire.com\/?p=2346"},"modified":"2017-08-02T09:43:15","modified_gmt":"2017-08-02T14:43:15","slug":"cooperativa-textil-de-la-piedad-postulada-al-premio-estatal-de-las-artes-erendira","status":"publish","type":"post","link":"http:\/\/tvalaire.com\/?p=2346","title":{"rendered":"COOPERATIVA TEXTIL DE LA PIEDAD POSTULADA AL PREMIO ESTATAL DE LAS ARTES \u201cER\u00c9NDIRA\u201d"},"content":{"rendered":"<p>Organismos p\u00fablicos y privados, dependencias de gobierno, instituciones de nivel superior, empresas locales y la C\u00e1mara de Comercio, se unieron a la propuesta que hizo el presidente municipal Juan Manuel Estrada Medina para postular a la Cooperativa Textil Artesanal La Piedad de Cavadas, para participar en el Premio Estatal de las Artes \u201cEr\u00e9ndira\u201d que otorga el Gobierno del Estado.<\/p>\n<p>Cabe destacar que \u00e9sta es la primera participaci\u00f3n y postulaci\u00f3n a la que se unen pr\u00e1cticamente varios de los sectores de la poblaci\u00f3n, para que La Piedad participe en este importante certamen con el cual se estimula la trayectoria y creatividad de los portadores de arte.<\/p>\n<p>El Premio Estatal \u201cEr\u00e9ndira\u201d, es el m\u00e1ximo galard\u00f3n que entrega el Gobierno del Estado a sus artistas y creadores de cualquier disciplina; es un reconocimiento a su trayectoria, pues \u00fanicamente pueden ser postuladas personas que hayan cumplido 50 a\u00f1os de edad que cuenten con 10 a\u00f1os como m\u00ednimo realizando su trabajo y que \u00e9ste haya contribuido al engrandecimiento de las artes en el estado o en el pa\u00eds.<\/p>\n<p>El anuncio de la postulaci\u00f3n se llev\u00f3 a cabo en rueda de prensa en la cual se cont\u00f3 con la presencia de autoridades municipales representadas por los directores de promoci\u00f3n econ\u00f3mica, Carlos Alberto Estrada Medina y el de Cultura, Francisco R\u00edos Corona; estuvieron tambi\u00e9n el director de la Casa de la Cultura, Fernando Arellano; Librado Vicente Madrigal, presidente y socio de la Cooperativa Textil, as\u00ed como los fundadores Jos\u00e9 Armend\u00e1riz y Jos\u00e9 Bravo, los cuales junto con Magdalena Garc\u00eda del Colegio de Michoac\u00e1n (COLMICH), forman parte del equipo encargado en la recolecci\u00f3n de la documentaci\u00f3n que se pide para poder participar.<\/p>\n<p>El director de Cultura, expuso que luego de conocer la publicaci\u00f3n y bases para la entrega de este premio, el Gobierno Municipal convoc\u00f3 para proponer y respaldar a la \u00fanica candidatura con la que participa La Piedad, refiri\u00e9ndose a la Cooperativa Textil. La categor\u00eda por la que participa es en el \u00e1rea de artes tradicionales.<\/p>\n<p>A esta propuesta se le sumaron varias de las dependencias de Gobierno, as\u00ed como universidades locales tanto p\u00fablicas como privadas, empresas de la localidad, organizaciones civiles, quienes manifestaron su apoyo a trav\u00e9s de un documento que ser\u00e1 anexado al expediente que est\u00e1n por terminar para entregarlo este jueves en Morelia.<\/p>\n","protected":false},"excerpt":{"rendered":"<p>Organismos p\u00fablicos y privados, dependencias de gobierno, instituciones de nivel superior, empresas locales y la&#8230;<\/p>\n","protected":false},"author":1,"featured_media":2344,"comment_status":"open","ping_status":"open","sticky":false,"template":"","format":"standard","meta":{"jetpack_post_was_ever_published":false,"_jetpack_newsletter_access":"","_jetpack_dont_email_post_to_subs":false,"_jetpack_newsletter_tier_id":0,"_jetpack_memberships_contains_paywalled_content":false,"_jetpack_memberships_contains_paid_content":false,"footnotes":"","jetpack_publicize_message":"","jetpack_publicize_feature_enabled":true,"jetpack_social_post_already_shared":false,"jetpack_social_options":{"image_generator_settings":{"template":"highway","enabled":false},"version":2}},"categories":[1],"tags":[15,36],"class_list":["post-2346","post","type-post","status-publish","format-standard","has-post-thumbnail","hentry","category-la-piedad","tag-la-piedad","tag-principales"],"jetpack_publicize_connections":[],"jetpack_sharing_enabled":true,"featured_image_urls":{"full":["http:\/\/tvalaire.com\/wp-content\/uploads\/2017\/08\/COOPERATIVA-TEXTIL-LA-PIEDAD-POSTULADA-PARA-EL-PREMIO-ESTATAL-DE-ARTES.jpg",883,591,false],"thumbnail":["http:\/\/tvalaire.com\/wp-content\/uploads\/2017\/08\/COOPERATIVA-TEXTIL-LA-PIEDAD-POSTULADA-PARA-EL-PREMIO-ESTATAL-DE-ARTES-150x150.jpg",150,150,true],"medium":["http:\/\/tvalaire.com\/wp-content\/uploads\/2017\/08\/COOPERATIVA-TEXTIL-LA-PIEDAD-POSTULADA-PARA-EL-PREMIO-ESTATAL-DE-ARTES-300x201.jpg",300,201,true],"medium_large":["http:\/\/tvalaire.com\/wp-content\/uploads\/2017\/08\/COOPERATIVA-TEXTIL-LA-PIEDAD-POSTULADA-PARA-EL-PREMIO-ESTATAL-DE-ARTES-768x514.jpg",640,428,true],"large":["http:\/\/tvalaire.com\/wp-content\/uploads\/2017\/08\/COOPERATIVA-TEXTIL-LA-PIEDAD-POSTULADA-PARA-EL-PREMIO-ESTATAL-DE-ARTES.jpg",640,428,false],"post-slider-thumb-size":["http:\/\/tvalaire.com\/wp-content\/uploads\/2017\/08\/COOPERATIVA-TEXTIL-LA-PIEDAD-POSTULADA-PARA-EL-PREMIO-ESTATAL-DE-ARTES.jpg",284,190,false],"post-category-slider-size":["http:\/\/tvalaire.com\/wp-content\/uploads\/2017\/08\/COOPERATIVA-TEXTIL-LA-PIEDAD-POSTULADA-PARA-EL-PREMIO-ESTATAL-DE-ARTES.jpg",330,221,false],"1536x1536":["http:\/\/tvalaire.com\/wp-content\/uploads\/2017\/08\/COOPERATIVA-TEXTIL-LA-PIEDAD-POSTULADA-PARA-EL-PREMIO-ESTATAL-DE-ARTES.jpg",883,591,false],"2048x2048":["http:\/\/tvalaire.com\/wp-content\/uploads\/2017\/08\/COOPERATIVA-TEXTIL-LA-PIEDAD-POSTULADA-PARA-EL-PREMIO-ESTATAL-DE-ARTES.jpg",883,591,false],"newsium-slider-full":["http:\/\/tvalaire.com\/wp-content\/uploads\/2017\/08\/COOPERATIVA-TEXTIL-LA-PIEDAD-POSTULADA-PARA-EL-PREMIO-ESTATAL-DE-ARTES.jpg",883,591,false],"newsium-featured":["http:\/\/tvalaire.com\/wp-content\/uploads\/2017\/08\/COOPERATIVA-TEXTIL-LA-PIEDAD-POSTULADA-PARA-EL-PREMIO-ESTATAL-DE-ARTES.jpg",883,591,false],"newsium-medium":["http:\/\/tvalaire.com\/wp-content\/uploads\/2017\/08\/COOPERATIVA-TEXTIL-LA-PIEDAD-POSTULADA-PARA-EL-PREMIO-ESTATAL-DE-ARTES.jpg",710,475,false]},"author_info":{"info":["tvalairenoti"]},"category_info":"<a href=\"http:\/\/tvalaire.com\/?cat=1\" rel=\"category\">La Piedad<\/a>","tag_info":"La Piedad","comment_count":"0","jetpack_featured_media_url":"http:\/\/tvalaire.com\/wp-content\/uploads\/2017\/08\/COOPERATIVA-TEXTIL-LA-PIEDAD-POSTULADA-PARA-EL-PREMIO-ESTATAL-DE-ARTES.jpg","_links":{"self":[{"href":"http:\/\/tvalaire.com\/index.php?rest_route=\/wp\/v2\/posts\/2346"}],"collection":[{"href":"http:\/\/tvalaire.com\/index.php?rest_route=\/wp\/v2\/posts"}],"about":[{"href":"http:\/\/tvalaire.com\/index.php?rest_route=\/wp\/v2\/types\/post"}],"author":[{"embeddable":true,"href":"http:\/\/tvalaire.com\/index.php?rest_route=\/wp\/v2\/users\/1"}],"replies":[{"embeddable":true,"href":"http:\/\/tvalaire.com\/index.php?rest_route=%2Fwp%2Fv2%2Fcomments&post=2346"}],"version-history":[{"count":1,"href":"http:\/\/tvalaire.com\/index.php?rest_route=\/wp\/v2\/posts\/2346\/revisions"}],"predecessor-version":[{"id":2347,"href":"http:\/\/tvalaire.com\/index.php?rest_route=\/wp\/v2\/posts\/2346\/revisions\/2347"}],"wp:featuredmedia":[{"embeddable":true,"href":"http:\/\/tvalaire.com\/index.php?rest_route=\/wp\/v2\/media\/2344"}],"wp:attachment":[{"href":"http:\/\/tvalaire.com\/index.php?rest_route=%2Fwp%2Fv2%2Fmedia&parent=2346"}],"wp:term":[{"taxonomy":"category","embeddable":true,"href":"http:\/\/tvalaire.com\/index.php?rest_route=%2Fwp%2Fv2%2Fcategories&post=2346"},{"taxonomy":"post_tag","embeddable":true,"href":"http:\/\/tvalaire.com\/index.php?rest_route=%2Fwp%2Fv2%2Ftags&post=2346"}],"curies":[{"name":"wp","href":"https:\/\/api.w.org\/{rel}","templated":true}]}}