{"id":2338,"date":"2017-08-01T09:03:24","date_gmt":"2017-08-01T14:03:24","guid":{"rendered":"http:\/\/tvalaire.com\/?p=2338"},"modified":"2017-08-01T09:03:24","modified_gmt":"2017-08-01T14:03:24","slug":"gaceta-del-consejo-de-la-cronica-estara-disponible-en-instituciones-educativas-y-bibliotecas","status":"publish","type":"post","link":"http:\/\/tvalaire.com\/?p=2338","title":{"rendered":"GACETA DEL CONSEJO DE LA CR\u00d3NICA ESTAR\u00c1 DISPONIBLE EN INSTITUCIONES EDUCATIVAS Y BIBLIOTECAS"},"content":{"rendered":"<p>A partir de la presentaci\u00f3n de la Primera Gaceta del Consejo de la Cr\u00f3nica, el Gobierno Municipal anunci\u00f3 que \u00e9sta estar\u00e1 a disposici\u00f3n de la poblaci\u00f3n que desee consultarla, en todas las instituciones educativas, bibliotecas p\u00fablicas y dependencias locales.<\/p>\n<p>La presentaci\u00f3n de este primer volumen se llev\u00f3 a cabo esta semana durante el acto por los 94 a\u00f1os de nacimiento del Dr. Alberto Carrillo C\u00e1zares.<\/p>\n<p>Se trata de una publicaci\u00f3n en la que los integrantes del Consejo de la Cr\u00f3nica en la Ciudad, recogen los datos m\u00e1s interesantes y las noticias de los acontecimientos m\u00e1s sobresalientes que sean dignos de su registro, con la finalidad de dejar constancia de los hechos pasados y actuales que por su trascendencia, impacto social y relevancia son dignos de estudio.<\/p>\n<p>Ser\u00e1 una publicaci\u00f3n trimestral que edita el Gobierno Municipal, la comisi\u00f3n de Educaci\u00f3n P\u00fablica, Cultura y Turismo, con la colaboraci\u00f3n activa de los integrantes del Consejo de la Cr\u00f3nica que esta formado por Juan Manuel Estrada Medina, presidente; los cronistas, Javier Ortiz Rojas, Alberto Carrillo C\u00e1zares y Enrique Carvajal Ayala; los vocales, Natalia Alejandra Salinas Bravo y Laura Graciela M\u00e9ndez Reyes y el secretario ejecutivo, Nicol\u00e1s Hermosillo Garc\u00eda.<\/p>\n<p>El primer volumen de la Gaceta, consta de 69 p\u00e1ginas e incluye la presentaci\u00f3n que es planteada por el alcalde Juan Manuel Estrada Medina, cinco art\u00edculos elaborados por los integrantes del consejo y una secci\u00f3n de los poetas de anta\u00f1o.<\/p>\n<p>La Gacetas ser\u00e1n distribuidas a las instituciones educativas, las bibliotecas p\u00fablicas y cada dependencia contar\u00e1 con un compendi\u00f3 para quienes deseen consultarla, adem\u00e1s se inform\u00f3 que est\u00e1 en proceso de edici\u00f3n la segunda, que a decir del s\u00edndico, Nicol\u00e1s Hermosillo se trata de una Monograf\u00eda del Municipio denominada \u201cTemas selectos de La Piedad\u201d que se trabaj\u00f3 en coordinaci\u00f3n con integrantes del Colegio de Michoac\u00e1n.<\/p>\n<p>Nicol\u00e1s Hermosillo indic\u00f3 que despu\u00e9s de m\u00e1s de 12 a\u00f1os, \u00e9sta es la primera publicaci\u00f3n que realiza un Gobierno Municipal, ya que a los anteriores no les interesaba este tema: \u201cafortunadamente a nosotros el s\u00edndrome del zopilote estre\u00f1ido no nos ha pegado, ya que s\u00ed se ha obrado en beneficio de proyectos como \u00e9ste\u201d.<\/p>\n","protected":false},"excerpt":{"rendered":"<p>A partir de la presentaci\u00f3n de la Primera Gaceta del Consejo de la Cr\u00f3nica, el&#8230;<\/p>\n","protected":false},"author":1,"featured_media":2339,"comment_status":"open","ping_status":"open","sticky":false,"template":"","format":"standard","meta":{"jetpack_post_was_ever_published":false,"_jetpack_newsletter_access":"","_jetpack_dont_email_post_to_subs":false,"_jetpack_newsletter_tier_id":0,"_jetpack_memberships_contains_paywalled_content":false,"_jetpack_memberships_contains_paid_content":false,"footnotes":"","jetpack_publicize_message":"","jetpack_publicize_feature_enabled":true,"jetpack_social_post_already_shared":false,"jetpack_social_options":{"image_generator_settings":{"template":"highway","enabled":false},"version":2}},"categories":[1],"tags":[15,36],"class_list":["post-2338","post","type-post","status-publish","format-standard","has-post-thumbnail","hentry","category-la-piedad","tag-la-piedad","tag-principales"],"jetpack_publicize_connections":[],"jetpack_sharing_enabled":true,"featured_image_urls":{"full":["http:\/\/tvalaire.com\/wp-content\/uploads\/2017\/08\/GACETA-DEL-CONSEJO-DE-LA-CRO\u0301NICA-ESTARA\u0301-DISPONIBLE-EN-INSTITUCIONES-EDUCATIVAS-Y-BIBLIOTECAS.jpg",718,591,false],"thumbnail":["http:\/\/tvalaire.com\/wp-content\/uploads\/2017\/08\/GACETA-DEL-CONSEJO-DE-LA-CRO\u0301NICA-ESTARA\u0301-DISPONIBLE-EN-INSTITUCIONES-EDUCATIVAS-Y-BIBLIOTECAS-150x150.jpg",150,150,true],"medium":["http:\/\/tvalaire.com\/wp-content\/uploads\/2017\/08\/GACETA-DEL-CONSEJO-DE-LA-CRO\u0301NICA-ESTARA\u0301-DISPONIBLE-EN-INSTITUCIONES-EDUCATIVAS-Y-BIBLIOTECAS-300x247.jpg",300,247,true],"medium_large":["http:\/\/tvalaire.com\/wp-content\/uploads\/2017\/08\/GACETA-DEL-CONSEJO-DE-LA-CRO\u0301NICA-ESTARA\u0301-DISPONIBLE-EN-INSTITUCIONES-EDUCATIVAS-Y-BIBLIOTECAS.jpg",640,527,false],"large":["http:\/\/tvalaire.com\/wp-content\/uploads\/2017\/08\/GACETA-DEL-CONSEJO-DE-LA-CRO\u0301NICA-ESTARA\u0301-DISPONIBLE-EN-INSTITUCIONES-EDUCATIVAS-Y-BIBLIOTECAS.jpg",640,527,false],"post-slider-thumb-size":["http:\/\/tvalaire.com\/wp-content\/uploads\/2017\/08\/GACETA-DEL-CONSEJO-DE-LA-CRO\u0301NICA-ESTARA\u0301-DISPONIBLE-EN-INSTITUCIONES-EDUCATIVAS-Y-BIBLIOTECAS.jpg",231,190,false],"post-category-slider-size":["http:\/\/tvalaire.com\/wp-content\/uploads\/2017\/08\/GACETA-DEL-CONSEJO-DE-LA-CRO\u0301NICA-ESTARA\u0301-DISPONIBLE-EN-INSTITUCIONES-EDUCATIVAS-Y-BIBLIOTECAS.jpg",330,272,false],"1536x1536":["http:\/\/tvalaire.com\/wp-content\/uploads\/2017\/08\/GACETA-DEL-CONSEJO-DE-LA-CRO\u0301NICA-ESTARA\u0301-DISPONIBLE-EN-INSTITUCIONES-EDUCATIVAS-Y-BIBLIOTECAS.jpg",718,591,false],"2048x2048":["http:\/\/tvalaire.com\/wp-content\/uploads\/2017\/08\/GACETA-DEL-CONSEJO-DE-LA-CRO\u0301NICA-ESTARA\u0301-DISPONIBLE-EN-INSTITUCIONES-EDUCATIVAS-Y-BIBLIOTECAS.jpg",718,591,false],"newsium-slider-full":["http:\/\/tvalaire.com\/wp-content\/uploads\/2017\/08\/GACETA-DEL-CONSEJO-DE-LA-CRO\u0301NICA-ESTARA\u0301-DISPONIBLE-EN-INSTITUCIONES-EDUCATIVAS-Y-BIBLIOTECAS.jpg",718,591,false],"newsium-featured":["http:\/\/tvalaire.com\/wp-content\/uploads\/2017\/08\/GACETA-DEL-CONSEJO-DE-LA-CRO\u0301NICA-ESTARA\u0301-DISPONIBLE-EN-INSTITUCIONES-EDUCATIVAS-Y-BIBLIOTECAS.jpg",718,591,false],"newsium-medium":["http:\/\/tvalaire.com\/wp-content\/uploads\/2017\/08\/GACETA-DEL-CONSEJO-DE-LA-CRO\u0301NICA-ESTARA\u0301-DISPONIBLE-EN-INSTITUCIONES-EDUCATIVAS-Y-BIBLIOTECAS.jpg",577,475,false]},"author_info":{"info":["tvalairenoti"]},"category_info":"<a href=\"http:\/\/tvalaire.com\/?cat=1\" rel=\"category\">La Piedad<\/a>","tag_info":"La Piedad","comment_count":"0","jetpack_featured_media_url":"http:\/\/tvalaire.com\/wp-content\/uploads\/2017\/08\/GACETA-DEL-CONSEJO-DE-LA-CRO\u0301NICA-ESTARA\u0301-DISPONIBLE-EN-INSTITUCIONES-EDUCATIVAS-Y-BIBLIOTECAS.jpg","_links":{"self":[{"href":"http:\/\/tvalaire.com\/index.php?rest_route=\/wp\/v2\/posts\/2338"}],"collection":[{"href":"http:\/\/tvalaire.com\/index.php?rest_route=\/wp\/v2\/posts"}],"about":[{"href":"http:\/\/tvalaire.com\/index.php?rest_route=\/wp\/v2\/types\/post"}],"author":[{"embeddable":true,"href":"http:\/\/tvalaire.com\/index.php?rest_route=\/wp\/v2\/users\/1"}],"replies":[{"embeddable":true,"href":"http:\/\/tvalaire.com\/index.php?rest_route=%2Fwp%2Fv2%2Fcomments&post=2338"}],"version-history":[{"count":1,"href":"http:\/\/tvalaire.com\/index.php?rest_route=\/wp\/v2\/posts\/2338\/revisions"}],"predecessor-version":[{"id":2340,"href":"http:\/\/tvalaire.com\/index.php?rest_route=\/wp\/v2\/posts\/2338\/revisions\/2340"}],"wp:featuredmedia":[{"embeddable":true,"href":"http:\/\/tvalaire.com\/index.php?rest_route=\/wp\/v2\/media\/2339"}],"wp:attachment":[{"href":"http:\/\/tvalaire.com\/index.php?rest_route=%2Fwp%2Fv2%2Fmedia&parent=2338"}],"wp:term":[{"taxonomy":"category","embeddable":true,"href":"http:\/\/tvalaire.com\/index.php?rest_route=%2Fwp%2Fv2%2Fcategories&post=2338"},{"taxonomy":"post_tag","embeddable":true,"href":"http:\/\/tvalaire.com\/index.php?rest_route=%2Fwp%2Fv2%2Ftags&post=2338"}],"curies":[{"name":"wp","href":"https:\/\/api.w.org\/{rel}","templated":true}]}}