{"id":2335,"date":"2017-08-01T09:02:37","date_gmt":"2017-08-01T14:02:37","guid":{"rendered":"http:\/\/tvalaire.com\/?p=2335"},"modified":"2017-08-01T09:02:37","modified_gmt":"2017-08-01T14:02:37","slug":"viene-la-mayor-aplicacion-de-recursos-en-obra-publica-ano-tesorero","status":"publish","type":"post","link":"http:\/\/tvalaire.com\/?p=2335","title":{"rendered":"\u201cVIENE LA MAYOR APLICACI\u00d3N DE RECURSOS EN OBRA P\u00daBLICA A\u00d1O\u201d: TESORERO"},"content":{"rendered":"<p>Por mayor\u00eda de votos, integrantes del Cabildo aprobaron la cuenta p\u00fablica trimestral del periodo abril-junio de este a\u00f1o, en la cual el tesorero municipal, Emilio Guill\u00e9n P\u00e9rez destac\u00f3 que si bien, hasta esa fecha aparece una inversi\u00f3n m\u00ednima en obra p\u00fablica, la mayor parte de los recursos que se destinaron para este fin, se dar\u00e1n durante este segundo semestre del a\u00f1o.<\/p>\n<p>La inversi\u00f3n aprobada para este concepto durante este a\u00f1o fue de poco m\u00e1s de 61 millones de pesos, de los cuales hasta el 30 de junio \u00fanicamente se han erogado el 7.68%, pero resalt\u00f3 que hist\u00f3ricamente, durante el segundo semestre del a\u00f1o, se realiza la mayor aplicaci\u00f3n de recursos en obra p\u00fablica porque el dinero no llega a principios del a\u00f1o.<\/p>\n<p>Sin embargo, indic\u00f3 que todo lo presupuestado ser\u00e1 ejercido durante este segundo semestre.<\/p>\n<p>Con relaci\u00f3n a la exposici\u00f3n de la cuenta trimestral, el s\u00edndico Nicol\u00e1s Hermosillo dijo que una situaci\u00f3n que se deb\u00eda rescatar era que al 30 de junio de este a\u00f1o, el pasivo de la deuda est\u00e1 en 50 millones y el ahorro que han tenido a la fecha es de 39 millones de pesos.<\/p>\n<p>A la sesi\u00f3n de Cabildo encabezada por el alcalde Juan Manuel Estrada Medina, asisti\u00f3 el tesorero Emilio Guill\u00e9n quien resalt\u00f3 que hasta el momento la situaci\u00f3n econ\u00f3mica del Ayuntamiento es estable pues por cada peso que deben, tienen un peso por pagar y la mayor\u00eda de las partidas presupuestales se han ejercido en base a lo programado.<\/p>\n<p>En cuesti\u00f3n de los ingresos presupuestados, indic\u00f3 que con esa fecha llevan el 60% de lo proyectado y apenas va la mitad de a\u00f1o, lo cual se debe expuso, a la eficiencia en la recaudaci\u00f3n.<\/p>\n<p>Mencion\u00f3 que los n\u00fameros presentados los avalan para seguir trabajando en favor del municipio, pues el trabajo se realiza de manera responsable, de ah\u00ed las opiniones positivas que han tenido tanto de la Secretar\u00eda de Finanzas del Gobierno del Estado, como la Auditoria Superior del Estado.<\/p>\n<p>Durante la votaci\u00f3n de la solicitud de aprobaci\u00f3n de la cual, \u00e9sta se autoriz\u00f3 con 8 votos a favor, 3 en contra y dos abstenciones.<\/p>\n<p>En la sesi\u00f3n de Cabildo, el s\u00edndico, Nicol\u00e1s Hermosillo Garc\u00eda y los regidores que forman parte del Ayuntamiento dieron cumplimiento a la Ley Org\u00e1nica Municipal del Estado de Michoac\u00e1n de Ocampo, en sus art\u00edculos 51 de las facultades y las obligaciones del S\u00edndico y art\u00edculo 52 fracci\u00f3n II de la Ley Org\u00e1nica Municipal del Estado de Michoac\u00e1n de Ocampo, al entregar su informe de trabajo.<\/p>\n<p>Tambi\u00e9n lo hizo de manera presencial, la contralora municipal, Mar\u00eda Guadalupe Rojas Calder\u00f3n correspondiente al segundo informe trimestral de este a\u00f1o en el que destac\u00f3 las auditorias realizadas, a cada una de las dependencias, los resultados de la evaluaci\u00f3n de desempe\u00f1o de cada una de las direcciones, la atenci\u00f3n de quejas en las que sobresalen aquellas que son en contra de los polic\u00edas municipales y tr\u00e1nsito local, as\u00ed como los oficios y recomendaciones que ha emitido.<\/p>\n","protected":false},"excerpt":{"rendered":"<p>Por mayor\u00eda de votos, integrantes del Cabildo aprobaron la cuenta p\u00fablica trimestral del periodo abril-junio&#8230;<\/p>\n","protected":false},"author":1,"featured_media":2336,"comment_status":"open","ping_status":"open","sticky":false,"template":"","format":"standard","meta":{"jetpack_post_was_ever_published":false,"_jetpack_newsletter_access":"","_jetpack_dont_email_post_to_subs":false,"_jetpack_newsletter_tier_id":0,"_jetpack_memberships_contains_paywalled_content":false,"_jetpack_memberships_contains_paid_content":false,"footnotes":"","jetpack_publicize_message":"","jetpack_publicize_feature_enabled":true,"jetpack_social_post_already_shared":false,"jetpack_social_options":{"image_generator_settings":{"template":"highway","enabled":false},"version":2}},"categories":[1],"tags":[15,36],"class_list":["post-2335","post","type-post","status-publish","format-standard","has-post-thumbnail","hentry","category-la-piedad","tag-la-piedad","tag-principales"],"jetpack_publicize_connections":[],"jetpack_sharing_enabled":true,"featured_image_urls":{"full":["http:\/\/tvalaire.com\/wp-content\/uploads\/2017\/08\/VIENE-LA-MAYOR-APLICACIO\u0301N-DE-RECURSOS-EN-OBRA-PU\u0301BLICA-AN\u0303O.jpg",883,591,false],"thumbnail":["http:\/\/tvalaire.com\/wp-content\/uploads\/2017\/08\/VIENE-LA-MAYOR-APLICACIO\u0301N-DE-RECURSOS-EN-OBRA-PU\u0301BLICA-AN\u0303O-150x150.jpg",150,150,true],"medium":["http:\/\/tvalaire.com\/wp-content\/uploads\/2017\/08\/VIENE-LA-MAYOR-APLICACIO\u0301N-DE-RECURSOS-EN-OBRA-PU\u0301BLICA-AN\u0303O-300x201.jpg",300,201,true],"medium_large":["http:\/\/tvalaire.com\/wp-content\/uploads\/2017\/08\/VIENE-LA-MAYOR-APLICACIO\u0301N-DE-RECURSOS-EN-OBRA-PU\u0301BLICA-AN\u0303O-768x514.jpg",640,428,true],"large":["http:\/\/tvalaire.com\/wp-content\/uploads\/2017\/08\/VIENE-LA-MAYOR-APLICACIO\u0301N-DE-RECURSOS-EN-OBRA-PU\u0301BLICA-AN\u0303O.jpg",640,428,false],"post-slider-thumb-size":["http:\/\/tvalaire.com\/wp-content\/uploads\/2017\/08\/VIENE-LA-MAYOR-APLICACIO\u0301N-DE-RECURSOS-EN-OBRA-PU\u0301BLICA-AN\u0303O.jpg",284,190,false],"post-category-slider-size":["http:\/\/tvalaire.com\/wp-content\/uploads\/2017\/08\/VIENE-LA-MAYOR-APLICACIO\u0301N-DE-RECURSOS-EN-OBRA-PU\u0301BLICA-AN\u0303O.jpg",330,221,false],"1536x1536":["http:\/\/tvalaire.com\/wp-content\/uploads\/2017\/08\/VIENE-LA-MAYOR-APLICACIO\u0301N-DE-RECURSOS-EN-OBRA-PU\u0301BLICA-AN\u0303O.jpg",883,591,false],"2048x2048":["http:\/\/tvalaire.com\/wp-content\/uploads\/2017\/08\/VIENE-LA-MAYOR-APLICACIO\u0301N-DE-RECURSOS-EN-OBRA-PU\u0301BLICA-AN\u0303O.jpg",883,591,false],"newsium-slider-full":["http:\/\/tvalaire.com\/wp-content\/uploads\/2017\/08\/VIENE-LA-MAYOR-APLICACIO\u0301N-DE-RECURSOS-EN-OBRA-PU\u0301BLICA-AN\u0303O.jpg",883,591,false],"newsium-featured":["http:\/\/tvalaire.com\/wp-content\/uploads\/2017\/08\/VIENE-LA-MAYOR-APLICACIO\u0301N-DE-RECURSOS-EN-OBRA-PU\u0301BLICA-AN\u0303O.jpg",883,591,false],"newsium-medium":["http:\/\/tvalaire.com\/wp-content\/uploads\/2017\/08\/VIENE-LA-MAYOR-APLICACIO\u0301N-DE-RECURSOS-EN-OBRA-PU\u0301BLICA-AN\u0303O.jpg",710,475,false]},"author_info":{"info":["tvalairenoti"]},"category_info":"<a href=\"http:\/\/tvalaire.com\/?cat=1\" rel=\"category\">La Piedad<\/a>","tag_info":"La Piedad","comment_count":"0","jetpack_featured_media_url":"http:\/\/tvalaire.com\/wp-content\/uploads\/2017\/08\/VIENE-LA-MAYOR-APLICACIO\u0301N-DE-RECURSOS-EN-OBRA-PU\u0301BLICA-AN\u0303O.jpg","_links":{"self":[{"href":"http:\/\/tvalaire.com\/index.php?rest_route=\/wp\/v2\/posts\/2335"}],"collection":[{"href":"http:\/\/tvalaire.com\/index.php?rest_route=\/wp\/v2\/posts"}],"about":[{"href":"http:\/\/tvalaire.com\/index.php?rest_route=\/wp\/v2\/types\/post"}],"author":[{"embeddable":true,"href":"http:\/\/tvalaire.com\/index.php?rest_route=\/wp\/v2\/users\/1"}],"replies":[{"embeddable":true,"href":"http:\/\/tvalaire.com\/index.php?rest_route=%2Fwp%2Fv2%2Fcomments&post=2335"}],"version-history":[{"count":1,"href":"http:\/\/tvalaire.com\/index.php?rest_route=\/wp\/v2\/posts\/2335\/revisions"}],"predecessor-version":[{"id":2337,"href":"http:\/\/tvalaire.com\/index.php?rest_route=\/wp\/v2\/posts\/2335\/revisions\/2337"}],"wp:featuredmedia":[{"embeddable":true,"href":"http:\/\/tvalaire.com\/index.php?rest_route=\/wp\/v2\/media\/2336"}],"wp:attachment":[{"href":"http:\/\/tvalaire.com\/index.php?rest_route=%2Fwp%2Fv2%2Fmedia&parent=2335"}],"wp:term":[{"taxonomy":"category","embeddable":true,"href":"http:\/\/tvalaire.com\/index.php?rest_route=%2Fwp%2Fv2%2Fcategories&post=2335"},{"taxonomy":"post_tag","embeddable":true,"href":"http:\/\/tvalaire.com\/index.php?rest_route=%2Fwp%2Fv2%2Ftags&post=2335"}],"curies":[{"name":"wp","href":"https:\/\/api.w.org\/{rel}","templated":true}]}}