{"id":2325,"date":"2017-07-28T09:18:35","date_gmt":"2017-07-28T14:18:35","guid":{"rendered":"http:\/\/tvalaire.com\/?p=2325"},"modified":"2017-07-28T09:18:35","modified_gmt":"2017-07-28T14:18:35","slug":"el-15-de-la-comunidad-educativa-en-el-municipio-esta-inscrito-en-el-programa-de-becas","status":"publish","type":"post","link":"http:\/\/tvalaire.com\/?p=2325","title":{"rendered":"El 15% DE LA COMUNIDAD EDUCATIVA EN EL MUNICIPIO EST\u00c1 INSCRITO EN EL PROGRAMA DE BECAS"},"content":{"rendered":"<p class=\"xmsonormal\" style=\"text-align: center; background: white; font-variant-ligatures: normal; font-variant-caps: normal; orphans: 2; widows: 2; -webkit-text-stroke-width: 0px; text-decoration-style: initial; text-decoration-color: initial; word-spacing: 0px;\" align=\"center\"><span style=\"font-size: 12.5pt; font-family: 'Arial','sans-serif'; color: #212121;\">\u00a0<\/span><\/p>\n<p class=\"xmsonormal\" style=\"text-align: justify; background: white; font-variant-ligatures: normal; font-variant-caps: normal; orphans: 2; widows: 2; -webkit-text-stroke-width: 0px; text-decoration-style: initial; text-decoration-color: initial; word-spacing: 0px;\"><span style=\"font-size: 12.5pt; font-family: 'Arial','sans-serif'; color: #212121;\">Este a\u00f1o, unos 4 mil 250 alumnos de todos los niveles educativos podr\u00e1n contar con un apoyo econ\u00f3mico por medio del programa de Becas, que en t\u00e9rminos num\u00e9ricos equivaldr\u00e1 al 15% del total de la comunidad educativa inscrito en este programa que brinda un incentivo econ\u00f3mico a los estudiantes.<\/span><\/p>\n<p class=\"xmsonormal\" style=\"text-align: justify; background: white; font-variant-ligatures: normal; font-variant-caps: normal; orphans: 2; widows: 2; -webkit-text-stroke-width: 0px; text-decoration-style: initial; text-decoration-color: initial; word-spacing: 0px;\"><span style=\"font-size: 12.5pt; font-family: 'Arial','sans-serif'; color: #212121;\">\u00a0El director de Educaci\u00f3n, revel\u00f3 este dato durante la inauguraci\u00f3n de la \u201cFeria de Regreso a Clases 2017\u201d que se lleva a cabo en la Plaza Principal, en la que destac\u00f3 primero la importancia de establecer estos puntos de venta con los cuales se ayudar\u00e1 a este sector, para que pueda comparar precio y calidad y ayude a su vez, a que el comercio se reactive.<\/span><\/p>\n<p class=\"xmsonormal\" style=\"text-align: justify; background: white;\"><span style=\"font-size: 12.5pt; font-family: 'Arial','sans-serif'; color: #212121;\">\u00a0Inform\u00f3 que en La Piedad, la comunidad educativa es de 31 mil 200 alumnos que est\u00e1n inscritos en 203 planteles por tanto, este a\u00f1o se apoyar\u00e1 a casi el 15% de la comunidad a trav\u00e9s del programa de Becas Municipales. El funcionario destac\u00f3 que adem\u00e1s de este programa, el Gobierno trabaja en la rehabilitaci\u00f3n de 27 planteles educativos, proporciona en algunos casos maestros, personal de intendencia o veladores, entre otros.<\/span><\/p>\n<p class=\"xmsonormal\" style=\"text-align: justify; background: white; font-variant-ligatures: normal; font-variant-caps: normal; orphans: 2; widows: 2; -webkit-text-stroke-width: 0px; text-decoration-style: initial; text-decoration-color: initial; word-spacing: 0px;\"><span style=\"font-size: 12.5pt; font-family: 'Arial','sans-serif'; color: #212121;\">\u00a0Todo esto ha redundado en mejores resultados en la comunidad educativa, puesto que mientras que a nivel nacional el \u00edndice de permanencia de los alumnos en las escuelas es del 50% en La Piedad es de entre el 60 y 70% y en el caso de Preparatoria hasta el 90.<\/span><\/p>\n<p class=\"xmsonormal\" style=\"text-align: justify; background: white;\"><span style=\"font-size: 12.5pt; font-family: 'Arial','sans-serif'; color: #212121;\">\u00a0La Feria de Regreso a Clases 2017 la organiza el Gobierno Municipal con el apoyo de la C\u00e1mara Nacional de Comercio (CANACO) y el apoyo de la Procuradur\u00eda Federal del Consumidor (PROFECO), con la finalidad de ofrecer precio y calidad y de apoyar a la econom\u00eda familiar.<\/span><\/p>\n<p class=\"xmsonormal\" style=\"text-align: justify; background: white; font-variant-ligatures: normal; font-variant-caps: normal; orphans: 2; widows: 2; -webkit-text-stroke-width: 0px; text-decoration-style: initial; text-decoration-color: initial; word-spacing: 0px;\"><span style=\"font-size: 12.5pt; font-family: 'Arial','sans-serif'; color: #212121;\">\u00a0La feria permanecer\u00e1 en la Plaza Principal hasta el lunes 31 de agosto por lo que la invitaci\u00f3n a la poblaci\u00f3n est\u00e1 abierta para que acudan a ella y puedan as\u00ed comparar precio y calidad para este regreso a clases.<\/span><\/p>\n","protected":false},"excerpt":{"rendered":"<p>\u00a0 Este a\u00f1o, unos 4 mil 250 alumnos de todos los niveles educativos podr\u00e1n contar&#8230;<\/p>\n","protected":false},"author":1,"featured_media":2322,"comment_status":"open","ping_status":"open","sticky":false,"template":"","format":"standard","meta":{"jetpack_post_was_ever_published":false,"_jetpack_newsletter_access":"","_jetpack_dont_email_post_to_subs":false,"_jetpack_newsletter_tier_id":0,"_jetpack_memberships_contains_paywalled_content":false,"_jetpack_memberships_contains_paid_content":false,"footnotes":"","jetpack_publicize_message":"","jetpack_publicize_feature_enabled":true,"jetpack_social_post_already_shared":false,"jetpack_social_options":{"image_generator_settings":{"template":"highway","enabled":false},"version":2}},"categories":[1],"tags":[15,36],"class_list":["post-2325","post","type-post","status-publish","format-standard","has-post-thumbnail","hentry","category-la-piedad","tag-la-piedad","tag-principales"],"jetpack_publicize_connections":[],"jetpack_sharing_enabled":true,"featured_image_urls":{"full":["http:\/\/tvalaire.com\/wp-content\/uploads\/2017\/07\/El-15-DE-LA-COMUNIDAD-EDUCATIVA-EN-EL-MUNICIPIO-EST\u00c1-INSCRITO-EN-EL-PROGRAMA-DE-BECAS2.jpg",1024,684,false],"thumbnail":["http:\/\/tvalaire.com\/wp-content\/uploads\/2017\/07\/El-15-DE-LA-COMUNIDAD-EDUCATIVA-EN-EL-MUNICIPIO-EST\u00c1-INSCRITO-EN-EL-PROGRAMA-DE-BECAS2-150x150.jpg",150,150,true],"medium":["http:\/\/tvalaire.com\/wp-content\/uploads\/2017\/07\/El-15-DE-LA-COMUNIDAD-EDUCATIVA-EN-EL-MUNICIPIO-EST\u00c1-INSCRITO-EN-EL-PROGRAMA-DE-BECAS2-300x200.jpg",300,200,true],"medium_large":["http:\/\/tvalaire.com\/wp-content\/uploads\/2017\/07\/El-15-DE-LA-COMUNIDAD-EDUCATIVA-EN-EL-MUNICIPIO-EST\u00c1-INSCRITO-EN-EL-PROGRAMA-DE-BECAS2-768x513.jpg",640,428,true],"large":["http:\/\/tvalaire.com\/wp-content\/uploads\/2017\/07\/El-15-DE-LA-COMUNIDAD-EDUCATIVA-EN-EL-MUNICIPIO-EST\u00c1-INSCRITO-EN-EL-PROGRAMA-DE-BECAS2-1024x684.jpg",640,428,true],"post-slider-thumb-size":["http:\/\/tvalaire.com\/wp-content\/uploads\/2017\/07\/El-15-DE-LA-COMUNIDAD-EDUCATIVA-EN-EL-MUNICIPIO-EST\u00c1-INSCRITO-EN-EL-PROGRAMA-DE-BECAS2.jpg",284,190,false],"post-category-slider-size":["http:\/\/tvalaire.com\/wp-content\/uploads\/2017\/07\/El-15-DE-LA-COMUNIDAD-EDUCATIVA-EN-EL-MUNICIPIO-EST\u00c1-INSCRITO-EN-EL-PROGRAMA-DE-BECAS2.jpg",330,220,false],"1536x1536":["http:\/\/tvalaire.com\/wp-content\/uploads\/2017\/07\/El-15-DE-LA-COMUNIDAD-EDUCATIVA-EN-EL-MUNICIPIO-EST\u00c1-INSCRITO-EN-EL-PROGRAMA-DE-BECAS2.jpg",1024,684,false],"2048x2048":["http:\/\/tvalaire.com\/wp-content\/uploads\/2017\/07\/El-15-DE-LA-COMUNIDAD-EDUCATIVA-EN-EL-MUNICIPIO-EST\u00c1-INSCRITO-EN-EL-PROGRAMA-DE-BECAS2.jpg",1024,684,false],"newsium-slider-full":["http:\/\/tvalaire.com\/wp-content\/uploads\/2017\/07\/El-15-DE-LA-COMUNIDAD-EDUCATIVA-EN-EL-MUNICIPIO-EST\u00c1-INSCRITO-EN-EL-PROGRAMA-DE-BECAS2.jpg",1024,684,false],"newsium-featured":["http:\/\/tvalaire.com\/wp-content\/uploads\/2017\/07\/El-15-DE-LA-COMUNIDAD-EDUCATIVA-EN-EL-MUNICIPIO-EST\u00c1-INSCRITO-EN-EL-PROGRAMA-DE-BECAS2.jpg",1024,684,false],"newsium-medium":["http:\/\/tvalaire.com\/wp-content\/uploads\/2017\/07\/El-15-DE-LA-COMUNIDAD-EDUCATIVA-EN-EL-MUNICIPIO-EST\u00c1-INSCRITO-EN-EL-PROGRAMA-DE-BECAS2.jpg",711,475,false]},"author_info":{"info":["tvalairenoti"]},"category_info":"<a href=\"http:\/\/tvalaire.com\/?cat=1\" rel=\"category\">La Piedad<\/a>","tag_info":"La Piedad","comment_count":"0","jetpack_featured_media_url":"http:\/\/tvalaire.com\/wp-content\/uploads\/2017\/07\/El-15-DE-LA-COMUNIDAD-EDUCATIVA-EN-EL-MUNICIPIO-EST\u00c1-INSCRITO-EN-EL-PROGRAMA-DE-BECAS2.jpg","_links":{"self":[{"href":"http:\/\/tvalaire.com\/index.php?rest_route=\/wp\/v2\/posts\/2325"}],"collection":[{"href":"http:\/\/tvalaire.com\/index.php?rest_route=\/wp\/v2\/posts"}],"about":[{"href":"http:\/\/tvalaire.com\/index.php?rest_route=\/wp\/v2\/types\/post"}],"author":[{"embeddable":true,"href":"http:\/\/tvalaire.com\/index.php?rest_route=\/wp\/v2\/users\/1"}],"replies":[{"embeddable":true,"href":"http:\/\/tvalaire.com\/index.php?rest_route=%2Fwp%2Fv2%2Fcomments&post=2325"}],"version-history":[{"count":1,"href":"http:\/\/tvalaire.com\/index.php?rest_route=\/wp\/v2\/posts\/2325\/revisions"}],"predecessor-version":[{"id":2326,"href":"http:\/\/tvalaire.com\/index.php?rest_route=\/wp\/v2\/posts\/2325\/revisions\/2326"}],"wp:featuredmedia":[{"embeddable":true,"href":"http:\/\/tvalaire.com\/index.php?rest_route=\/wp\/v2\/media\/2322"}],"wp:attachment":[{"href":"http:\/\/tvalaire.com\/index.php?rest_route=%2Fwp%2Fv2%2Fmedia&parent=2325"}],"wp:term":[{"taxonomy":"category","embeddable":true,"href":"http:\/\/tvalaire.com\/index.php?rest_route=%2Fwp%2Fv2%2Fcategories&post=2325"},{"taxonomy":"post_tag","embeddable":true,"href":"http:\/\/tvalaire.com\/index.php?rest_route=%2Fwp%2Fv2%2Ftags&post=2325"}],"curies":[{"name":"wp","href":"https:\/\/api.w.org\/{rel}","templated":true}]}}