{"id":2303,"date":"2017-07-27T08:50:42","date_gmt":"2017-07-27T13:50:42","guid":{"rendered":"http:\/\/tvalaire.com\/?p=2303"},"modified":"2017-07-27T08:50:42","modified_gmt":"2017-07-27T13:50:42","slug":"32-anos-sin-agua-potable-tenian-los-habitantes-de-una-calle-de-la-comunidad-de-emiliano-zapata","status":"publish","type":"post","link":"http:\/\/tvalaire.com\/?p=2303","title":{"rendered":"32 A\u00d1OS SIN AGUA POTABLE TENIAN LOS HABITANTES DE UNA CALLE DE LA COMUNIDAD DE EMILIANO ZAPATA"},"content":{"rendered":"<p>\u201cPara nosotros es muy importante llevar los servicios b\u00e1sicos a la gente, a lo mejor son obras que no se ven a simple vista, pero si muy necesarios para que las personas tengan una mejor calidad de vida, aparte de que el agua potable es un derecho humano. Es por ello que el Municipio tiene la obligaci\u00f3n de proveer ese servicio, por eso buscamos alternativas para poderlas llevar el agua potable hasta sus hogares\u201d resalt\u00f3 V\u00edctor V\u00e1zquez Presidente Municipal en la inauguraci\u00f3n de la ampliaci\u00f3n de red de agua potable en la calle por el arroyo de la comunidad de Emiliano Zapata.<\/p>\n<p>Adem\u00e1s hizo entrega de otra ampliaci\u00f3n de red de agua potable frente al jard\u00edn de ni\u00f1os y ampliaci\u00f3n de red de drenaje sanitario en dicha comunidad. En donde extern\u00f3 a los asistentes que \u201cestamos muy contentos y satisfechos por traer estas obras, ustedes nos las solicitaron como prioridad y ahora estamos muy contentos de cumplir con este compromiso que hab\u00edamos adquirido\u201d.<\/p>\n<p>En el mismo marco enfatiz\u00f3 que es muy satisfactorio el poder escuchar todos los testimonios de cada uno de los beneficiados que comentan lo importante que son estos servicios que anteriormente no ten\u00edan.<\/p>\n<p>Asimismo realizo la supervisi\u00f3n de la construcci\u00f3n de 20 ba\u00f1os sanitarios con biodigestor y la construcci\u00f3n de losa de alcantarilla en la calle La Tinaja de la misma comunidad. Ah\u00ed la se\u00f1ora Mar\u00eda de la Luz Aguilar Contreras extern\u00f3 que \u201cde primero no me la cre\u00eda que me iban a realizar mi ba\u00f1o, pero ya cuando comenzaron a construirlo, ya me la tome m\u00e1s enserio. Yo le agradezco mucho Presidente V\u00edctor V\u00e1zquez pues yo nunca hab\u00eda tenido un apoyo y ahora s\u00ed est\u00e1 viendo por esta comunidad\u201d.<\/p>\n<p><img loading=\"lazy\" decoding=\"async\" class=\"alignnone size-medium wp-image-2311\" src=\"http:\/\/tvalaire.com\/wp-content\/uploads\/2017\/07\/32-A\u00d1OS-SIN-AGUA-POTABLE-TENIAN-LOS-HABITANTES-EN-UNA-DE-LAS-CALLES-DE-LA-COMUNIDAD-DE-EMILIANO-ZAPATA-2-2-300x199.jpg\" alt=\"\" width=\"300\" height=\"199\" srcset=\"http:\/\/tvalaire.com\/wp-content\/uploads\/2017\/07\/32-A\u00d1OS-SIN-AGUA-POTABLE-TENIAN-LOS-HABITANTES-EN-UNA-DE-LAS-CALLES-DE-LA-COMUNIDAD-DE-EMILIANO-ZAPATA-2-2-300x199.jpg 300w, http:\/\/tvalaire.com\/wp-content\/uploads\/2017\/07\/32-A\u00d1OS-SIN-AGUA-POTABLE-TENIAN-LOS-HABITANTES-EN-UNA-DE-LAS-CALLES-DE-LA-COMUNIDAD-DE-EMILIANO-ZAPATA-2-2-768x509.jpg 768w, http:\/\/tvalaire.com\/wp-content\/uploads\/2017\/07\/32-A\u00d1OS-SIN-AGUA-POTABLE-TENIAN-LOS-HABITANTES-EN-UNA-DE-LAS-CALLES-DE-LA-COMUNIDAD-DE-EMILIANO-ZAPATA-2-2-1024x678.jpg 1024w, http:\/\/tvalaire.com\/wp-content\/uploads\/2017\/07\/32-A\u00d1OS-SIN-AGUA-POTABLE-TENIAN-LOS-HABITANTES-EN-UNA-DE-LAS-CALLES-DE-LA-COMUNIDAD-DE-EMILIANO-ZAPATA-2-2.jpg 2048w\" sizes=\"(max-width: 300px) 100vw, 300px\" \/><\/p>\n<p><img loading=\"lazy\" decoding=\"async\" class=\"alignnone size-medium wp-image-2310\" src=\"http:\/\/tvalaire.com\/wp-content\/uploads\/2017\/07\/32-A\u00d1OS-SIN-AGUA-POTABLE-TENIAN-LOS-HABITANTES-EN-UNA-DE-LAS-CALLES-DE-LA-COMUNIDAD-DE-EMILIANO-ZAPATA-2-1-300x199.jpg\" alt=\"\" width=\"300\" height=\"199\" srcset=\"http:\/\/tvalaire.com\/wp-content\/uploads\/2017\/07\/32-A\u00d1OS-SIN-AGUA-POTABLE-TENIAN-LOS-HABITANTES-EN-UNA-DE-LAS-CALLES-DE-LA-COMUNIDAD-DE-EMILIANO-ZAPATA-2-1-300x199.jpg 300w, http:\/\/tvalaire.com\/wp-content\/uploads\/2017\/07\/32-A\u00d1OS-SIN-AGUA-POTABLE-TENIAN-LOS-HABITANTES-EN-UNA-DE-LAS-CALLES-DE-LA-COMUNIDAD-DE-EMILIANO-ZAPATA-2-1-768x509.jpg 768w, http:\/\/tvalaire.com\/wp-content\/uploads\/2017\/07\/32-A\u00d1OS-SIN-AGUA-POTABLE-TENIAN-LOS-HABITANTES-EN-UNA-DE-LAS-CALLES-DE-LA-COMUNIDAD-DE-EMILIANO-ZAPATA-2-1-1024x678.jpg 1024w, http:\/\/tvalaire.com\/wp-content\/uploads\/2017\/07\/32-A\u00d1OS-SIN-AGUA-POTABLE-TENIAN-LOS-HABITANTES-EN-UNA-DE-LAS-CALLES-DE-LA-COMUNIDAD-DE-EMILIANO-ZAPATA-2-1.jpg 2048w\" sizes=\"(max-width: 300px) 100vw, 300px\" \/><\/p>\n<p><img loading=\"lazy\" decoding=\"async\" class=\"alignnone size-medium wp-image-2309\" src=\"http:\/\/tvalaire.com\/wp-content\/uploads\/2017\/07\/32-A\u00d1OS-SIN-AGUA-POTABLE-TENIAN-LOS-HABITANTES-EN-UNA-DE-LAS-CALLES-DE-LA-COMUNIDAD-DE-EMILIANO-ZAPATA-6-300x199.jpg\" alt=\"\" width=\"300\" height=\"199\" srcset=\"http:\/\/tvalaire.com\/wp-content\/uploads\/2017\/07\/32-A\u00d1OS-SIN-AGUA-POTABLE-TENIAN-LOS-HABITANTES-EN-UNA-DE-LAS-CALLES-DE-LA-COMUNIDAD-DE-EMILIANO-ZAPATA-6-300x199.jpg 300w, http:\/\/tvalaire.com\/wp-content\/uploads\/2017\/07\/32-A\u00d1OS-SIN-AGUA-POTABLE-TENIAN-LOS-HABITANTES-EN-UNA-DE-LAS-CALLES-DE-LA-COMUNIDAD-DE-EMILIANO-ZAPATA-6-768x509.jpg 768w, http:\/\/tvalaire.com\/wp-content\/uploads\/2017\/07\/32-A\u00d1OS-SIN-AGUA-POTABLE-TENIAN-LOS-HABITANTES-EN-UNA-DE-LAS-CALLES-DE-LA-COMUNIDAD-DE-EMILIANO-ZAPATA-6-1024x678.jpg 1024w, http:\/\/tvalaire.com\/wp-content\/uploads\/2017\/07\/32-A\u00d1OS-SIN-AGUA-POTABLE-TENIAN-LOS-HABITANTES-EN-UNA-DE-LAS-CALLES-DE-LA-COMUNIDAD-DE-EMILIANO-ZAPATA-6.jpg 2048w\" sizes=\"(max-width: 300px) 100vw, 300px\" \/><\/p>\n<p><img loading=\"lazy\" decoding=\"async\" class=\"alignnone size-medium wp-image-2308\" src=\"http:\/\/tvalaire.com\/wp-content\/uploads\/2017\/07\/32-A\u00d1OS-SIN-AGUA-POTABLE-TENIAN-LOS-HABITANTES-EN-UNA-DE-LAS-CALLES-DE-LA-COMUNIDAD-DE-EMILIANO-ZAPATA-5-300x199.jpg\" alt=\"\" width=\"300\" height=\"199\" srcset=\"http:\/\/tvalaire.com\/wp-content\/uploads\/2017\/07\/32-A\u00d1OS-SIN-AGUA-POTABLE-TENIAN-LOS-HABITANTES-EN-UNA-DE-LAS-CALLES-DE-LA-COMUNIDAD-DE-EMILIANO-ZAPATA-5-300x199.jpg 300w, http:\/\/tvalaire.com\/wp-content\/uploads\/2017\/07\/32-A\u00d1OS-SIN-AGUA-POTABLE-TENIAN-LOS-HABITANTES-EN-UNA-DE-LAS-CALLES-DE-LA-COMUNIDAD-DE-EMILIANO-ZAPATA-5-768x509.jpg 768w, http:\/\/tvalaire.com\/wp-content\/uploads\/2017\/07\/32-A\u00d1OS-SIN-AGUA-POTABLE-TENIAN-LOS-HABITANTES-EN-UNA-DE-LAS-CALLES-DE-LA-COMUNIDAD-DE-EMILIANO-ZAPATA-5-1024x678.jpg 1024w, http:\/\/tvalaire.com\/wp-content\/uploads\/2017\/07\/32-A\u00d1OS-SIN-AGUA-POTABLE-TENIAN-LOS-HABITANTES-EN-UNA-DE-LAS-CALLES-DE-LA-COMUNIDAD-DE-EMILIANO-ZAPATA-5.jpg 2048w\" sizes=\"(max-width: 300px) 100vw, 300px\" \/><\/p>\n<p><img loading=\"lazy\" decoding=\"async\" class=\"alignnone size-medium wp-image-2307\" src=\"http:\/\/tvalaire.com\/wp-content\/uploads\/2017\/07\/32-A\u00d1OS-SIN-AGUA-POTABLE-TENIAN-LOS-HABITANTES-EN-UNA-DE-LAS-CALLES-DE-LA-COMUNIDAD-DE-EMILIANO-ZAPATA-4-300x199.jpg\" alt=\"\" width=\"300\" height=\"199\" srcset=\"http:\/\/tvalaire.com\/wp-content\/uploads\/2017\/07\/32-A\u00d1OS-SIN-AGUA-POTABLE-TENIAN-LOS-HABITANTES-EN-UNA-DE-LAS-CALLES-DE-LA-COMUNIDAD-DE-EMILIANO-ZAPATA-4-300x199.jpg 300w, http:\/\/tvalaire.com\/wp-content\/uploads\/2017\/07\/32-A\u00d1OS-SIN-AGUA-POTABLE-TENIAN-LOS-HABITANTES-EN-UNA-DE-LAS-CALLES-DE-LA-COMUNIDAD-DE-EMILIANO-ZAPATA-4-768x509.jpg 768w, http:\/\/tvalaire.com\/wp-content\/uploads\/2017\/07\/32-A\u00d1OS-SIN-AGUA-POTABLE-TENIAN-LOS-HABITANTES-EN-UNA-DE-LAS-CALLES-DE-LA-COMUNIDAD-DE-EMILIANO-ZAPATA-4-1024x678.jpg 1024w, http:\/\/tvalaire.com\/wp-content\/uploads\/2017\/07\/32-A\u00d1OS-SIN-AGUA-POTABLE-TENIAN-LOS-HABITANTES-EN-UNA-DE-LAS-CALLES-DE-LA-COMUNIDAD-DE-EMILIANO-ZAPATA-4.jpg 2048w\" sizes=\"(max-width: 300px) 100vw, 300px\" \/><\/p>\n<p><img loading=\"lazy\" decoding=\"async\" class=\"alignnone size-medium wp-image-2305\" src=\"http:\/\/tvalaire.com\/wp-content\/uploads\/2017\/07\/32-A\u00d1OS-SIN-AGUA-POTABLE-TENIAN-LOS-HABITANTES-EN-UNA-DE-LAS-CALLES-DE-LA-COMUNIDAD-DE-EMILIANO-ZAPATA-2-300x199.jpg\" alt=\"\" width=\"300\" height=\"199\" srcset=\"http:\/\/tvalaire.com\/wp-content\/uploads\/2017\/07\/32-A\u00d1OS-SIN-AGUA-POTABLE-TENIAN-LOS-HABITANTES-EN-UNA-DE-LAS-CALLES-DE-LA-COMUNIDAD-DE-EMILIANO-ZAPATA-2-300x199.jpg 300w, http:\/\/tvalaire.com\/wp-content\/uploads\/2017\/07\/32-A\u00d1OS-SIN-AGUA-POTABLE-TENIAN-LOS-HABITANTES-EN-UNA-DE-LAS-CALLES-DE-LA-COMUNIDAD-DE-EMILIANO-ZAPATA-2-768x509.jpg 768w, http:\/\/tvalaire.com\/wp-content\/uploads\/2017\/07\/32-A\u00d1OS-SIN-AGUA-POTABLE-TENIAN-LOS-HABITANTES-EN-UNA-DE-LAS-CALLES-DE-LA-COMUNIDAD-DE-EMILIANO-ZAPATA-2-1024x678.jpg 1024w, http:\/\/tvalaire.com\/wp-content\/uploads\/2017\/07\/32-A\u00d1OS-SIN-AGUA-POTABLE-TENIAN-LOS-HABITANTES-EN-UNA-DE-LAS-CALLES-DE-LA-COMUNIDAD-DE-EMILIANO-ZAPATA-2.jpg 2048w\" sizes=\"(max-width: 300px) 100vw, 300px\" \/><\/p>\n<p><img loading=\"lazy\" decoding=\"async\" class=\"alignnone size-medium wp-image-2304\" src=\"http:\/\/tvalaire.com\/wp-content\/uploads\/2017\/07\/32-A\u00d1OS-SIN-AGUA-POTABLE-TENIAN-LOS-HABITANTES-EN-UNA-DE-LAS-CALLES-DE-LA-COMUNIDAD-DE-EMILIANO-ZAPATA-1-300x199.jpg\" alt=\"\" width=\"300\" height=\"199\" srcset=\"http:\/\/tvalaire.com\/wp-content\/uploads\/2017\/07\/32-A\u00d1OS-SIN-AGUA-POTABLE-TENIAN-LOS-HABITANTES-EN-UNA-DE-LAS-CALLES-DE-LA-COMUNIDAD-DE-EMILIANO-ZAPATA-1-300x199.jpg 300w, http:\/\/tvalaire.com\/wp-content\/uploads\/2017\/07\/32-A\u00d1OS-SIN-AGUA-POTABLE-TENIAN-LOS-HABITANTES-EN-UNA-DE-LAS-CALLES-DE-LA-COMUNIDAD-DE-EMILIANO-ZAPATA-1-768x509.jpg 768w, http:\/\/tvalaire.com\/wp-content\/uploads\/2017\/07\/32-A\u00d1OS-SIN-AGUA-POTABLE-TENIAN-LOS-HABITANTES-EN-UNA-DE-LAS-CALLES-DE-LA-COMUNIDAD-DE-EMILIANO-ZAPATA-1-1024x678.jpg 1024w, http:\/\/tvalaire.com\/wp-content\/uploads\/2017\/07\/32-A\u00d1OS-SIN-AGUA-POTABLE-TENIAN-LOS-HABITANTES-EN-UNA-DE-LAS-CALLES-DE-LA-COMUNIDAD-DE-EMILIANO-ZAPATA-1.jpg 2048w\" sizes=\"(max-width: 300px) 100vw, 300px\" \/><\/p>\n<p>&nbsp;<\/p>\n","protected":false},"excerpt":{"rendered":"<p>\u201cPara nosotros es muy importante llevar los servicios b\u00e1sicos a la gente, a lo mejor&#8230;<\/p>\n","protected":false},"author":1,"featured_media":2306,"comment_status":"open","ping_status":"open","sticky":false,"template":"","format":"standard","meta":{"jetpack_post_was_ever_published":false,"_jetpack_newsletter_access":"","_jetpack_dont_email_post_to_subs":false,"_jetpack_newsletter_tier_id":0,"_jetpack_memberships_contains_paywalled_content":false,"_jetpack_memberships_contains_paid_content":false,"footnotes":"","jetpack_publicize_message":"","jetpack_publicize_feature_enabled":true,"jetpack_social_post_already_shared":false,"jetpack_social_options":{"image_generator_settings":{"template":"highway","enabled":false},"version":2}},"categories":[4],"tags":[36,24],"class_list":["post-2303","post","type-post","status-publish","format-standard","has-post-thumbnail","hentry","category-puruandiro","tag-principales","tag-puruandiro"],"jetpack_publicize_connections":[],"jetpack_sharing_enabled":true,"featured_image_urls":{"full":["http:\/\/tvalaire.com\/wp-content\/uploads\/2017\/07\/32-A\u00d1OS-SIN-AGUA-POTABLE-TENIAN-LOS-HABITANTES-EN-UNA-DE-LAS-CALLES-DE-LA-COMUNIDAD-DE-EMILIANO-ZAPATA-3.jpg",2048,1356,false],"thumbnail":["http:\/\/tvalaire.com\/wp-content\/uploads\/2017\/07\/32-A\u00d1OS-SIN-AGUA-POTABLE-TENIAN-LOS-HABITANTES-EN-UNA-DE-LAS-CALLES-DE-LA-COMUNIDAD-DE-EMILIANO-ZAPATA-3-150x150.jpg",150,150,true],"medium":["http:\/\/tvalaire.com\/wp-content\/uploads\/2017\/07\/32-A\u00d1OS-SIN-AGUA-POTABLE-TENIAN-LOS-HABITANTES-EN-UNA-DE-LAS-CALLES-DE-LA-COMUNIDAD-DE-EMILIANO-ZAPATA-3-300x199.jpg",300,199,true],"medium_large":["http:\/\/tvalaire.com\/wp-content\/uploads\/2017\/07\/32-A\u00d1OS-SIN-AGUA-POTABLE-TENIAN-LOS-HABITANTES-EN-UNA-DE-LAS-CALLES-DE-LA-COMUNIDAD-DE-EMILIANO-ZAPATA-3-768x509.jpg",640,424,true],"large":["http:\/\/tvalaire.com\/wp-content\/uploads\/2017\/07\/32-A\u00d1OS-SIN-AGUA-POTABLE-TENIAN-LOS-HABITANTES-EN-UNA-DE-LAS-CALLES-DE-LA-COMUNIDAD-DE-EMILIANO-ZAPATA-3-1024x678.jpg",640,424,true],"post-slider-thumb-size":["http:\/\/tvalaire.com\/wp-content\/uploads\/2017\/07\/32-A\u00d1OS-SIN-AGUA-POTABLE-TENIAN-LOS-HABITANTES-EN-UNA-DE-LAS-CALLES-DE-LA-COMUNIDAD-DE-EMILIANO-ZAPATA-3.jpg",287,190,false],"post-category-slider-size":["http:\/\/tvalaire.com\/wp-content\/uploads\/2017\/07\/32-A\u00d1OS-SIN-AGUA-POTABLE-TENIAN-LOS-HABITANTES-EN-UNA-DE-LAS-CALLES-DE-LA-COMUNIDAD-DE-EMILIANO-ZAPATA-3.jpg",330,218,false],"1536x1536":["http:\/\/tvalaire.com\/wp-content\/uploads\/2017\/07\/32-A\u00d1OS-SIN-AGUA-POTABLE-TENIAN-LOS-HABITANTES-EN-UNA-DE-LAS-CALLES-DE-LA-COMUNIDAD-DE-EMILIANO-ZAPATA-3.jpg",1536,1017,false],"2048x2048":["http:\/\/tvalaire.com\/wp-content\/uploads\/2017\/07\/32-A\u00d1OS-SIN-AGUA-POTABLE-TENIAN-LOS-HABITANTES-EN-UNA-DE-LAS-CALLES-DE-LA-COMUNIDAD-DE-EMILIANO-ZAPATA-3.jpg",2048,1356,false],"newsium-slider-full":["http:\/\/tvalaire.com\/wp-content\/uploads\/2017\/07\/32-A\u00d1OS-SIN-AGUA-POTABLE-TENIAN-LOS-HABITANTES-EN-UNA-DE-LAS-CALLES-DE-LA-COMUNIDAD-DE-EMILIANO-ZAPATA-3.jpg",1276,845,false],"newsium-featured":["http:\/\/tvalaire.com\/wp-content\/uploads\/2017\/07\/32-A\u00d1OS-SIN-AGUA-POTABLE-TENIAN-LOS-HABITANTES-EN-UNA-DE-LAS-CALLES-DE-LA-COMUNIDAD-DE-EMILIANO-ZAPATA-3.jpg",1024,678,false],"newsium-medium":["http:\/\/tvalaire.com\/wp-content\/uploads\/2017\/07\/32-A\u00d1OS-SIN-AGUA-POTABLE-TENIAN-LOS-HABITANTES-EN-UNA-DE-LAS-CALLES-DE-LA-COMUNIDAD-DE-EMILIANO-ZAPATA-3.jpg",717,475,false]},"author_info":{"info":["tvalairenoti"]},"category_info":"<a href=\"http:\/\/tvalaire.com\/?cat=4\" rel=\"category\">Puru\u00e1ndiro<\/a>","tag_info":"Puru\u00e1ndiro","comment_count":"0","jetpack_featured_media_url":"http:\/\/tvalaire.com\/wp-content\/uploads\/2017\/07\/32-A\u00d1OS-SIN-AGUA-POTABLE-TENIAN-LOS-HABITANTES-EN-UNA-DE-LAS-CALLES-DE-LA-COMUNIDAD-DE-EMILIANO-ZAPATA-3.jpg","_links":{"self":[{"href":"http:\/\/tvalaire.com\/index.php?rest_route=\/wp\/v2\/posts\/2303"}],"collection":[{"href":"http:\/\/tvalaire.com\/index.php?rest_route=\/wp\/v2\/posts"}],"about":[{"href":"http:\/\/tvalaire.com\/index.php?rest_route=\/wp\/v2\/types\/post"}],"author":[{"embeddable":true,"href":"http:\/\/tvalaire.com\/index.php?rest_route=\/wp\/v2\/users\/1"}],"replies":[{"embeddable":true,"href":"http:\/\/tvalaire.com\/index.php?rest_route=%2Fwp%2Fv2%2Fcomments&post=2303"}],"version-history":[{"count":1,"href":"http:\/\/tvalaire.com\/index.php?rest_route=\/wp\/v2\/posts\/2303\/revisions"}],"predecessor-version":[{"id":2312,"href":"http:\/\/tvalaire.com\/index.php?rest_route=\/wp\/v2\/posts\/2303\/revisions\/2312"}],"wp:featuredmedia":[{"embeddable":true,"href":"http:\/\/tvalaire.com\/index.php?rest_route=\/wp\/v2\/media\/2306"}],"wp:attachment":[{"href":"http:\/\/tvalaire.com\/index.php?rest_route=%2Fwp%2Fv2%2Fmedia&parent=2303"}],"wp:term":[{"taxonomy":"category","embeddable":true,"href":"http:\/\/tvalaire.com\/index.php?rest_route=%2Fwp%2Fv2%2Fcategories&post=2303"},{"taxonomy":"post_tag","embeddable":true,"href":"http:\/\/tvalaire.com\/index.php?rest_route=%2Fwp%2Fv2%2Ftags&post=2303"}],"curies":[{"name":"wp","href":"https:\/\/api.w.org\/{rel}","templated":true}]}}